{"id":1017,"date":"2017-08-22T13:01:05","date_gmt":"2017-08-22T13:01:05","guid":{"rendered":"http:\/\/argentinatermal.com.ar\/?p=1017"},"modified":"2017-08-22T13:01:05","modified_gmt":"2017-08-22T13:01:05","slug":"villas-termales-de-espana-participaran-de-nuevo-en-termatalia","status":"publish","type":"post","link":"https:\/\/argentinatermal.com.ar\/?p=1017","title":{"rendered":"Villas Termales de Espa\u00f1a participar\u00e1n de nuevo en Termatalia"},"content":{"rendered":"<p>&gt;&gt; Contar\u00e1n con un stand institucional que tambi\u00e9n apoyar\u00e1 a las villas termales que participan de forma diferenciada<\/p>\n<p>&gt;&gt; Se trata de la Secci\u00f3n de Entidades Locales con Aguas Minero-Medicinales y Termales, constituida en el seno de la Federaci\u00f3n Espa\u00f1ola de Municipios y Provincias (FEMP)<\/p>\n<p>La Secci\u00f3n de Entidades Locales con Aguas Minero-Medicinales y Termales, Villas Termales, participar\u00e1 un a\u00f1o m\u00e1s en Termatalia para dar visibilidad a aquellas localidades espa\u00f1olas cuya actividad econ\u00f3mica gira en buena parte alrededor de su potencial termal. Se trata de una entidad asociada a la Federaci\u00f3n Espa\u00f1ola de Municipios y Provincias (FEMP).<\/p>\n<p>Contar\u00e1n con un stand desde el que promocionar el conjunto de Villas Termales de Espa\u00f1a (formado por un centenar) y apoyar\u00e1n la presencia de aquellas que han decidido destacar su presencia participando de forma individual como es el caso de Alhama de Murcia, Catoira (Pontevedra), o las distintas poblaciones incluidas en el Ribeiro Termal (Ourense). Adem\u00e1s, participar\u00e1n en el Encuentro Internacional de Ciudades y Villas Termales que se celebra el jueves 21 de septiembre y que est\u00e1 enmarcado en el XII Encuentro Internacional sobre Agua y Salud.<\/p>\n<p>Termatalia se ha consolidado como el marco adecuado para presentar la oferta y los proyectos de las Villas Termales y para facilitar reuniones e intercambios entre todos los agentes del sector, no s\u00f3lo a nivel nacional sino tambi\u00e9n internacional, lo que garantiza cada a\u00f1o un nuevo impulso para estos municipios y pone de manifiesto la importancia de tejer redes y lazos de colaboraci\u00f3n estables entre Ayuntamientos, Balnearios y Comunidades Aut\u00f3nomas, para el desarrollo del termalismo en todas sus vertientes, un esfuerzo que ya est\u00e1 demostrando muy buenos resultados.<\/p>\n<p>Villas Termales est\u00e1 presidida por la alcaldesa de Guitiriz (Lugo), Regina Pol\u00edn, y cuenta como vicepresidentes a los alcaldes de Panticosa, en Huesca y Alange, en Badajoz.<\/p>\n<p>Esta entidad organiza cada a\u00f1o un\u00a0 Encuentro de Villas Termales (el \u00faltimo en Caldas de Reis y Cuntis, en Pontevedra) en el que re\u00fanen representantes de estas entidades. Que abordan temas como las pol\u00edticas p\u00fablicas que se est\u00e1n desarrollando en algunos territorios donde colaboran diferentes administraciones, la legislaci\u00f3n que afecta a las entidades locales, las experiencias innovadoras que algunos establecimientos balnearios est\u00e1n poniendo en pr\u00e1ctica y los tratamientos y avances en hidrolog\u00eda m\u00e9dica que los expertos est\u00e1n desarrollando.<\/p>\n<p>Desde Villas Termales asumen el reto de aprovechar este recurso extraordinario que la Naturaleza les ha brindado, cuid\u00e1ndolo, mim\u00e1ndolo y protegi\u00e9ndolo intentando optimizar su potencial en torno a la salud, el bienestar, el turismo, el desarrollo econ\u00f3mico, etc.<\/p>\n<blockquote class=\"wp-embedded-content\" data-secret=\"Xrj4PGZ3U4\"><p><a href=\"https:\/\/www.termatalia.com\/\">Inicio<\/a><\/p><\/blockquote>\n<p><iframe class=\"wp-embedded-content\" sandbox=\"allow-scripts\" security=\"restricted\" style=\"position: absolute; clip: rect(1px, 1px, 1px, 1px);\" title=\"\u00abInicio\u00bb \u2014 Termatalia\" src=\"https:\/\/www.termatalia.com\/embed\/#?secret=82Ux40IQNC#?secret=Xrj4PGZ3U4\" data-secret=\"Xrj4PGZ3U4\" width=\"600\" height=\"338\" frameborder=\"0\" marginwidth=\"0\" marginheight=\"0\" scrolling=\"no\"><\/iframe><\/p>\n","protected":false},"excerpt":{"rendered":"<p>&gt;&gt; Contar\u00e1n con un stand institucional que tambi\u00e9n apoyar\u00e1 a las villas termales que participan de forma diferenciada &gt;&gt; Se trata de la Secci\u00f3n de Entidades Locales con Aguas Minero-Medicinales y Termales, constituida en el seno de la Federaci\u00f3n Espa\u00f1ola de Municipios y Provincias (FEMP) La Secci\u00f3n de Entidades Locales con Aguas Minero-Medicinales y Termales, [&hellip;]<\/p>\n","protected":false},"author":1,"featured_media":1018,"comment_status":"open","ping_status":"open","sticky":false,"template":"","format":"standard","meta":{"footnotes":""},"categories":[12],"tags":[],"class_list":["post-1017","post","type-post","status-publish","format-standard","has-post-thumbnail","hentry","category-internacionales"],"_links":{"self":[{"href":"https:\/\/argentinatermal.com.ar\/index.php?rest_route=\/wp\/v2\/posts\/1017","targetHints":{"allow":["GET"]}}],"collection":[{"href":"https:\/\/argentinatermal.com.ar\/index.php?rest_route=\/wp\/v2\/posts"}],"about":[{"href":"https:\/\/argentinatermal.com.ar\/index.php?rest_route=\/wp\/v2\/types\/post"}],"author":[{"embeddable":true,"href":"https:\/\/argentinatermal.com.ar\/index.php?rest_route=\/wp\/v2\/users\/1"}],"replies":[{"embeddable":true,"href":"https:\/\/argentinatermal.com.ar\/index.php?rest_route=%2Fwp%2Fv2%2Fcomments&post=1017"}],"version-history":[{"count":1,"href":"https:\/\/argentinatermal.com.ar\/index.php?rest_route=\/wp\/v2\/posts\/1017\/revisions"}],"predecessor-version":[{"id":1019,"href":"https:\/\/argentinatermal.com.ar\/index.php?rest_route=\/wp\/v2\/posts\/1017\/revisions\/1019"}],"wp:featuredmedia":[{"embeddable":true,"href":"https:\/\/argentinatermal.com.ar\/index.php?rest_route=\/wp\/v2\/media\/1018"}],"wp:attachment":[{"href":"https:\/\/argentinatermal.com.ar\/index.php?rest_route=%2Fwp%2Fv2%2Fmedia&parent=1017"}],"wp:term":[{"taxonomy":"category","embeddable":true,"href":"https:\/\/argentinatermal.com.ar\/index.php?rest_route=%2Fwp%2Fv2%2Fcategories&post=1017"},{"taxonomy":"post_tag","embeddable":true,"href":"https:\/\/argentinatermal.com.ar\/index.php?rest_route=%2Fwp%2Fv2%2Ftags&post=1017"}],"curies":[{"name":"wp","href":"https:\/\/api.w.org\/{rel}","templated":true}]}}