{"id":1023,"date":"2017-08-23T16:59:05","date_gmt":"2017-08-23T16:59:05","guid":{"rendered":"http:\/\/argentinatermal.com.ar\/?p=1023"},"modified":"2017-08-23T16:59:05","modified_gmt":"2017-08-23T16:59:05","slug":"termatalia-2017-conferencias","status":"publish","type":"post","link":"https:\/\/argentinatermal.com.ar\/?p=1023","title":{"rendered":"Termatalia 2017 Conferencias"},"content":{"rendered":"<p>De forma paralela a Termatalia se celebra el Encuentro Internacional sobre Agua y Salud que en 2017 celebrar\u00e1 su duod\u00e9cima edici\u00f3n.<\/p>\n<p>Se trata de una serie de foros y jornadas t\u00e9cnicas que abordan el sector desde una perspectiva multidisciplinar (tur\u00edstica, m\u00e9dica, ambiental, legal, econ\u00f3mica, etc.) que reunir\u00e1 a expertos procedentes de distintos pa\u00edses, lo que servir\u00e1 sin duda para poner en com\u00fan las experiencias y proyectos que se est\u00e1n llevando a cabo tanto en Europa como en Am\u00e9rica Latina o Asia.<\/p>\n<p><strong>Coste de inscripci\u00f3n: 50 \u20ac. Inscripciones en\u00a0<a href=\"mailto:termatalia@termatalia.com\">termatalia@termatalia.com<\/a><\/strong><\/p>\n<p><strong>JUEVES 21 DE SEPTIEMBRE &#8211; SESI\u00d3N DE MA\u00d1ANA<\/strong><\/p>\n<p><strong>Encuentro Internacional de Ciudades y Villas Termales.<\/strong><\/p>\n<ul>\n<li><strong>09:30<\/strong>\u00a0.-\u00a0<strong>Acto de Apertura.<\/strong><\/li>\n<li><strong>09:45<\/strong>\u00a0.-\u00a0<strong>Panel: Villas y ciudades termales, destinos sostenibles.<br \/>\n<\/strong>D. Jorge Pumar Tesouro. Concejal de Turismo y Termalismo del Ayuntamiento de Ourense.<br \/>\nD\u00f1a. Regina Pol\u00edn. Presidenta de la Secci\u00f3n Espa\u00f1ola de Municipios con Aguas Mineromedicinales- FEMP (Espa\u00f1a).<br \/>\nD. Giuseppe Bellandi. Presidente de la European Historic Thermal Towns Association (Italia).<\/li>\n<li><strong>10:45<\/strong>\u00a0.-\u00a0<strong>Conferencia sobre legislaci\u00f3n espa\u00f1ola e internacional aplicada a los recursos hidrotermales.<br \/>\n<\/strong>Ignacio Barriovero Mart\u00ednez. University of La Rioja (Espa\u00f1a).<\/li>\n<li><strong>11:15<\/strong>\u00a0.-\u00a0<strong>Panel sobre nuevos proyectos en ciudades termales y desarrollo sociecon\u00f3mico.<br \/>\n<\/strong>&#8211; Diego Conesa. Alcalde de la Alhama de Murcia. (Espa\u00f1a).<br \/>\n<strong>&#8211; Crear un nuevo motor econ\u00f3mico, capitalizando el enfoque creativo y cultural tailand\u00e9s. Caso de la ciudad termal de Klong Thom (Krabi- Tailandia).\u00a0<\/strong><br \/>\nDr. Thanan Apivantanaporn. Vicepresident.<br \/>\nMs. Sutthiwan Amattayakul. Senior expert.<br \/>\nDepartment of Institute for Small and Medium Enterprises Development (ISMED). Royal Thai Government.\u00a0<strong><br \/>\nExperiencias de Portugal y Brasil.<\/strong><\/li>\n<li><strong>12:15<\/strong>\u00a0.-\u00a0<strong>Fin de la sesi\u00f3n.<\/strong><\/li>\n<\/ul>\n<p><strong>JUEVES 21 DE SEPTIEMBRE &#8211; SESI\u00d3N DE TARDE<\/strong><\/p>\n<p><strong>Sesi\u00f3n cient\u00edfica sobre Hidrolog\u00eda M\u00e9dica.<\/strong><\/p>\n<p><strong>Colaboran: C\u00e1tedra de Hidrolog\u00eda M\u00e9dica USC- Balnearios y Real Academia de Medicina y Cirug\u00eda de Galicia.<br \/>\nPresenta y modera: Dr. Jos\u00e9 Ignacio Carro Otero. Presidente de la Real Academia de Medicina y Cirug\u00eda de Galicia.<\/strong><\/p>\n<p>Sesi\u00f3n de tarde<\/p>\n<ul>\n<li><strong>16:00<\/strong>\u00a0.-\u00a0<strong>Apertura y presentaci\u00f3n del Vadem\u00e9cum de las Aguas Mineromedicinales de Galicia y orientaci\u00f3n sobre las indicaciones terap\u00e9uticas de los balnearios gallegos.<\/strong><br \/>\nDr. D. Juan Jes\u00fas Gestal Otero. Director de la c\u00e1tedra de Hidrolog\u00eda USC- Balnearios de Galicia.<\/li>\n<li><strong>16:30<\/strong>\u00a0.-\u00a0<strong>Contribuci\u00f3n de la balneoterapia al Envejecimiento Activo, y la Implementaci\u00f3n de nuevos servicios.<br \/>\n<\/strong>Dra. Mar\u00eda Dolores Fern\u00e1ndez Marcos. Directora m\u00e9dico del Grupo Caldaria Hoteles y Balnearios.<br \/>\nDra. Laura G\u00f3mez San Miguel. Directora m\u00e9dico Balneario de Mondariz.<\/li>\n<li><strong>17:30<\/strong>\u00a0.- Pausa<\/li>\n<li><strong>17:40<\/strong>\u00a0.-\u00a0<strong>Panel de Trabajos de investigaci\u00f3n y aplicaciones pr\u00e1cticas de la Hidrolog\u00eda M\u00e9dica.<br \/>\n&#8211; Tratamiento del dolor a trav\u00e9s del termalismo social: percepciones de los Usuarios del \u201cSistema \u00danico de Sa\u00fade de Santo Amaro da Imperatriz\u201d.<br \/>\n<\/strong>Dra. L\u00edvia Drado y Prof. Fernando Hellman. Universidade Federal de Santa Catarina. Departamento de Sa\u00fade P\u00fablica (Brasil).<br \/>\n<strong>&#8211; Programa de Termalismo infantil. Copahue Kids. Ente de Termas del Neuqu\u00e9n (Argentina).<br \/>\n&#8211; Determinaci\u00f3n del rubidio en las aguas termales y mineromedicinales de la provincia de Ourense. Nuevos avances en el conocimiento de su posible uso terap\u00e9utico.<br \/>\n<\/strong>Dra. Mar\u00eda G. Souto Figueroa. Catedr\u00e1tica de F\u00edsica y Qu\u00edmica, Soci\u00e9t\u00e9 Fran\u00e7aise de Thermalisme et de Thalassoth\u00e9rapie pour la Sante Bucco- Dentaire.<br \/>\nDr. Antonio Freire Magari\u00f1os.Doctor especialista en Hidrolog\u00eda M\u00e9dica, M\u00e9dico Director del Balneario de \u00a0Augas Santas (Lugo) y del Balneario de \u00a0R\u00edo Pambre (Lugo).<\/li>\n<li><strong>18:40<\/strong>\u00a0.-\u00a0<strong>Termalismo y Prevenci\u00f3n de la Salud. Oportunidades y perspectivas en mercados internacionales.<br \/>\n<\/strong>Joachim Lieber. Presidente de \u201cQuality in Health Prevention e.V. (QuHeP)\u201d.<\/li>\n<li><strong>19:15<\/strong>\u00a0.-\u00a0<strong>Conclusiones.<\/strong><\/li>\n<li><strong>19:30<\/strong>\u00a0.-\u00a0<strong>Fin de la sesi\u00f3n.<\/strong><\/li>\n<\/ul>\n<p><strong>VIERNES, 22 DE SEPTIEMBRE- SESI\u00d3N DE MA\u00d1ANA<\/strong><\/p>\n<p><strong>Encuentro Internacional de Direcci\u00f3n y Gesti\u00f3n de Wellness<\/strong><\/p>\n<ul>\n<li><strong>09:15<\/strong>\u00a0.- Apertura.<\/li>\n<li><strong>09:30<\/strong>\u00a0.-\u00a0<strong>Bases del \u00e9xito: Dise\u00f1o conceptual, Filosof\u00eda y SOP.<br \/>\n<\/strong>C\u00e9sar Tejedor. CEO Massage Around the World (Espa\u00f1a).<\/li>\n<li><strong>10:05<\/strong>\u00a0.-\u00a0<strong>Capital humano: la inversi\u00f3n m\u00e1s importante de tu negocio.\u00a0<\/strong><br \/>\nEsperanza Abascal. Directora de Operaciones ejecutivas de Six Senses Spa (Espa\u00f1a-Tailandia).<\/li>\n<li><strong>10:40<\/strong>\u00a0.-\u00a0<strong>Gesti\u00f3n eficaz: claves para la rentabilidad de tu Centro.\u00a0<\/strong><br \/>\nJavier Su\u00e1rez. Fundador de Spa Management Spain (Espa\u00f1a-Portugal).<\/li>\n<li><strong>11:15<\/strong>\u00a0.- Descanso.<\/li>\n<li><strong>11:45<\/strong>\u00a0.-\u00a0<strong>Los Beneficios del \u00a0Wellness integrativo en su negocio.\u00a0<\/strong><br \/>\nAmy McDonald. CEO Under the Tree (USA).<\/li>\n<li><strong>12:20<\/strong>\u00a0.-\u00a0<strong>La medicina integrativa aplicada a centros termales y spa.\u00a0<\/strong><br \/>\nDr. Salvador Ramos Rey (Espa\u00f1a). Director M\u00e9dico Talaso Atl\u00e1ntico.<\/li>\n<li><strong>12:55<\/strong>\u00a0.-\u00a0<strong>El futuro del Wellness y el Termalismo.\u00a0<\/strong><br \/>\nL\u00e1szl\u00f3 Puczk\u00f3. Director RLA (Hungr\u00eda).<\/li>\n<li><strong>13:30<\/strong>\u00a0.-\u00a0<strong>Debate sobre la Situaci\u00f3n actual del Wellness: pasos a seguir para la integraci\u00f3n eficaz.\u00a0<\/strong><\/li>\n<\/ul>\n<p>Sesi\u00f3n de tarde<\/p>\n<ul>\n<li><strong>14:30<\/strong>\u00a0.- Fin de la sesi\u00f3n.<\/li>\n<\/ul>\n<p><strong>VIERNES 22 DE SEPTIEMBRE<\/strong><\/p>\n<p><strong>Sesi\u00f3n sobre Turismo, Innovaci\u00f3n y Sostenibilidad.<\/strong><\/p>\n<p>Sesi\u00f3n de tarde<\/p>\n<ul>\n<li><strong>16:00<\/strong>\u00a0.-\u00a0<strong>Destinos de Turismo de Salud y Bienestar en Espa\u00f1a y Portugal.<br \/>\n<\/strong>&#8211; Mamen Mart\u00ednez Mar\u00edn. Gerente Costa C\u00e1lida Cares y Secretaria Mesa de Turismo de la Regi\u00f3n de Murcia.<br \/>\n&#8211; Marca \u201cTermas Centro\u201d de Portugal. Guida Mendes. Coordinadora del proyecto.<br \/>\n&#8211; Proyecto \u201cRaia Termal\u201d. Confederaci\u00f3n Hidrogr\u00e1fica Mi\u00f1o-Sil, Diputaci\u00f3n Provincial de Ourense y C\u00e1maras Municipales de Melga\u00e7o y Terra de Bouro.<\/li>\n<li><strong>17:15<\/strong>\u00a0.-\u00a0<strong>Tradici\u00f3n e innovaci\u00f3n en Asia.<br \/>\nTurismo de Salud con aguas termales en Asia. Cultura, Historia, Tradici\u00f3n en Taiw\u00e1n, Korea, Jap\u00f3n y China.<\/strong><br \/>\nWindy Yang \u201cSpa Lady\u201d. Chief Advisor en \u201cGlobal Hotspring Power-Up Center\u201d y directora del programa especializado \u201cIchiban Onsen\u201d en CSBC Radio Broadcasting (Taiw\u00e1n).<strong><br \/>\nRecuperaci\u00f3n f\u00edsica y emocional a trav\u00e9s de la Gastronom\u00eda en el Turismo de Bienestar.\u00a0<\/strong>Andrew Jacka. Director de la Asia Pacific Spa &amp; Wellness Coalition. (Tailandia).<\/li>\n<li><strong>17:50<\/strong>\u00a0.- Pausa.<\/li>\n<li><strong>18:00<\/strong>\u00a0.-\u00a0<strong>Am\u00e9rica Latina. Construyendo una identidad termal propia.<br \/>\n<\/strong>&#8211; \u00abCircuitos Saludables del fin del Mundo (Argentina- Chile-Uruguay). Fernando Ariel Volij. Director de Caviahue Tours. World Saler Operator.<br \/>\n&#8211; Termalismo, bienestar y calidad de vida en Cuba. Servicios M\u00e9dicos Cubanos.<br \/>\n&#8211; Provincia de Entre R\u00edos (Argentina).<br \/>\n&#8211; Turismo de Salud y Turismo M\u00e9dico. Luis A. Prado (M\u00e9xico).<\/li>\n<li><strong>19:15<\/strong>\u00a0.-\u00a0<strong>Coloquio.<\/strong><\/li>\n<li><strong>19:30<\/strong>\u00a0.-\u00a0<strong>Fin de la sesi\u00f3n.<\/strong><\/li>\n<\/ul>\n","protected":false},"excerpt":{"rendered":"<p>De forma paralela a Termatalia se celebra el Encuentro Internacional sobre Agua y Salud que en 2017 celebrar\u00e1 su duod\u00e9cima edici\u00f3n. Se trata de una serie de foros y jornadas t\u00e9cnicas que abordan el sector desde una perspectiva multidisciplinar (tur\u00edstica, m\u00e9dica, ambiental, legal, econ\u00f3mica, etc.) que reunir\u00e1 a expertos procedentes de distintos pa\u00edses, lo que [&hellip;]<\/p>\n","protected":false},"author":1,"featured_media":1024,"comment_status":"open","ping_status":"open","sticky":false,"template":"","format":"standard","meta":{"footnotes":""},"categories":[29,12],"tags":[],"class_list":["post-1023","post","type-post","status-publish","format-standard","has-post-thumbnail","hentry","category-datos-utiles","category-internacionales"],"_links":{"self":[{"href":"https:\/\/argentinatermal.com.ar\/index.php?rest_route=\/wp\/v2\/posts\/1023","targetHints":{"allow":["GET"]}}],"collection":[{"href":"https:\/\/argentinatermal.com.ar\/index.php?rest_route=\/wp\/v2\/posts"}],"about":[{"href":"https:\/\/argentinatermal.com.ar\/index.php?rest_route=\/wp\/v2\/types\/post"}],"author":[{"embeddable":true,"href":"https:\/\/argentinatermal.com.ar\/index.php?rest_route=\/wp\/v2\/users\/1"}],"replies":[{"embeddable":true,"href":"https:\/\/argentinatermal.com.ar\/index.php?rest_route=%2Fwp%2Fv2%2Fcomments&post=1023"}],"version-history":[{"count":1,"href":"https:\/\/argentinatermal.com.ar\/index.php?rest_route=\/wp\/v2\/posts\/1023\/revisions"}],"predecessor-version":[{"id":1025,"href":"https:\/\/argentinatermal.com.ar\/index.php?rest_route=\/wp\/v2\/posts\/1023\/revisions\/1025"}],"wp:featuredmedia":[{"embeddable":true,"href":"https:\/\/argentinatermal.com.ar\/index.php?rest_route=\/wp\/v2\/media\/1024"}],"wp:attachment":[{"href":"https:\/\/argentinatermal.com.ar\/index.php?rest_route=%2Fwp%2Fv2%2Fmedia&parent=1023"}],"wp:term":[{"taxonomy":"category","embeddable":true,"href":"https:\/\/argentinatermal.com.ar\/index.php?rest_route=%2Fwp%2Fv2%2Fcategories&post=1023"},{"taxonomy":"post_tag","embeddable":true,"href":"https:\/\/argentinatermal.com.ar\/index.php?rest_route=%2Fwp%2Fv2%2Ftags&post=1023"}],"curies":[{"name":"wp","href":"https:\/\/api.w.org\/{rel}","templated":true}]}}