{"id":1066,"date":"2017-09-05T23:06:04","date_gmt":"2017-09-05T23:06:04","guid":{"rendered":"http:\/\/argentinatermal.com.ar\/?p=1066"},"modified":"2017-09-05T23:06:04","modified_gmt":"2017-09-05T23:06:04","slug":"el-comite-asesor-ultima-las-acciones-profesionales-de-termatalia-2017","status":"publish","type":"post","link":"https:\/\/argentinatermal.com.ar\/?p=1066","title":{"rendered":"El comit\u00e9 asesor ultima las acciones profesionales de Termatalia 2017"},"content":{"rendered":"<ul>\n<li class=\"subtit\"><strong>&gt;&gt; La Bolsa de Contrataci\u00f3n contar\u00e1 con la participaci\u00f3n de una treintena de TT.OO. de Europa, Asia y Am\u00e9rica Latina, lo que ampl\u00eda las posibilidades de negocio de las entidades y empresas expositoras de esta edici\u00f3n.<\/strong>\n<div>Una quincena de expertos en distintos \u00e1mbitos del turismo de salud se reuni\u00f3 esta ma\u00f1ana en Expourense para ultimar las acciones profesionales y conocer al detalle el que ser\u00e1 el programa de actividades de Termatalia 2017, la Feria Internacional de Turismo Termal, Salud y Bienestar que se celebrar\u00e1 en el recinto ferial ourensano los d\u00edas 21 y 22 de septiembre.<\/div>\n<div><\/div>\n<div>Entre las acciones de negocio de la pr\u00f3xima edici\u00f3n destaca la Bolsa de Contrataci\u00f3n Tur\u00edstica que reunir\u00e1 a m\u00e1s de 30 mayoristas de viajes de Europa, Am\u00e9rica Latina y Asia. La presencia en feria de los touroperadores abrir\u00e1 nuevas oportunidades de negocio a las entidades y empresas gallegas que participan en feria, as\u00ed como al resto de expositores, que podr\u00e1n promocionar sus productos tur\u00edsticos vinculados a la salud y al bienestar.<\/div>\n<div><\/div>\n<div>Durante esta reuni\u00f3n del comit\u00e9 asesor tambi\u00e9n fue presentado el cronograma de actividades de la feria y las acciones que convocar\u00e1n al p\u00fablico, tanto profesionales como prescriptores finales.<\/div>\n<div><\/div>\n<div>Estas actividades est\u00e1n enmarcadas en la denominada \u201cSemana Termatalia\u201d, ya que las actividades profesionales comenzar\u00e1n ya el lunes 18 de septiembre con la organizaci\u00f3n de cursos de capacitaci\u00f3n profesional dirigidos a las distintas delegaciones extranjeras que vayan a participar en la feria. Estos cursos se celebrar\u00e1n lunes y martes e incluir\u00e1n la visita a distintos centros termales de Galicia. Habr\u00e1 7 cursos m\u00e1s de capacitaci\u00f3n que se podr\u00e1n realizar los d\u00edas 20, 21 y 22 de septiembre.<\/div>\n<div><\/div>\n<div>El mi\u00e9rcoles 20 de septiembre dar\u00e1 comienzo el II Symposium sobre Termalismo y Calidad de Vida (STCV-II) que lidera el Campus del Agua de la Universidad de Vigo en colaboraci\u00f3n con otras entidades como Termatalia, la Diputaci\u00f3n provincial de Ourense o el Ayuntamiento de Ourense. Este evento cient\u00edfico durar\u00e1 dos d\u00edas, coincidiendo el \u00faltimo de ellos con la jornada inaugural de Termatalia que se celebrar\u00e1 los d\u00edas 21 y 22 de septiembre. El s\u00e1bado 23 ser\u00e1 el d\u00eda reservado a las rutas termales por Galicia y norte de Portugal, que permitir\u00e1n que profesionales de m\u00e1s de 30 pa\u00edses puedan conocer in situ la riqueza termal y las instalaciones de los balnearios gallegos, lo que contribuir\u00e1 a la proyecci\u00f3n de esta comunidad como l\u00edder en Turismo Termal en Espa\u00f1a.<\/div>\n<div><\/div>\n<div>A la \u00faltima reuni\u00f3n del comit\u00e9 asesor de Termatalia 2017 asistieron: la directora de Promoci\u00f3n de la Agencia de Turismo de Galicia, Carmen Pita; \u00a0el vicerrector de la Universidad de Vigo, Virxilio Rodr\u00edguez; la t\u00e9cnico de Termalismo del Ayuntamiento de Ourense, Nita Torres; el jefe de servicio de la delegaci\u00f3n territorial del ICEX en Galicia, Jos\u00e9 S\u00e1nchez; los profesores de la Facultad de Empresariales y Turismo del campus de Ourense \u2013 Universidad de Vigo, Elisa Al\u00e9n y Jos\u00e9 Antonio Fraiz; la doctora en Ciencias Qu\u00edmicas, Marita Souto; el gerente de Gala Termal, Antonio Freire; el director general de Yu Travel, Jes\u00fas Ares; el representante de Caldaria, Rafael Lua\u00f1a; el vocal del Cl\u00faster de Turismo de Galicia en Ourense, Ovidio Fern\u00e1ndez; de la C\u00e1mara de Comercio de Ourense, Rogelio Mart\u00ednez; de la Conseller\u00eda de sanidade, Mar\u00eda Villar; de Peloides Termales, Jos\u00e9 Luis Legido, y de AGATUR, Manuel S\u00e1nchez.<\/div>\n<\/li>\n<li>Fuente: www.termatalia.com<\/li>\n<\/ul>\n","protected":false},"excerpt":{"rendered":"<p>&gt;&gt; La Bolsa de Contrataci\u00f3n contar\u00e1 con la participaci\u00f3n de una treintena de TT.OO. de Europa, Asia y Am\u00e9rica Latina, lo que ampl\u00eda las posibilidades de negocio de las entidades y empresas expositoras de esta edici\u00f3n. Una quincena de expertos en distintos \u00e1mbitos del turismo de salud se reuni\u00f3 esta ma\u00f1ana en Expourense para ultimar [&hellip;]<\/p>\n","protected":false},"author":1,"featured_media":1067,"comment_status":"open","ping_status":"open","sticky":false,"template":"","format":"standard","meta":{"footnotes":""},"categories":[12],"tags":[],"class_list":["post-1066","post","type-post","status-publish","format-standard","has-post-thumbnail","hentry","category-internacionales"],"_links":{"self":[{"href":"https:\/\/argentinatermal.com.ar\/index.php?rest_route=\/wp\/v2\/posts\/1066","targetHints":{"allow":["GET"]}}],"collection":[{"href":"https:\/\/argentinatermal.com.ar\/index.php?rest_route=\/wp\/v2\/posts"}],"about":[{"href":"https:\/\/argentinatermal.com.ar\/index.php?rest_route=\/wp\/v2\/types\/post"}],"author":[{"embeddable":true,"href":"https:\/\/argentinatermal.com.ar\/index.php?rest_route=\/wp\/v2\/users\/1"}],"replies":[{"embeddable":true,"href":"https:\/\/argentinatermal.com.ar\/index.php?rest_route=%2Fwp%2Fv2%2Fcomments&post=1066"}],"version-history":[{"count":1,"href":"https:\/\/argentinatermal.com.ar\/index.php?rest_route=\/wp\/v2\/posts\/1066\/revisions"}],"predecessor-version":[{"id":1068,"href":"https:\/\/argentinatermal.com.ar\/index.php?rest_route=\/wp\/v2\/posts\/1066\/revisions\/1068"}],"wp:featuredmedia":[{"embeddable":true,"href":"https:\/\/argentinatermal.com.ar\/index.php?rest_route=\/wp\/v2\/media\/1067"}],"wp:attachment":[{"href":"https:\/\/argentinatermal.com.ar\/index.php?rest_route=%2Fwp%2Fv2%2Fmedia&parent=1066"}],"wp:term":[{"taxonomy":"category","embeddable":true,"href":"https:\/\/argentinatermal.com.ar\/index.php?rest_route=%2Fwp%2Fv2%2Fcategories&post=1066"},{"taxonomy":"post_tag","embeddable":true,"href":"https:\/\/argentinatermal.com.ar\/index.php?rest_route=%2Fwp%2Fv2%2Ftags&post=1066"}],"curies":[{"name":"wp","href":"https:\/\/api.w.org\/{rel}","templated":true}]}}