{"id":1070,"date":"2017-09-07T19:51:45","date_gmt":"2017-09-07T19:51:45","guid":{"rendered":"http:\/\/argentinatermal.com.ar\/?p=1070"},"modified":"2017-09-07T19:51:45","modified_gmt":"2017-09-07T19:51:45","slug":"la-doctora-patricia-hernandez-impartira-un-taller-de-capacitacion-sobre-tratamientos-faciales-en-termatalia","status":"publish","type":"post","link":"https:\/\/argentinatermal.com.ar\/?p=1070","title":{"rendered":"La Doctora Patricia Hern\u00e1ndez impartir\u00e1 un taller de capacitaci\u00f3n sobre tratamientos faciales en Termatalia"},"content":{"rendered":"<div><em>&gt;&gt; El curso estar\u00e1 orientado a los profesionales de centros de est\u00e9tica y spa.<\/em><\/div>\n<div><\/div>\n<div><em>&gt;&gt; Se celebrar\u00e1 en las instalaciones de la Universidad Aut\u00f3noma de Coahuila el s\u00e1bado 1 de octubre en horario de 10 a 14.00 h. y de 15 a 17.00 horas.<\/em><\/div>\n<div>\n<div>La Feria Internacional Termatalia vuelve, un a\u00f1o m\u00e1s, a elaborar un amplio programa formativo y de \u00a0capacitaci\u00f3n para profesionales del sector de la est\u00e9tica. En esta ocasi\u00f3n, la reconocida m\u00e9dica cirujana Patricia Hern\u00e1ndez impartir\u00e1 un taller sobre \u201cTratamientos faciales poco invasivos\u201d el s\u00e1bado 1 de octubre en horario de ma\u00f1ana y de tarde, y que estar\u00e1 orientado a m\u00e9dicos, esteticistas, terapeutas, cosmet\u00f3logos y propietarios de centros termales.<\/div>\n<div><\/div>\n<div>El contenido del curso estar\u00e1 dividido en cinco m\u00f3dulos tem\u00e1ticos en los que las personas interesadas en cursarlo aprender\u00e1n sobre: Diagn\u00f3stico; Aplicaciones y Recomendaciones con Dermo-cosm\u00e9tica de \u00daltima Generaci\u00f3n; Bioestimulaci\u00f3n Facial con Factores de Crecimiento Ant\u00f3logos; Aplicaci\u00f3n de toxina botul\u00ednica tipo \u201cA\u201d con T\u00e9cnica de Fresh Look; Aplicaci\u00f3n de Implantes D\u00e9rmicos.<\/div>\n<div><\/div>\n<div>\n<div>Adem\u00e1s de impartir este taller, la Dra. Patricia Hern\u00e1ndez participar\u00e1 en el XI Encuentro Internacional sobre Agua y Termalismo con una conferencia sobre \u201cAguas termales, el elixir de la juventud en la piel\u201d. Dicha disertaci\u00f3n se har\u00e1 durante la sesi\u00f3n matutina del d\u00eda 29 de septiembre de Hidrolog\u00eda e Hidroterapia M\u00e9dica.<\/div>\n<div><\/div>\n<div>Patricia Hern\u00e1ndez es M\u00e9dica Cirujana en Est\u00e9tica por la Universidad Nacional Aut\u00f3noma de M\u00e9xico, Profesora Titulada de Cosmiatria Facial y Terapias Spa\u00b4s \u00a0por U.F.R.A. M\u00e9xico. Adem\u00e1s es Presidenta Honoraria de la Asociaci\u00f3n Latinoamericana de Spa. Ha participado como conferencista \u00a0Conferencista Titular \u00a0del evento Expospa, en todas sus ediciones desde el 2004, tratando temas diversos de Medicina Est\u00e9tica. Ha formado parte en el panel de disertantes del Congreso Internacional de Turismo de Salud de Portugal en 2011; adem\u00e1s, ha impartido el Curso &#8211; Taller de Actualizaci\u00f3n de Medicina Est\u00e9tica en Venezuela en 2012.<\/div>\n<div><\/div>\n<div>Entre sus publicaciones destaca la elaboraci\u00f3n \u00a0del \u00a0Concepto \u00a0Corporativo \u00a0Mundo Cosm\u00e9dica y la elaboraci\u00f3n \u00a0 de Manuales de procedimientos y Pol\u00edticas \u00a0para el Spa Medico \u00a0\u201cMundo Cosm\u00e9dica\u201d. Ha recibido la distinci\u00f3n de Embajadora de M\u00e9xico ante Aesthetics International Association y como enlace Mundial de Est\u00e9tica y Belleza Hispano.<\/div>\n<div><\/div>\n<div>M\u00e1s informaci\u00f3n en la secci\u00f3n de cursos y conferencias.<\/div>\n<div>www.termatalia.com<\/div>\n<\/div>\n<\/div>\n","protected":false},"excerpt":{"rendered":"<p>&gt;&gt; El curso estar\u00e1 orientado a los profesionales de centros de est\u00e9tica y spa. &gt;&gt; Se celebrar\u00e1 en las instalaciones de la Universidad Aut\u00f3noma de Coahuila el s\u00e1bado 1 de octubre en horario de 10 a 14.00 h. y de 15 a 17.00 horas. La Feria Internacional Termatalia vuelve, un a\u00f1o m\u00e1s, a elaborar un [&hellip;]<\/p>\n","protected":false},"author":1,"featured_media":1071,"comment_status":"open","ping_status":"open","sticky":false,"template":"","format":"standard","meta":{"footnotes":""},"categories":[12,15],"tags":[],"class_list":["post-1070","post","type-post","status-publish","format-standard","has-post-thumbnail","hentry","category-internacionales","category-turismo-de-bienestar"],"_links":{"self":[{"href":"https:\/\/argentinatermal.com.ar\/index.php?rest_route=\/wp\/v2\/posts\/1070","targetHints":{"allow":["GET"]}}],"collection":[{"href":"https:\/\/argentinatermal.com.ar\/index.php?rest_route=\/wp\/v2\/posts"}],"about":[{"href":"https:\/\/argentinatermal.com.ar\/index.php?rest_route=\/wp\/v2\/types\/post"}],"author":[{"embeddable":true,"href":"https:\/\/argentinatermal.com.ar\/index.php?rest_route=\/wp\/v2\/users\/1"}],"replies":[{"embeddable":true,"href":"https:\/\/argentinatermal.com.ar\/index.php?rest_route=%2Fwp%2Fv2%2Fcomments&post=1070"}],"version-history":[{"count":1,"href":"https:\/\/argentinatermal.com.ar\/index.php?rest_route=\/wp\/v2\/posts\/1070\/revisions"}],"predecessor-version":[{"id":1072,"href":"https:\/\/argentinatermal.com.ar\/index.php?rest_route=\/wp\/v2\/posts\/1070\/revisions\/1072"}],"wp:featuredmedia":[{"embeddable":true,"href":"https:\/\/argentinatermal.com.ar\/index.php?rest_route=\/wp\/v2\/media\/1071"}],"wp:attachment":[{"href":"https:\/\/argentinatermal.com.ar\/index.php?rest_route=%2Fwp%2Fv2%2Fmedia&parent=1070"}],"wp:term":[{"taxonomy":"category","embeddable":true,"href":"https:\/\/argentinatermal.com.ar\/index.php?rest_route=%2Fwp%2Fv2%2Fcategories&post=1070"},{"taxonomy":"post_tag","embeddable":true,"href":"https:\/\/argentinatermal.com.ar\/index.php?rest_route=%2Fwp%2Fv2%2Ftags&post=1070"}],"curies":[{"name":"wp","href":"https:\/\/api.w.org\/{rel}","templated":true}]}}