{"id":1079,"date":"2017-09-11T23:29:52","date_gmt":"2017-09-11T23:29:52","guid":{"rendered":"http:\/\/argentinatermal.com.ar\/?p=1079"},"modified":"2017-09-11T23:29:57","modified_gmt":"2017-09-11T23:29:57","slug":"el-proyecto-raia-termal-sera-presentado-en-termatalia-2017","status":"publish","type":"post","link":"https:\/\/argentinatermal.com.ar\/?p=1079","title":{"rendered":"El proyecto \u00abRaia Termal\u00bb ser\u00e1 presentado en Termatalia 2017"},"content":{"rendered":"<div>&gt;&gt; Su objetivo es convertir la zona transfronteriza, ligada a los tramos internacionales de los r\u00edos Mi\u00f1o y Limia, en referente de turismo termal, naturaleza y cultural<\/div>\n<div><\/div>\n<div>&gt;&gt; Est\u00e1 promovido por instituciones espa\u00f1olas (Confederaci\u00f3n Hidrogr\u00e1fica del Mi\u00f1o-Sil y Diputaci\u00f3n de Ourense) y portuguesas (C\u00e1maras Municipales de Melga\u00e7o y Terras de Bouro) y nace con un posicionamiento claro en apoyo del desarrollo del sector tur\u00edstico basado en la potenciaci\u00f3n de los recursos termales<\/div>\n<div><\/div>\n<div>&gt;&gt; La presentaci\u00f3n tendr\u00e1 lugar el jueves 21 a las 11.15 h. en el marco del Encuentro Internacional de Ciudades y Villas termales<\/div>\n<div><\/div>\n<div>\n<div>Recientemente ha sido aprobado el proyecto \u201cRAIA TERMAL\u201d, presentado al programa operativo de cooperaci\u00f3n transfronteriza Espa\u00f1a\u2013Portugal (POCTEP) 2014-2020 que tiene como principal objetivo el convertir la zona transfronteriza, ligada a los tramos internacionales de los r\u00edos Mi\u00f1o y Limia, en referente de turismo termal, de naturaleza y cultural.<\/div>\n<div><\/div>\n<div>Este proyecto contempla el dise\u00f1o de una oferta de itinerarios y productos excelsos con los que se pretende integrar el termalismo con los recursos naturales y culturales asociados a ambos lados de la frontera, con una estrategia tur\u00edstica \u00fanica y com\u00fan para todo el territorio.<\/div>\n<div><\/div>\n<div>Promovido por instituciones espa\u00f1olas (Confederaci\u00f3n Hidrogr\u00e1fica del Mi\u00f1o-Sil y Diputaci\u00f3n de Ourense) y portuguesas (C\u00e1maras Municipales de Melga\u00e7o y Terras de Bouro), nace con un posicionamiento claro en apoyo del desarrollo del sector tur\u00edstico basado en la potenciaci\u00f3n de los recursos termales.<\/div>\n<div><\/div>\n<div>Con RAIA TERMAL las administraciones de ambos pa\u00edses han aunado esfuerzos para intentar crear una estructura de gesti\u00f3n transfronteriza con el fin de coordinar estrategias y acciones de promoci\u00f3n y comercializaci\u00f3n de un Destino Tur\u00edstico Termal \u00fanico.<\/div>\n<div><\/div>\n<div>En los \u00faltimos a\u00f1os, en el territorio que abarca RAIA TERMAL se han realizado actuaciones que complementan la finalidad del proyecto; en este sentido, los municipios de Bande, Cortegada, Lobios y Mui\u00f1os han mejorado sus instalaciones, tanto balnearias como de ocio (nuevo balneario de Cortegada inaugurado en 2015, construcci\u00f3n de nuevas piscinas termales en Bande\u2026.), e inician el camino para la promoci\u00f3n tur\u00edstica de sus recursos termales y de naturaleza.<\/div>\n<div><\/div>\n<div>Por su parte, la Diputaci\u00f3n de Ourense est\u00e1 liderando el Plan de Turismo Termal para la provincia de Ourense y el Programa Tren Balnearios, en colaboraci\u00f3n con RENFE, para ofrecer paquetes tur\u00edsticos asequibles, y la Confederaci\u00f3n Hidrogr\u00e1fica del Mi\u00f1o-Sil ha ejecutado proyectos que contribuyen a dinamizar la econom\u00eda ligada al uso del agua en los municipios de su demarcaci\u00f3n.<\/div>\n<div><\/div>\n<div>En territorio del vecino Portugal, la C\u00e1mara Municipal de Melga\u00e7o ha realizado mejoras en las infraestructuras de las Termas do Peso y necesita nuevas actuaciones de mejora en su entorno, y la C\u00e1mara Municipal de Terras de Bouro ha potenciado y realizado actuaciones que mejoran su oferta tur\u00edstica basada en el termalismo, la naturaleza y la etnograf\u00eda, aprovechando la existencia del parque G\u00eares-Xures.<\/div>\n<div><b>\u00a0<\/b><\/div>\n<div><b>\u00c1mbito territorial del Proyecto \u201cRaia Termal\u201d<\/b><\/div>\n<div><\/div>\n<div>Con el \u00e1nimo de mantener y complementar la cultura ligada a las \u00e1reas termales y teniendo en cuenta la existencia de fondos europeos para la cooperaci\u00f3n transfronteriza, nos ha animado a presentar al programa POCTEP una candidatura que ha contado con la implicaci\u00f3n y el esfuerzo de sus beneficiarios, patentes en la multitud de reuniones de preparaci\u00f3n celebradas, incluida una jornada organizada en Melga\u00e7o bajo el t\u00edtulo, \u00a0\u201cRaia Termal: un destino dos Pa\u00edses\u201d, y que ha obtenido sus frutos con su reciente aprobaci\u00f3n. Ahora mismo ya estamos dando los primeros pasos en la ejecuci\u00f3n del proyecto.<\/div>\n<div><\/div>\n<div>Teniendo en cuenta la complejidad del \u201cRaia Termal\u201d, el n\u00famero de socios y el marco temporal de ejecuci\u00f3n, que se estima en 36 meses, el proyecto se sit\u00faa en los 2,66 millones de euros, de los cuales un 75% ser\u00e1 cofinanciado por el FEDER.<\/div>\n<div>Esta inversi\u00f3n se puede dividir por ejes de actuaci\u00f3n, y lo cierto es que, a un primer nivel, tiene una gran importancia el montante a emplear en bienes\/servicios inmateriales pero sin olvidarse de las obras. Como ejemplo de inversiones del primer tipo est\u00e1n: la redacci\u00f3n de una hoja de ruta propia para el impulso del termalismo en la zona, la organizaci\u00f3n de un evento internacional sobre el tema, el dise\u00f1o de un modelo de gesti\u00f3n y explotaci\u00f3n de \u201cpozas\u201d, o la definici\u00f3n de productos tur\u00edsticos transfronterizos segmentados, en colaboraci\u00f3n con los agentes de la zona, que combinen alojamiento y oferta complementaria a ambos lados de la frontera.<\/div>\n<div><\/div>\n<div>Como ejemplo de obras contempladas dentro de la actuaciones proyectadas se pueden citar: la construcci\u00f3n de un \u00e1rea de autocaravanas en Bande, la de varias piscinas termales al aire libre ligadas al balneario en Cortegada, la de un azud desmontable en el r\u00edo Caldo, al lado del balneario de Lobios, la creaci\u00f3n de un parque fitness en las Termas de Melga\u00e7o, la construcci\u00f3n de senderos en la zona de O Corgo &#8211; Mui\u00f1os, o la recuperaci\u00f3n, mejora y acondicionamiento de la ribera del r\u00edo Ger\u00eas a su paso por la Vila do Ger\u00eas, en Terras de Bouro.<\/div>\n<div><\/div>\n<div>Las Administraciones implicadas en el proyecto RAIA TERMAL somos conscientes de que el esfuerzo com\u00fan nos hace m\u00e1s fuertes y consideramos que este es el camino \u00a0para conseguir un geoespacio transfronterizo de referencia, por ello, seguiremos trabajando sin escatimar esfuerzos para la puesta en valor de nuestros recursos termales y de naturaleza.<\/div>\n<div>Fuente: www.termatalia.com<\/div>\n<\/div>\n","protected":false},"excerpt":{"rendered":"<p>&gt;&gt; Su objetivo es convertir la zona transfronteriza, ligada a los tramos internacionales de los r\u00edos Mi\u00f1o y Limia, en referente de turismo termal, naturaleza y cultural &gt;&gt; Est\u00e1 promovido por instituciones espa\u00f1olas (Confederaci\u00f3n Hidrogr\u00e1fica del Mi\u00f1o-Sil y Diputaci\u00f3n de Ourense) y portuguesas (C\u00e1maras Municipales de Melga\u00e7o y Terras de Bouro) y nace con un [&hellip;]<\/p>\n","protected":false},"author":1,"featured_media":1080,"comment_status":"open","ping_status":"open","sticky":false,"template":"","format":"standard","meta":{"footnotes":""},"categories":[12,17],"tags":[],"class_list":["post-1079","post","type-post","status-publish","format-standard","has-post-thumbnail","hentry","category-internacionales","category-turismo-termal"],"_links":{"self":[{"href":"https:\/\/argentinatermal.com.ar\/index.php?rest_route=\/wp\/v2\/posts\/1079","targetHints":{"allow":["GET"]}}],"collection":[{"href":"https:\/\/argentinatermal.com.ar\/index.php?rest_route=\/wp\/v2\/posts"}],"about":[{"href":"https:\/\/argentinatermal.com.ar\/index.php?rest_route=\/wp\/v2\/types\/post"}],"author":[{"embeddable":true,"href":"https:\/\/argentinatermal.com.ar\/index.php?rest_route=\/wp\/v2\/users\/1"}],"replies":[{"embeddable":true,"href":"https:\/\/argentinatermal.com.ar\/index.php?rest_route=%2Fwp%2Fv2%2Fcomments&post=1079"}],"version-history":[{"count":1,"href":"https:\/\/argentinatermal.com.ar\/index.php?rest_route=\/wp\/v2\/posts\/1079\/revisions"}],"predecessor-version":[{"id":1081,"href":"https:\/\/argentinatermal.com.ar\/index.php?rest_route=\/wp\/v2\/posts\/1079\/revisions\/1081"}],"wp:featuredmedia":[{"embeddable":true,"href":"https:\/\/argentinatermal.com.ar\/index.php?rest_route=\/wp\/v2\/media\/1080"}],"wp:attachment":[{"href":"https:\/\/argentinatermal.com.ar\/index.php?rest_route=%2Fwp%2Fv2%2Fmedia&parent=1079"}],"wp:term":[{"taxonomy":"category","embeddable":true,"href":"https:\/\/argentinatermal.com.ar\/index.php?rest_route=%2Fwp%2Fv2%2Fcategories&post=1079"},{"taxonomy":"post_tag","embeddable":true,"href":"https:\/\/argentinatermal.com.ar\/index.php?rest_route=%2Fwp%2Fv2%2Ftags&post=1079"}],"curies":[{"name":"wp","href":"https:\/\/api.w.org\/{rel}","templated":true}]}}