{"id":10889,"date":"2025-08-22T09:56:01","date_gmt":"2025-08-22T12:56:01","guid":{"rendered":"https:\/\/argentinatermal.com.ar\/?p=10889"},"modified":"2025-08-22T10:01:26","modified_gmt":"2025-08-22T13:01:26","slug":"llega-la-tercera-edicion-de-termatalia-lite-agua-viva-cuerpo-consciente","status":"publish","type":"post","link":"https:\/\/argentinatermal.com.ar\/?p=10889","title":{"rendered":"Llega la tercera edici\u00f3n de Termatalia Lite: \u201cAgua Viva, Cuerpo Consciente\u201d"},"content":{"rendered":"\n<p><strong>Tendr\u00e1 lugar el jueves 28 de agosto (10 am \u2013 M\u00e9xico , 11 am \u2013 Colombia, 6 pm \u2013 Uni\u00f3n Europea) y contar\u00e1 con la participaci\u00f3n de expertos en turismo de salud de Argentina, Colombia, Espa\u00f1a y M\u00e9xico<\/strong><\/p>\n\n\n\n<p><strong>Esta acci\u00f3n formativa se impartir\u00e1 exclusivamente on line de forma abierta y gratuita a trav\u00e9s de la plataforma ZOOM (Meeting ID: 878 7159 6841 \/ Pass code: 955515)<\/strong><\/p>\n\n\n<div class=\"wp-block-image\">\n<figure class=\"alignright size-large is-resized\"><a href=\"https:\/\/www.unrn.edu.ar\/eventos\/-2708\" target=\"_blank\" rel=\" noreferrer noopener\"><img decoding=\"async\" width=\"723\" height=\"1024\" src=\"https:\/\/argentinatermal.com.ar\/wp-content\/uploads\/2025\/07\/neua-723x1024.jpg\" alt=\"\" class=\"wp-image-9815\" style=\"width:291px;height:auto\" srcset=\"https:\/\/argentinatermal.com.ar\/wp-content\/uploads\/2025\/07\/neua-723x1024.jpg 723w, https:\/\/argentinatermal.com.ar\/wp-content\/uploads\/2025\/07\/neua-212x300.jpg 212w, https:\/\/argentinatermal.com.ar\/wp-content\/uploads\/2025\/07\/neua-768x1087.jpg 768w, https:\/\/argentinatermal.com.ar\/wp-content\/uploads\/2025\/07\/neua-696x985.jpg 696w, https:\/\/argentinatermal.com.ar\/wp-content\/uploads\/2025\/07\/neua-297x420.jpg 297w, https:\/\/argentinatermal.com.ar\/wp-content\/uploads\/2025\/07\/neua-320x453.jpg 320w, https:\/\/argentinatermal.com.ar\/wp-content\/uploads\/2025\/07\/neua-480x680.jpg 480w, https:\/\/argentinatermal.com.ar\/wp-content\/uploads\/2025\/07\/neua-800x1133.jpg 800w, https:\/\/argentinatermal.com.ar\/wp-content\/uploads\/2025\/07\/neua.jpg 904w\" sizes=\"(max-width: 723px) 100vw, 723px\" \/><\/a><figcaption class=\"wp-element-caption\"><em><sup><mark class=\"has-inline-color has-vivid-green-cyan-color\">Publicidad<\/mark><\/sup><\/em> <\/figcaption><\/figure>\n<\/div>\n\n\n<p>Termatalia Lite es el formato virtual e interactivo de la Feria Internacional de Turismo Termal, Salud y Bienestar. Su objetivo es mantener viva la conexi\u00f3n entre profesionales, expertos y p\u00fablico general, creando un puente de conocimiento entre las ediciones presenciales.<\/p>\n\n\n\n<p>En esta tercera edici\u00f3n, Termatalia Lite 3 se presenta como un espacio para reflexionar, inspirar y descubrir c\u00f3mo el termalismo no es solo un ba\u00f1o en aguas calientes, sino un ecosistema de salud, bienestar, desarrollo econ\u00f3mico e innovaci\u00f3n.<\/p>\n\n\n\n<p>Concepto: \u201cAgua Viva, Cuerpo Consciente\u201d El lema de este a\u00f1o invita a mirar el agua termal desde una perspectiva integral:<\/p>\n\n\n\n<ul class=\"wp-block-list\">\n<li>Agua Viva: recurso geotermal cargado de minerales y energ\u00eda natural, s\u00edmbolo de salud, cultura y vida.<\/li>\n\n\n\n<li>Cuerpo Consciente: visi\u00f3n del cuerpo como un territorio que requiere atenci\u00f3n, cuidado y conexi\u00f3n con el entorno.<\/li>\n<\/ul>\n\n\n\n<p>Este enfoque integra la ciencia, la experiencia sensorial, la terapia m\u00e9dica, la innovaci\u00f3n empresarial y la sostenibilidad, mostrando que el termalismo es capaz de transformar vidas y comunidades.<\/p>\n\n\n\n<p>Por qu\u00e9 este orden de conferencias<\/p>\n\n\n\n<p>El programa est\u00e1 dise\u00f1ado como un viaje tem\u00e1tico:<\/p>\n\n\n\n<ol class=\"wp-block-list\">\n<li>Visi\u00f3n global y estrat\u00e9gica: iniciamos con la relaci\u00f3n entre el turismo wellness y el termalismo, para situar al p\u00fablico en el mapa internacional.<\/li>\n\n\n\n<li>El agua como recurso vital y seguro: pasamos a la importancia del agua termal potable, su seguridad y atractivo.<\/li>\n\n\n\n<li>Interacci\u00f3n y di\u00e1logo: un panel de opini\u00f3n para intercambiar ideas y conectar experiencias.<\/li>\n\n\n\n<li>Aplicaciones terap\u00e9uticas especializadas: casos de \u00e9xito en terapias acu\u00e1ticas para p\u00fablicos espec\u00edficos. 5. Innovaci\u00f3n y futuro: cerramos con una mirada inspiradora sobre c\u00f3mo ir m\u00e1s all\u00e1 del agua y generar experiencias transformadoras.<\/li>\n<\/ol>\n\n\n\n<p><strong>&nbsp;Programa Acad\u00e9mico (Hora de Colombia)<\/strong><\/p>\n\n\n\n<p>11:00 \u2013 11:10 am.&nbsp;<strong>Palabras de bienvenida \u2013 Autoridades de Termatalia.<\/strong><\/p>\n\n\n\n<p>11:10 \u2013 11:20 am.&nbsp;<strong>Presentaci\u00f3n del concepto \u201cAgua Viva, Cuerpo Consciente\u201d \u2013 Explicaci\u00f3n del lema, objetivos y ejes tem\u00e1ticos.<\/strong><\/p>\n\n\n\n<p>11:20 \u2013 11:40 am.&nbsp;<strong>Turismo Wellness y Termalismo: \u00bfDe qu\u00e9 manera conviven ambas industrias?<\/strong>Ponente: Dr. Ram\u00f3n de la Rosa (Mexico).<\/p>\n\n\n\n<p>An\u00e1lisis de c\u00f3mo el turismo wellness y el termalismo se complementan, potenciando destinos y servicios. Estrategias de integraci\u00f3n y casos internacionales exitosos.<\/p>\n\n\n\n<p>11:40 am \u2013 12:00 pm.&nbsp;<strong>Aguas Termales Potables y Minerales de Consumo: \u00bfSon tan seguras como atractivas?.<\/strong>&nbsp;Ponente: Mercedes Gonz\u00e1lez (Espa\u00f1a).<\/p>\n\n\n\n<p>Exploraci\u00f3n de la seguridad, composici\u00f3n y beneficios del agua termal potable. Incluye experiencia sensorial de cata y buenas pr\u00e1cticas para su promoci\u00f3n.<\/p>\n\n\n\n<p>12:00 \u2013 12:20 pm.&nbsp;<strong>Panel interactivo: El Agua Termal como Motor de Bienestar y Desarrollo Espacio para que ponentes y p\u00fablico dialoguen sobre el potencial del recurso, sus retos y su futuro.<\/strong><\/p>\n\n\n\n<p>12:20 \u2013 12:40 pm.&nbsp;<strong>Terapias Acu\u00e1ticas en Tratamientos Dirigidos a Ni\u00f1os en Situaci\u00f3n de Discapacidad.&nbsp;<\/strong>Ponente: Rodrigo Castro (Colombia).<\/p>\n\n\n\n<p>Casos y t\u00e9cnicas de hidroterapia adaptada para ni\u00f1os con discapacidad. Evidencia cl\u00ednica y beneficios en movilidad, autoestima y calidad de vida.<\/p>\n\n\n\n<p>12:40 \u2013 01:00 pm.&nbsp;<strong>M\u00e1s All\u00e1 del Agua: Innovaci\u00f3n y Calidad para un Termalismo que Transforma.&nbsp;<\/strong>Ponente: Teresita Van Strate (Argentina).<\/p>\n\n\n\n<p>C\u00f3mo los centros termales pueden diversificar su oferta con actividades, servicios y experiencias m\u00e1s all\u00e1 del ba\u00f1o termal, elevando la calidad y el valor percibido.<\/p>\n\n\n\n<p>01:00 pm \u2013\u00a0<strong>Palabras finales y agradecimientos.<\/strong><\/p>\n\n\n\n<figure class=\"wp-block-image size-large\"><img decoding=\"async\" src=\"https:\/\/www.termatalia.com\/wp-content\/uploads\/1f8c3bbd-796a-49f4-a22c-f1d2f1bc922d-1536x1229.jpg.webp\" alt=\"\" \/><\/figure>\n","protected":false},"excerpt":{"rendered":"<p>Tendr\u00e1 lugar el jueves 28 de agosto (10 am \u2013 M\u00e9xico , 11 am \u2013 Colombia, 6 pm \u2013 Uni\u00f3n Europea) y contar\u00e1 con la participaci\u00f3n de expertos en turismo de salud de Argentina, Colombia, Espa\u00f1a y M\u00e9xico Esta acci\u00f3n formativa se impartir\u00e1 exclusivamente on line de forma abierta y gratuita a trav\u00e9s de la [&hellip;]<\/p>\n","protected":false},"author":1,"featured_media":10890,"comment_status":"open","ping_status":"open","sticky":false,"template":"","format":"standard","meta":{"footnotes":""},"categories":[29,30],"tags":[],"class_list":["post-10889","post","type-post","status-publish","format-standard","has-post-thumbnail","hentry","category-datos-utiles","category-temas-relacionados"],"_links":{"self":[{"href":"https:\/\/argentinatermal.com.ar\/index.php?rest_route=\/wp\/v2\/posts\/10889","targetHints":{"allow":["GET"]}}],"collection":[{"href":"https:\/\/argentinatermal.com.ar\/index.php?rest_route=\/wp\/v2\/posts"}],"about":[{"href":"https:\/\/argentinatermal.com.ar\/index.php?rest_route=\/wp\/v2\/types\/post"}],"author":[{"embeddable":true,"href":"https:\/\/argentinatermal.com.ar\/index.php?rest_route=\/wp\/v2\/users\/1"}],"replies":[{"embeddable":true,"href":"https:\/\/argentinatermal.com.ar\/index.php?rest_route=%2Fwp%2Fv2%2Fcomments&post=10889"}],"version-history":[{"count":3,"href":"https:\/\/argentinatermal.com.ar\/index.php?rest_route=\/wp\/v2\/posts\/10889\/revisions"}],"predecessor-version":[{"id":10894,"href":"https:\/\/argentinatermal.com.ar\/index.php?rest_route=\/wp\/v2\/posts\/10889\/revisions\/10894"}],"wp:featuredmedia":[{"embeddable":true,"href":"https:\/\/argentinatermal.com.ar\/index.php?rest_route=\/wp\/v2\/media\/10890"}],"wp:attachment":[{"href":"https:\/\/argentinatermal.com.ar\/index.php?rest_route=%2Fwp%2Fv2%2Fmedia&parent=10889"}],"wp:term":[{"taxonomy":"category","embeddable":true,"href":"https:\/\/argentinatermal.com.ar\/index.php?rest_route=%2Fwp%2Fv2%2Fcategories&post=10889"},{"taxonomy":"post_tag","embeddable":true,"href":"https:\/\/argentinatermal.com.ar\/index.php?rest_route=%2Fwp%2Fv2%2Ftags&post=10889"}],"curies":[{"name":"wp","href":"https:\/\/api.w.org\/{rel}","templated":true}]}}