{"id":10906,"date":"2025-08-29T10:42:31","date_gmt":"2025-08-29T13:42:31","guid":{"rendered":"https:\/\/argentinatermal.com.ar\/?p=10906"},"modified":"2025-08-29T10:44:01","modified_gmt":"2025-08-29T13:44:01","slug":"la-fiesta-de-la-ciudad-termas-de-rio-hondo","status":"publish","type":"post","link":"https:\/\/argentinatermal.com.ar\/?p=10906","title":{"rendered":"Fiesta de la Ciudad, Termas de Rio Hondo"},"content":{"rendered":"\n<p><strong><em>Septiembre es un mes especial en&nbsp;Las Termas de R\u00edo Hondo, porque la ciudad se llena de vida, alegr\u00eda y emoci\u00f3n. Durante una semana completa, vecinos y visitantes podr\u00e1n disfrutar de una&nbsp;agenda cultural y tur\u00edstica&nbsp;que re\u00fane lo mejor de nuestra identidad: m\u00fasica, arte, deporte, historia y tradiciones.<\/em><\/strong><\/p>\n\n\n\n<p>Cada jornada est\u00e1 pensada para vivir experiencias \u00fanicas, compartir en familia y redescubrir el esp\u00edritu comunitario que caracteriza a nuestra ciudad.<\/p>\n\n\n\n<p><strong>Lunes 1 de septiembre<\/strong><\/p>\n\n\n\n<ul class=\"wp-block-list\">\n<li>10:30 hs | Presentaci\u00f3n del&nbsp;<strong>\u201cTaller Turismo Consciente\u201d<\/strong>&nbsp;en el Museo Municipal Rinc\u00f3n de Atacama. Una actividad que invita a reflexionar sobre la importancia del turismo responsable y su impacto en la comunidad.<\/li>\n<\/ul>\n\n\n\n<p><strong>Martes 2 de septiembre<\/strong><\/p>\n\n\n\n<ul class=\"wp-block-list\">\n<li>17:00 hs |&nbsp;<strong>\u201cJuegos y actividades de Concientizaci\u00f3n Tur\u00edstica\u201d<\/strong>&nbsp;en Plaza San Mart\u00edn. Una propuesta l\u00fadica y educativa destinada a grandes y chicos, para aprender sobre la riqueza cultural y natural de Termas.<\/li>\n<\/ul>\n\n\n\n<p><strong>Mi\u00e9rcoles 3 de septiembre<\/strong><\/p>\n\n\n\n<ul class=\"wp-block-list\">\n<li>19:00 hs | Presentaci\u00f3n de&nbsp;<strong>\u201cNuestra Historia: Un Viaje que nos Transform\u00f3\u201d<\/strong>, a cargo de la UNSE, en el Museo Municipal Rinc\u00f3n de Atacama. Un encuentro que recorre los hitos hist\u00f3ricos que forjaron la identidad de nuestra ciudad.<\/li>\n<\/ul>\n\n\n\n<p><strong>Jueves 4 de septiembre<\/strong><\/p>\n\n\n\n<ul class=\"wp-block-list\">\n<li>14:00 a 17:00 hs |&nbsp;<strong>Exhibici\u00f3n de Crossfit<\/strong>&nbsp;en la explanada del Casino del Sol. Una tarde llena de energ\u00eda, deporte y disciplina.<\/li>\n\n\n\n<li>19:00 hs |&nbsp;<strong>Exposici\u00f3n \u201cKawsay Mama\u201d<\/strong>&nbsp;en el Museo Municipal de Artes Abraham Manlla, donde el arte se convierte en puente para expresar nuestra cultura y tradiciones.<\/li>\n<\/ul>\n\n\n\n<p><strong>Viernes 5 de septiembre<\/strong><\/p>\n\n\n\n<ul class=\"wp-block-list\">\n<li>20:00 hs |&nbsp;<strong>\u201cLa Previa\u201d<\/strong>, un espect\u00e1culo con artistas locales y la participaci\u00f3n especial de Los Bonys, en la explanada del Casino del Sol.<\/li>\n\n\n\n<li>21:00 hs |&nbsp;<strong>Noche de Boxeo<\/strong>&nbsp;en el Polideportivo Municipal, una cita imperdible para los amantes del deporte.<\/li>\n<\/ul>\n\n\n\n<p><strong>S\u00e1bado 6 de septiembre<\/strong><\/p>\n\n\n\n<ul class=\"wp-block-list\">\n<li>09:00 a 18:00 hs |&nbsp;<strong>Triatl\u00f3n IRON Santiago<\/strong>, a desarrollarse en el Perilago, una competencia que combina resistencia, naturaleza y turismo deportivo.<\/li>\n\n\n\n<li>11:00 hs |&nbsp;<strong>Marcha de los Bombos<\/strong>&nbsp;por el circuito c\u00e9ntrico, una de las expresiones culturales m\u00e1s sentidas de Santiago del Estero.<\/li>\n\n\n\n<li>15:00 hs |&nbsp;<strong>Cicloturismo \u201cCumple Termas\u201d<\/strong>, con salida desde el Polideportivo Municipal y el Casino del Sol, pensado para disfrutar de la ciudad de una manera saludable y recreativa.<\/li>\n\n\n\n<li>20:00 hs |&nbsp;<strong>\u201cLa Celebraci\u00f3n\u201d<\/strong>&nbsp;en la explanada del Casino del Sol, con un gran despliegue art\u00edstico que incluye:<\/li>\n<\/ul>\n\n\n\n<p>&nbsp; &nbsp; &nbsp; &nbsp; &nbsp; &nbsp; &nbsp; &nbsp; &nbsp; &nbsp; &nbsp; &nbsp; &nbsp; &nbsp; &nbsp; &nbsp; &nbsp;Obra teatral&nbsp;<em>\u201cSer Terme\u00f1o\u201d<\/em><\/p>\n\n\n\n<p>&nbsp; &nbsp; &nbsp; &nbsp; &nbsp; &nbsp; &nbsp; &nbsp; &nbsp; &nbsp; &nbsp; &nbsp; &nbsp; &nbsp; &nbsp; &nbsp; &nbsp;Actuaciones de&nbsp;<strong>Los Kijanos, Daniel Agostini y Nolberto Al-K-L\u00e1<\/strong>, para vivir una noche inolvidable.<\/p>\n\n\n\n<p><strong>Domingo 7 de septiembre<\/strong><\/p>\n\n\n\n<ul class=\"wp-block-list\">\n<li>09:00 a 18:00 hs |&nbsp;<strong>Ciclismo de Pista<\/strong>&nbsp;en el Polideportivo Municipal, cierre deportivo de una semana llena de emociones.<\/li>\n<\/ul>\n\n\n\n<p>Durante estos siete d\u00edas, Las Termas de R\u00edo Hondo se convierte en escenario de&nbsp;<strong>encuentros, celebraciones y emociones compartidas<\/strong>. Es la oportunidad ideal para disfrutar de nuestra calidez humana, de la fuerza de nuestras tradiciones y de actividades que invitan a vivir la ciudad desde m\u00faltiples perspectivas.<\/p>\n\n\n\n<p>Porque en Termas\u00a0<strong>nos une la historia, nos abraza el presente!<\/strong><\/p>\n\n\n\n<figure class=\"wp-block-image size-large\"><a href=\"https:\/\/www.termasderiohondo.tur.ar\/event\/69\/fiesta-ciudad\" target=\"_blank\" rel=\" noreferrer noopener\"><img decoding=\"async\" src=\"https:\/\/www.termasderiohondo.tur.ar\/img\/logo02.png\" alt=\"\" \/><\/a><figcaption class=\"wp-element-caption\"><em><sup>Fuente:<\/sup><\/em> <\/figcaption><\/figure>\n","protected":false},"excerpt":{"rendered":"<p>Septiembre es un mes especial en&nbsp;Las Termas de R\u00edo Hondo, porque la ciudad se llena de vida, alegr\u00eda y emoci\u00f3n. Durante una semana completa, vecinos y visitantes podr\u00e1n disfrutar de una&nbsp;agenda cultural y tur\u00edstica&nbsp;que re\u00fane lo mejor de nuestra identidad: m\u00fasica, arte, deporte, historia y tradiciones. Cada jornada est\u00e1 pensada para vivir experiencias \u00fanicas, compartir [&hellip;]<\/p>\n","protected":false},"author":1,"featured_media":10907,"comment_status":"open","ping_status":"open","sticky":false,"template":"","format":"standard","meta":{"footnotes":""},"categories":[8,17],"tags":[],"class_list":["post-10906","post","type-post","status-publish","format-standard","has-post-thumbnail","hentry","category-noa","category-turismo-termal"],"_links":{"self":[{"href":"https:\/\/argentinatermal.com.ar\/index.php?rest_route=\/wp\/v2\/posts\/10906","targetHints":{"allow":["GET"]}}],"collection":[{"href":"https:\/\/argentinatermal.com.ar\/index.php?rest_route=\/wp\/v2\/posts"}],"about":[{"href":"https:\/\/argentinatermal.com.ar\/index.php?rest_route=\/wp\/v2\/types\/post"}],"author":[{"embeddable":true,"href":"https:\/\/argentinatermal.com.ar\/index.php?rest_route=\/wp\/v2\/users\/1"}],"replies":[{"embeddable":true,"href":"https:\/\/argentinatermal.com.ar\/index.php?rest_route=%2Fwp%2Fv2%2Fcomments&post=10906"}],"version-history":[{"count":2,"href":"https:\/\/argentinatermal.com.ar\/index.php?rest_route=\/wp\/v2\/posts\/10906\/revisions"}],"predecessor-version":[{"id":10909,"href":"https:\/\/argentinatermal.com.ar\/index.php?rest_route=\/wp\/v2\/posts\/10906\/revisions\/10909"}],"wp:featuredmedia":[{"embeddable":true,"href":"https:\/\/argentinatermal.com.ar\/index.php?rest_route=\/wp\/v2\/media\/10907"}],"wp:attachment":[{"href":"https:\/\/argentinatermal.com.ar\/index.php?rest_route=%2Fwp%2Fv2%2Fmedia&parent=10906"}],"wp:term":[{"taxonomy":"category","embeddable":true,"href":"https:\/\/argentinatermal.com.ar\/index.php?rest_route=%2Fwp%2Fv2%2Fcategories&post=10906"},{"taxonomy":"post_tag","embeddable":true,"href":"https:\/\/argentinatermal.com.ar\/index.php?rest_route=%2Fwp%2Fv2%2Ftags&post=10906"}],"curies":[{"name":"wp","href":"https:\/\/api.w.org\/{rel}","templated":true}]}}