{"id":10959,"date":"2025-09-10T09:52:24","date_gmt":"2025-09-10T12:52:24","guid":{"rendered":"https:\/\/argentinatermal.com.ar\/?p=10959"},"modified":"2025-09-10T09:52:25","modified_gmt":"2025-09-10T12:52:25","slug":"toma-de-posesion-de-los-banos-termales-de-challes-les-eaux-que-sigue","status":"publish","type":"post","link":"https:\/\/argentinatermal.com.ar\/?p=10959","title":{"rendered":"Toma de posesi\u00f3n de los ba\u00f1os termales de Challes-les-Eaux: \u00bfqu\u00e9 sigue?"},"content":{"rendered":"\n<p><strong><em>Debido a la falta de actividad, el centro termal de Challes-les-Eaux cerr\u00f3 sus puertas en febrero de 2023 tras la decisi\u00f3n de su propietario, la Cha\u00eene Thermale du Soleil. Despu\u00e9s de dos a\u00f1os de negociaciones entre las autoridades locales y el principal grupo termal de Francia, los ba\u00f1os termales fueron finalmente comprados a mediados de junio de 2025 por el establecimiento local de tierras p\u00fablicas (EPFL) de Saboya. Aclaraci\u00f3n con Josette R\u00e9my, alcaldesa de Challes-les-Eaux.<\/em><\/strong><\/p>\n\n\n\n<p>Despu\u00e9s del\u00a0<a href=\"https:\/\/www.officiel-thermalisme.com\/2023\/02\/22\/challes-les-eaux-la-fermeture-definitive-des-thermes-annoncee\/\">cierre de los ba\u00f1os termales de Challes-les-Eaux<\/a>, la ciudad orden\u00f3 a EPFL que discutiera el futuro del sitio. Como se\u00f1ala Philippe Pourchet, Director General de la EPFL, en las columnas de L&#8217;Essor Savoyard:\u00a0<em>\u00abHicimos una propuesta de adquisici\u00f3n a la Cha\u00eene Thermale du Soleil que no les conven\u00eda, porque consideraban, err\u00f3neamente, que el parque podr\u00eda clasificarse como un lugar para ser utilizado como vivienda\u00bb.<\/em>\u00a0El parque se vendi\u00f3 por 11 millones de euros y el edificio por 4 millones.<\/p>\n\n\n\n<p><em>\u00abEste proyecto no estaba en l\u00ednea con la vocaci\u00f3n del sitio. El deseo del municipio no es urbanizar viviendas en este sector. Quer\u00edamos mantener el pulm\u00f3n verde y, por lo tanto, no construir. Se conservar\u00e1n los \u00e1rboles, las plazas y los senderos del parque\u00bb,<\/em>\u00a0dice Josette R\u00e9my.<\/p>\n\n\n\n<p><strong><em>Dos a\u00f1os de amargas discusiones<\/em><\/strong><\/p>\n\n\n\n<p>Durante dos a\u00f1os, cada uno de ellos se mantuvo firme en sus posiciones en el contexto de\u00a0<strong>varios recursos legales<\/strong>. Para desbloquear la situaci\u00f3n, \u00c9milie Bonnivard, diputada por la 3\u00aa<sup>circunscripci\u00f3n<\/sup>\u00a0de Saboya, recurri\u00f3 a la Federaci\u00f3n Francesa de Hidroterapia. Al mismo tiempo, est\u00e1 haciendo una\u00a0<strong>enmienda a la ley<\/strong>\u00a0<em>de finanzas \u00abpara decir que deber\u00edamos tener una visi\u00f3n m\u00e1s justa de lo que hacen los operadores en los territorios cuando cierran sus sitios\u00bb.<\/em><\/p>\n\n\n\n<p>Despu\u00e9s de\u00a0<strong>dos reuniones de negociaci\u00f3n<\/strong>, la Cha\u00eene Thermale du Soleil abandon\u00f3 sus apelaciones ante el tribunal administrativo y acord\u00f3 vender los\u00a0<a href=\"https:\/\/www.officiel-thermalisme.com\/etablissements\/challes-les-eaux\/\">ba\u00f1os termales de Challes-les-Eaux<\/a>\u00a0a la EPFL, incluido el edificio y el parque, que representan un terreno de 5 hect\u00e1reas en la ciudad.<\/p>\n\n\n\n<p><em>Esta es una muy buena noticia, porque no hemos renunciado durante dos a\u00f1os, para finalmente obtener una soluci\u00f3n amistosa de este caso, con el \u00fanico inter\u00e9s de revivir este sitio y, sobre todo, de evitar que sea v\u00edctima de un litigio sin l\u00edmites, que habr\u00eda llevado al deterioro del edificio y al abandono de esta joya, incluido el parque, que para m\u00ed es la identidad de Challes-les-Eaux. Permanecer\u00e9 al lado del Municipio con la Regi\u00f3n y el Departamento para trabajar en el futuro\u00bb,<\/em>\u00a0dice \u00c9milie Bonnivard en un comunicado de prensa.<\/p>\n\n\n\n<p><strong><em>Pocas posibilidades de un futuro spa<\/em><\/strong><\/p>\n\n\n\n<p>Para el establecimiento de Saboya junto a Chamb\u00e9ry, y que anteriormente recib\u00eda a los hu\u00e9spedes del spa por dolencias&nbsp;<a href=\"https:\/\/www.officiel-thermalisme.com\/orientations_therap\/voies-respiratoires\/\">respiratorias<\/a>&nbsp;y&nbsp;<a href=\"https:\/\/www.officiel-thermalisme.com\/orientations_therap\/gynecologie\/\">ginecol\u00f3gicas<\/a>, el futuro parece estar brillando. Sin embargo, como nos recuerda Josette Remy,&nbsp;<strong>el futuro del edificio y del parque de Challes-les-Eaux no ser\u00e1 necesariamente sin\u00f3nimo de ba\u00f1os termales<\/strong>.<\/p>\n\n\n\n<p>De hecho, si la Cha\u00eene Thermale du Soleil no ha podido mantener la actividad termal a pesar de las inversiones e innovaciones realizadas en los \u00faltimos diez a\u00f1os, es dif\u00edcil imaginar que un comprador pueda hacerlo.<\/p>\n\n\n\n<p><em>\u00abEn 2018, la Cha\u00eene Thermale du Soleil hab\u00eda tomado medidas para obtener<\/em>&nbsp;<a href=\"https:\/\/www.officiel-thermalisme.com\/orientations_therap\/rhumatologie\/\"><em>la orientaci\u00f3n en reumatolog\u00eda<\/em><\/a><em>. Sin embargo, sus investigaciones a nivel de perforaci\u00f3n condujeron a la producci\u00f3n de agua termal que no era estable debido a la presencia de gas, y en particular metano. As\u00ed que creo que si alguien podr\u00eda haber sacado la quintaesencia del sitio a nivel termal, fue la Cha\u00eene Thermale du Soleil\u00bb,&nbsp;<\/em>explica el alcalde&nbsp;<a href=\"https:\/\/www.officiel-thermalisme.com\/stations\/challes-les-eaux\/\">del balneario de Challes-les-Eaux<\/a>.<\/p>\n\n\n\n<p>Adem\u00e1s, varios factores comprometen la reapertura de los ba\u00f1os termales, en primer lugar una&nbsp;<strong>ca\u00edda significativa de la asistencia en<\/strong>&nbsp;los \u00faltimos diez a\u00f1os. De hecho, la Cha\u00eene Thermale du Soleil indic\u00f3 que el n\u00famero de hu\u00e9spedes del spa fue de 542 en 2022 en comparaci\u00f3n con 1732 en 2012.<\/p>\n\n\n\n<p>Otro elemento desfavorable es la\u00a0<strong>proximidad geogr\u00e1fica de otros establecimientos termales<\/strong>, como\u00a0<a href=\"https:\/\/www.officiel-thermalisme.com\/etablissements\/allevard-les-bains\/\">Allevard-les-Bains<\/a>, que ofrece reumatolog\u00eda y v\u00edas respiratorias, y el\u00a0<a href=\"https:\/\/www.officiel-thermalisme.com\/stations\/aix-les-bains\/\">balneario de Aix-les-Bains<\/a>, cuyos dos centros acogen a los hu\u00e9spedes del balneario para reumatolog\u00eda,\u00a0<a href=\"https:\/\/www.officiel-thermalisme.com\/orientations_therap\/phlebologie\/\">flebolog\u00eda<\/a>, v\u00edas respiratorias y\u00a0<a href=\"https:\/\/www.officiel-thermalisme.com\/orientations_therap\/affections-des-muqueuses-bucco-linguales\/\">trastornos mucoling\u00fc\u00edsticos orales<\/a>.<\/p>\n\n\n\n<p><strong><em>\u00bfCu\u00e1les son los pr\u00f3ximos pasos?<\/em><\/strong><\/p>\n\n\n\n<p><em>\u00abEstoy convencido de que es complicado para un municipio gestionar los ba\u00f1os termales y comprar el terreno al mismo tiempo. El trabajo de la comunidad ahora es encontrar nuevos l\u00edderes de proyectos que no pongan en peligro las finanzas del municipio. No tenemos la intenci\u00f3n de mantener limpio el edificio, ya que tambi\u00e9n requerir\u00e1 renovaciones. Tampoco se trata de operar sobre una base p\u00fablica. Por otro lado,&nbsp;<\/em><em><strong>habr\u00e1 que definir un nuevo proyecto relacionado con la salud, la educaci\u00f3n o el turismo<\/strong><\/em><em>. Estas vocaciones tambi\u00e9n est\u00e1n autorizadas por los documentos urban\u00edsticos\u00bb,&nbsp;<\/em>dice Josette R\u00e9my.<\/p>\n\n\n\n<p>Antes de agregar:&nbsp;<em>\u00abEl objetivo es reabrir el edificio. Si se trata de una plataforma t\u00e9cnica sanitaria, \u00a1ser\u00eda genial! Tambi\u00e9n podemos imaginar edificios o actividades de bienestar. Sin embargo, con el agua sulfurosa, el bienestar parece complicado de implementar. En mi opini\u00f3n, debemos&nbsp;<\/em><em><strong>perpetuar una actividad de cuidado y alojamiento en un parque urbano de calidad<\/strong><\/em><em>. En este momento, no tenemos una soluci\u00f3n, sino pautas para definir y consultar con la poblaci\u00f3n. Vamos a empezar a trabajar en estas hip\u00f3tesis con los proveedores de servicios. Sin embargo, tambi\u00e9n estamos trabajando con el objetivo de dejar al pr\u00f3ximo municipio la elecci\u00f3n de su proyecto\u00bb.<\/em><\/p>\n\n\n\n<p>Para el alcalde, la buena vida del ma\u00f1ana abre las puertas a una nueva medicina orientada a la curaci\u00f3n, pero dejando el foco en la prevenci\u00f3n. \u00a1Una oportunidad que Challes-les-Eaux tendr\u00e1 que aprovechar!<\/p>\n\n\n\n<figure class=\"wp-block-image size-large is-resized\"><a href=\"https:\/\/www.officiel-thermalisme.com\/2025\/09\/01\/rachat-thermes-challes-les-eaux-et-apres\/\" target=\"_blank\" rel=\" noreferrer noopener\"><img decoding=\"async\" src=\"https:\/\/www.officiel-thermalisme.com\/wp-content\/themes\/officielthermalisme\/img\/officiel-du-thermalisme.svg\" alt=\"\" style=\"width:216px;height:auto\" \/><\/a><figcaption class=\"wp-element-caption\"><em><sup>Fuente: <\/sup><\/em><\/figcaption><\/figure>\n\n\n\n<p>Entrevista exclusiva con Ang\u00e9lina Dhermand, asistente parlamentaria de \u00c9milie Bonnivard, 25 de julio de 2025<\/p>\n\n\n\n<p>Entrevista exclusiva con Josette Remy, 9 de agosto de 2025<\/p>\n<p>\u00a0<\/p>\n","protected":false},"excerpt":{"rendered":"<p>Debido a la falta de actividad, el centro termal de Challes-les-Eaux cerr\u00f3 sus puertas en febrero de 2023 tras la decisi\u00f3n de su propietario, la Cha\u00eene Thermale du Soleil. Despu\u00e9s de dos a\u00f1os de negociaciones entre las autoridades locales y el principal grupo termal de Francia, los ba\u00f1os termales fueron finalmente comprados a mediados de [&hellip;]<\/p>\n","protected":false},"author":1,"featured_media":10960,"comment_status":"open","ping_status":"open","sticky":false,"template":"","format":"standard","meta":{"footnotes":""},"categories":[28],"tags":[],"class_list":["post-10959","post","type-post","status-publish","format-standard","has-post-thumbnail","hentry","category-portales-de-servicios-e-informacion"],"_links":{"self":[{"href":"https:\/\/argentinatermal.com.ar\/index.php?rest_route=\/wp\/v2\/posts\/10959","targetHints":{"allow":["GET"]}}],"collection":[{"href":"https:\/\/argentinatermal.com.ar\/index.php?rest_route=\/wp\/v2\/posts"}],"about":[{"href":"https:\/\/argentinatermal.com.ar\/index.php?rest_route=\/wp\/v2\/types\/post"}],"author":[{"embeddable":true,"href":"https:\/\/argentinatermal.com.ar\/index.php?rest_route=\/wp\/v2\/users\/1"}],"replies":[{"embeddable":true,"href":"https:\/\/argentinatermal.com.ar\/index.php?rest_route=%2Fwp%2Fv2%2Fcomments&post=10959"}],"version-history":[{"count":1,"href":"https:\/\/argentinatermal.com.ar\/index.php?rest_route=\/wp\/v2\/posts\/10959\/revisions"}],"predecessor-version":[{"id":10961,"href":"https:\/\/argentinatermal.com.ar\/index.php?rest_route=\/wp\/v2\/posts\/10959\/revisions\/10961"}],"wp:featuredmedia":[{"embeddable":true,"href":"https:\/\/argentinatermal.com.ar\/index.php?rest_route=\/wp\/v2\/media\/10960"}],"wp:attachment":[{"href":"https:\/\/argentinatermal.com.ar\/index.php?rest_route=%2Fwp%2Fv2%2Fmedia&parent=10959"}],"wp:term":[{"taxonomy":"category","embeddable":true,"href":"https:\/\/argentinatermal.com.ar\/index.php?rest_route=%2Fwp%2Fv2%2Fcategories&post=10959"},{"taxonomy":"post_tag","embeddable":true,"href":"https:\/\/argentinatermal.com.ar\/index.php?rest_route=%2Fwp%2Fv2%2Ftags&post=10959"}],"curies":[{"name":"wp","href":"https:\/\/api.w.org\/{rel}","templated":true}]}}