{"id":10995,"date":"2025-09-22T10:10:02","date_gmt":"2025-09-22T13:10:02","guid":{"rendered":"https:\/\/argentinatermal.com.ar\/?p=10995"},"modified":"2025-09-22T10:47:45","modified_gmt":"2025-09-22T13:47:45","slug":"de-la-maternidad-a-la-mineria-una-cosmetica-natural-que-transforma-habitos","status":"publish","type":"post","link":"https:\/\/argentinatermal.com.ar\/?p=10995","title":{"rendered":"De la maternidad a la miner\u00eda: una cosm\u00e9tica natural que transforma h\u00e1bitos"},"content":{"rendered":"\n<p><strong><em>La cosm\u00e9tica natural tambi\u00e9n tiene lugar en la miner\u00eda<\/em><\/strong><\/p>\n\n\n\n<p><strong>Emilse Fern\u00e1ndez, creadora de Luze Natural Cosm\u00e9tica Consciente, comparti\u00f3 con ACERO Y ROCA su historia, su v\u00ednculo con el sector minero y el prop\u00f3sito de un emprendimiento que naci\u00f3 de la maternidad y el cambio de h\u00e1bitos hacia un consumo m\u00e1s responsable.<\/strong><\/p>\n\n\n\n<p>En un sector dominado por la tecnolog\u00eda, la log\u00edstica y los grandes equipos, la cosm\u00e9tica natural encontr\u00f3 su propio espacio dentro de la industria minera.&nbsp;<strong><strong>Emilse Fern\u00e1ndez, creadora de Luze Natural Cosm\u00e9tica Consciente&nbsp;<\/strong><\/strong>comparti\u00f3 con&nbsp;<strong>ACERO Y ROCA<\/strong>&nbsp;la historia de su emprendimiento que, impulsado por la maternidad y el deseo de cambiar h\u00e1bitos de consumo, hoy abastece a empresas mineras con productos libres de qu\u00edmicos nocivos, pensados para&nbsp;<strong><strong>cuidar la salud y el medio ambiente.<\/strong><\/strong><\/p>\n\n\n\n<p><strong>De los recursos humanos a la cosm\u00e9tica natural<\/strong><\/p>\n\n\n\n<p><em>\u201cComenc\u00e9 con el proyecto hace cinco a\u00f1os. Ven\u00eda trabajando en relaci\u00f3n de dependencia, en el sur, en el sector petrolero, desde el \u00e1rea de Recursos Humanos. Nada que ver con la cosm\u00e9tica natural\u201d<\/em>, record\u00f3 Emilse Fern\u00e1ndez, fundadora de Luze Natural, un emprendimiento sanjuanino que hoy&nbsp;<strong>provee a empresas mineras productos amigables con la piel y el ambiente<\/strong>.<\/p>\n\n\n\n<p>La transici\u00f3n hacia un nuevo camino lleg\u00f3 con un cambio en su vida personal. \u201c<em>Coincidi\u00f3 con una planificaci\u00f3n familiar, yo estaba en pareja con mi actual marido, y quer\u00edamos tener un beb\u00e9\u201d<\/em>&nbsp;coment\u00f3 Emilse y agreg\u00f3 que&nbsp;<em>\u201cquer\u00eda dedicarme a algo que me permitiera estar con mi hija, y a la vez, no dejar mi proyecci\u00f3n profesional\u201d<\/em>.<\/p>\n\n\n\n<p>As\u00ed fue como decidi\u00f3 mezclar su inter\u00e9s por la belleza y la cosm\u00e9tica con una mirada integral del bienestar.<\/p>\n\n\n\n<p>La llegada de su hija tambi\u00e9n trajo un cambio de h\u00e1bitos. Emilse comenz\u00f3 a leer etiquetas, formarse en cosmetolog\u00eda y qu\u00edmica cosm\u00e9tica, y enfocarse en productos naturales, libres de ingredientes nocivos para la piel, la salud y el ambiente.<\/p>\n\n\n\n<h3 class=\"wp-block-heading\"><strong>Cosm\u00e9tica consciente<\/strong><\/h3>\n\n\n<div class=\"wp-block-image\">\n<figure class=\"aligncenter\"><img decoding=\"async\" src=\"https:\/\/aceroyroca.com\/wp-content\/uploads\/2025\/08\/e9781271-383a-41ca-8893-c5017d930c69.webp\" alt=\"Acero y Roca | Magazine Minero - De la maternidad a la miner\u00eda: una cosm\u00e9tica natural que transforma h\u00e1bitos\" class=\"wp-image-8357\" title=\"Cosm\u00e9tica natural para miner\u00eda\"\/><\/figure>\n<\/div>\n\n\n<p><em>\u201cNaci\u00f3 la necesidad de cambiar de h\u00e1bitos, pas\u00e9 de venir de toda la parte cosm\u00e9tica industrial a interesarme m\u00e1s por la conciencia de lo que consumimos<\/em>\u201d, coment\u00f3 Emilse.<\/p>\n\n\n\n<p>Hace tres a\u00f1os que Emilse decidi\u00f3 dedicarse de lleno a Luze Natural y hoy su cat\u00e1logo incluye una&nbsp;<strong>l\u00ednea facial, shampoo y acondicionadores s\u00f3lidos, pasta dent\u00edfrica sin fl\u00faor, desodorantes libres de aluminio y jabones artesanales<\/strong>. Estos productos, adem\u00e1s de llegar al p\u00fablico general, encontraron un lugar dentro de la<strong>&nbsp;miner\u00eda<\/strong>.<\/p>\n\n\n\n<h3 class=\"wp-block-heading\">\u00bfPor qu\u00e9 usar cosm\u00e9tica natural en ambientes mineros?<\/h3>\n\n\n\n<p><img decoding=\"async\" src=\"https:\/\/aceroyroca.com\/wp-content\/uploads\/2025\/08\/3ba405f0-f7a0-4fe6-b92a-4bf8571e9b52.webp\" alt=\"Cosm\u00e9tica natural para miner\u00eda\" width=\"630\" height=\"622\" srcset=\"https:\/\/aceroyroca.com\/wp-content\/uploads\/2025\/08\/3ba405f0-f7a0-4fe6-b92a-4bf8571e9b52.webp 1080w, https:\/\/aceroyroca.com\/wp-content\/uploads\/2025\/08\/3ba405f0-f7a0-4fe6-b92a-4bf8571e9b52-300x296.webp 300w, https:\/\/aceroyroca.com\/wp-content\/uploads\/2025\/08\/3ba405f0-f7a0-4fe6-b92a-4bf8571e9b52-1024x1011.webp 1024w, https:\/\/aceroyroca.com\/wp-content\/uploads\/2025\/08\/3ba405f0-f7a0-4fe6-b92a-4bf8571e9b52-768x758.webp 768w, https:\/\/aceroyroca.com\/wp-content\/uploads\/2025\/08\/3ba405f0-f7a0-4fe6-b92a-4bf8571e9b52-400x395.webp 400w\"><\/p>\n\n\n\n<p id=\"caption-attachment-8353\"><strong>Cosm\u00e9tica natural para miner\u00eda<\/strong><\/p>\n\n\n\n<p>Emilse explic\u00f3 que el v\u00ednculo con el sector minero se dio \u201c<em>casi de casualidad<\/em>\u201d, a trav\u00e9s de un punto de venta.&nbsp;<strong>Hoy en d\u00eda provee productos para kits de aseo personal y amenities en zonas de trabajo de altura.<\/strong><\/p>\n\n\n\n<p>La profesional afirm\u00f3 que poder trabajar con la industria minera es un paso importante para su emprendimiento. \u201c<em>Es una gratificaci\u00f3n hermosa poder llegar y contribuir desde ese lado con productos naturales, m\u00e1s amigables con el medio ambiente, con la salud y dem\u00e1s\u201d.<\/em><\/p>\n\n\n\n<p>Consultada sobre la demanda particular de productos como pastas dentales y desodorantes en lugar de protectores solares, Fern\u00e1ndez explic\u00f3 \u201c<em>la pasta de dientes, es una pasta de dientes natural que no contiene uno de los ingredientes que se ha descubierto con base cient\u00edfica que es nocivo para la salud. Estamos hablando del&nbsp;<strong>fluoruro de calcio<\/strong>&nbsp;y entre otros ingredientes que generan una acumulaci\u00f3n en nuestras gl\u00e1ndulas tiroides y genera un desencadenamiento hormonal que realmente es muy nocivo, lo mismo con el desodorante\u201d<\/em>&nbsp;y remarc\u00f3 que \u201c<em>son productos que a la larga sabemos que tienen problemas en la salud realmente\u201d.<\/em><\/p>\n\n\n\n<p>Para finalizar, la profesional coment\u00f3 que tambi\u00e9n est\u00e1n desarrollando un&nbsp;<strong>protector solar natural<\/strong>. \u201c<em>Desde el a\u00f1o pasado venimos desarrollando el protector solar natural que sea un FPC de 50 en adelante. Est\u00e1 en proceso todav\u00eda, pero va a salir\u201d.<\/em><\/p>\n\n\n\n<h3 class=\"wp-block-heading\"><strong>Donde conseguir los productos<\/strong><\/h3>\n\n\n\n<p>Los productos de Luze Natural se pueden conseguir a trav\u00e9s de la tienda online\u00a0<strong>www.luzenatural.com.ar<\/strong>\u00a0y en Punto de Dise\u00f1o ubicado en Rivadavia y tambi\u00e9n en La tienda Chalet Cantoni.<\/p>\n<p>\u00a0<\/p>\n","protected":false},"excerpt":{"rendered":"<p>La cosm\u00e9tica natural tambi\u00e9n tiene lugar en la miner\u00eda Emilse Fern\u00e1ndez, creadora de Luze Natural Cosm\u00e9tica Consciente, comparti\u00f3 con ACERO Y ROCA su historia, su v\u00ednculo con el sector minero y el prop\u00f3sito de un emprendimiento que naci\u00f3 de la maternidad y el cambio de h\u00e1bitos hacia un consumo m\u00e1s responsable. En un sector dominado [&hellip;]<\/p>\n","protected":false},"author":1,"featured_media":10996,"comment_status":"open","ping_status":"open","sticky":false,"template":"","format":"standard","meta":{"footnotes":""},"categories":[29],"tags":[],"class_list":["post-10995","post","type-post","status-publish","format-standard","has-post-thumbnail","hentry","category-datos-utiles"],"_links":{"self":[{"href":"https:\/\/argentinatermal.com.ar\/index.php?rest_route=\/wp\/v2\/posts\/10995","targetHints":{"allow":["GET"]}}],"collection":[{"href":"https:\/\/argentinatermal.com.ar\/index.php?rest_route=\/wp\/v2\/posts"}],"about":[{"href":"https:\/\/argentinatermal.com.ar\/index.php?rest_route=\/wp\/v2\/types\/post"}],"author":[{"embeddable":true,"href":"https:\/\/argentinatermal.com.ar\/index.php?rest_route=\/wp\/v2\/users\/1"}],"replies":[{"embeddable":true,"href":"https:\/\/argentinatermal.com.ar\/index.php?rest_route=%2Fwp%2Fv2%2Fcomments&post=10995"}],"version-history":[{"count":2,"href":"https:\/\/argentinatermal.com.ar\/index.php?rest_route=\/wp\/v2\/posts\/10995\/revisions"}],"predecessor-version":[{"id":11002,"href":"https:\/\/argentinatermal.com.ar\/index.php?rest_route=\/wp\/v2\/posts\/10995\/revisions\/11002"}],"wp:featuredmedia":[{"embeddable":true,"href":"https:\/\/argentinatermal.com.ar\/index.php?rest_route=\/wp\/v2\/media\/10996"}],"wp:attachment":[{"href":"https:\/\/argentinatermal.com.ar\/index.php?rest_route=%2Fwp%2Fv2%2Fmedia&parent=10995"}],"wp:term":[{"taxonomy":"category","embeddable":true,"href":"https:\/\/argentinatermal.com.ar\/index.php?rest_route=%2Fwp%2Fv2%2Fcategories&post=10995"},{"taxonomy":"post_tag","embeddable":true,"href":"https:\/\/argentinatermal.com.ar\/index.php?rest_route=%2Fwp%2Fv2%2Ftags&post=10995"}],"curies":[{"name":"wp","href":"https:\/\/api.w.org\/{rel}","templated":true}]}}