{"id":10998,"date":"2025-09-22T10:46:44","date_gmt":"2025-09-22T13:46:44","guid":{"rendered":"https:\/\/argentinatermal.com.ar\/?p=10998"},"modified":"2025-09-22T10:46:45","modified_gmt":"2025-09-22T13:46:45","slug":"por-que-aparecen-las-canas-harvard-descubre-que-la-causa-no-es-la-vejez","status":"publish","type":"post","link":"https:\/\/argentinatermal.com.ar\/?p=10998","title":{"rendered":"Por qu\u00e9 aparecen las canas: Harvard descubre que la causa no es la vejez"},"content":{"rendered":"\n<p>La aparici\u00f3n de\u00a0<a href=\"https:\/\/marieclaire.perfil.com\/noticias\/belleza\/cuidado-de-las-canas-con-el-sol-en-invierno-y-en-verano.phtml\" target=\"_blank\" rel=\"noreferrer noopener\">canas\u00a0<\/a>suele estar relacionada con el paso de los a\u00f1os y el\u00a0<a href=\"https:\/\/marieclaire.perfil.com\/noticias\/moda\/jeans-para-mayores-de-60-palazzo-acampanados-y-cortes-que-favorecen-cualquier-figura.phtml\" target=\"_blank\" rel=\"noreferrer noopener\">envejecimiento\u00a0<\/a>de las personas, pero no siempre se deben a esto y pueden aparecer en la juventud. Los expertos de Harvard trabajaron sobre los fol\u00edculos capilares y descubrieron las causas de su aparici\u00f3n. Si bien\u00a0<strong>en la actualidad existe un empoderamiento de llevar el pelo al natural,<\/strong>\u00a0se puede evitar que aparezcan las fibras blancas.<\/p>\n\n\n\n<p><strong>La clave est\u00e1 en el paso del tiempo, pero no de la persona sino de los fol\u00edculos, donde se genera el crecimiento del pelo.\u00a0<\/strong>Estos cumplen ciclos y ante est\u00edmulos exteriores como la decoloraci\u00f3n, tintura o<a href=\"https:\/\/marieclaire.perfil.com\/noticias\/moda\/carolina-de-monaco-a-sus-68-supero-la-calvicie-y-elevo-su-estilo-con-resiliencia-e-inspiracion.phtml\" target=\"_blank\" rel=\"noreferrer noopener\">\u00a0ca\u00edda del pelo<\/a>\u00a0deben completar su ciclo natural y pueden perder la melanina que le aporta color a la fibra capilar.\u00a0<\/p>\n\n\n\n<figure class=\"wp-block-image size-large\"><img decoding=\"async\" src=\"https:\/\/img-s-msn-com.akamaized.net\/tenant\/amp\/entityid\/AA1HMbkJ.img?w=768&amp;h=399&amp;m=6&amp;x=392&amp;y=112&amp;s=156&amp;d=156\" alt=\"\"\/><\/figure>\n\n\n\n<p><strong><em>La clave de la aparici\u00f3n de las canas est\u00e1 en los fol\u00edculos pilosos<\/em><\/strong><\/p>\n\n\n\n<p>Seg\u00fan Robert H. Shmerling, m\u00e9dico del Centro M\u00e9dico Beth Israel y miembro de la Facultad de Medicina de Harvard, las canas aparecen a medida que envejecen los fol\u00edculos pilosos, que son los encargados del crecimiento y la pigmentaci\u00f3n. Cuando estos llegan a su vejez,\u00a0el pelo pierde progresivamente la intensidad en su color.\u00a0<\/p>\n\n\n\n<p>El estr\u00e9s es uno de los grandes responsables de que se aceleren los ciclos de ca\u00edda y regeneraci\u00f3n del pelo, por lo que si se mantienen altos niveles puede producirse una aparici\u00f3n de canas a edades m\u00e1s tempranas.\u00a0<em>\u00a0\u201cEs el culpable de que cuando nace un nuevo pelo salga con un<strong>\u00a0tono m\u00e1s gris\u00e1ceo.<\/strong>\u00a0Ya hemos visto que el estr\u00e9s puede hacer que se nos caiga m\u00e1s r\u00e1pido el pelo y, al regenerarse, aumente la probabilidad de que difiera de nuestro tono original\u201d<\/em>, se\u00f1ala Shmerling.<\/p>\n\n\n\n<figure class=\"wp-block-image size-large\"><img decoding=\"async\" src=\"https:\/\/img-s-msn-com.akamaized.net\/tenant\/amp\/entityid\/AA1CxLPj.img?w=768&amp;h=858&amp;m=6&amp;x=392&amp;y=225&amp;s=193&amp;d=193\" alt=\"\"\/><\/figure>\n\n\n\n<p><strong>Por eso, los especialistas de Harvard recomiendan reducir los niveles de agotamiento y<em>\u00a0burn out<\/em>,\u00a0<\/strong>para evitar la p\u00e9rdida de pelo y con ello mantener un ciclo m\u00e1s prolongado de crecimiento que no repercuta en la p\u00e9rdida de melanina.\u00a0<\/p>\n\n\n\n<p>Otro factor que puede provocar la aparici\u00f3n de canas es la existencia de ciertas enfermedades como deficiencia de vitamina B12, la neurofibromatosis, las \u00a0afecciones hereditarias como la\u00a0esclerosis tuberosa, desequilibrio en la gl\u00e1ndula\u00a0tiroides, el\u00a0vit\u00edligo\u00a0y la\u00a0alopecia areata.<\/p>\n\n\n\n<p>A esto, el experto de Harvard le suma la posibilidad de que existan genes heredados, los que nos pueden dar una pauta del momento en el que van a comenzar a aparecer las canas en tu\u00a0pelo<\/p>\n\n\n\n<p>Lo positivo en esta \u00e9poca es que existe un menos estigma social sobre las canas, especialmente en mujeres, y una tendencia a lucir con orgullo los pelos blancos o grises. Siempre ten\u00e9s la opci\u00f3n de tomar ese camino, cubrirlas o evitarlas, pero nunca sentir verg\u00fcenza por algo tan natural como la coloraci\u00f3n de tu pelo.<\/p>\n\n\n\n<figure class=\"wp-block-image size-full is-resized\"><a href=\"https:\/\/argentinatermal.com.ar\/wp-content\/uploads\/2025\/09\/Captura-de-pantalla_22-9-2025_104322_www.msn_.com_.jpeg\"><img decoding=\"async\" width=\"214\" height=\"58\" src=\"https:\/\/argentinatermal.com.ar\/wp-content\/uploads\/2025\/09\/Captura-de-pantalla_22-9-2025_104322_www.msn_.com_.jpeg\" alt=\"\" class=\"wp-image-10999\" style=\"width:144px;height:auto\"\/><\/a><\/figure>\n","protected":false},"excerpt":{"rendered":"<p>La aparici\u00f3n de\u00a0canas\u00a0suele estar relacionada con el paso de los a\u00f1os y el\u00a0envejecimiento\u00a0de las personas, pero no siempre se deben a esto y pueden aparecer en la juventud. Los expertos de Harvard trabajaron sobre los fol\u00edculos capilares y descubrieron las causas de su aparici\u00f3n. Si bien\u00a0en la actualidad existe un empoderamiento de llevar el pelo [&hellip;]<\/p>\n","protected":false},"author":1,"featured_media":11000,"comment_status":"open","ping_status":"open","sticky":false,"template":"","format":"standard","meta":{"footnotes":""},"categories":[28],"tags":[],"class_list":["post-10998","post","type-post","status-publish","format-standard","has-post-thumbnail","hentry","category-portales-de-servicios-e-informacion"],"_links":{"self":[{"href":"https:\/\/argentinatermal.com.ar\/index.php?rest_route=\/wp\/v2\/posts\/10998","targetHints":{"allow":["GET"]}}],"collection":[{"href":"https:\/\/argentinatermal.com.ar\/index.php?rest_route=\/wp\/v2\/posts"}],"about":[{"href":"https:\/\/argentinatermal.com.ar\/index.php?rest_route=\/wp\/v2\/types\/post"}],"author":[{"embeddable":true,"href":"https:\/\/argentinatermal.com.ar\/index.php?rest_route=\/wp\/v2\/users\/1"}],"replies":[{"embeddable":true,"href":"https:\/\/argentinatermal.com.ar\/index.php?rest_route=%2Fwp%2Fv2%2Fcomments&post=10998"}],"version-history":[{"count":1,"href":"https:\/\/argentinatermal.com.ar\/index.php?rest_route=\/wp\/v2\/posts\/10998\/revisions"}],"predecessor-version":[{"id":11001,"href":"https:\/\/argentinatermal.com.ar\/index.php?rest_route=\/wp\/v2\/posts\/10998\/revisions\/11001"}],"wp:featuredmedia":[{"embeddable":true,"href":"https:\/\/argentinatermal.com.ar\/index.php?rest_route=\/wp\/v2\/media\/11000"}],"wp:attachment":[{"href":"https:\/\/argentinatermal.com.ar\/index.php?rest_route=%2Fwp%2Fv2%2Fmedia&parent=10998"}],"wp:term":[{"taxonomy":"category","embeddable":true,"href":"https:\/\/argentinatermal.com.ar\/index.php?rest_route=%2Fwp%2Fv2%2Fcategories&post=10998"},{"taxonomy":"post_tag","embeddable":true,"href":"https:\/\/argentinatermal.com.ar\/index.php?rest_route=%2Fwp%2Fv2%2Ftags&post=10998"}],"curies":[{"name":"wp","href":"https:\/\/api.w.org\/{rel}","templated":true}]}}