{"id":1100,"date":"2017-09-16T01:40:05","date_gmt":"2017-09-16T01:40:05","guid":{"rendered":"http:\/\/argentinatermal.com.ar\/?p=1100"},"modified":"2017-09-16T01:40:05","modified_gmt":"2017-09-16T01:40:05","slug":"carlos-cecco-encabezara-la-delegacion-de-entre-rios-en-termatalia-espana","status":"publish","type":"post","link":"https:\/\/argentinatermal.com.ar\/?p=1100","title":{"rendered":"Carlos Cecco encabezara la delegaci\u00f3n de Entre R\u00edos en Termatalia Espa\u00f1a"},"content":{"rendered":"<p>La nueva edici\u00f3n del evento m\u00e1s importante del termalismo mundial, se realizara del 21 y 22 de septiembre en Ourense, Galicia, Espa\u00f1a. FEHGRA y el Ministerio de Turismo de Entre R\u00edos, m\u00e1s tres representantes de las comunidades formar\u00e1n parte de la delegaci\u00f3n de Entre R\u00edos, donde Carlos Cecco, como pionero del termalismo en nuestra provincia, ser\u00e1 la figura m\u00e1s representativa de esta delegaci\u00f3n, donde tambi\u00e9n formara parte la Secretaria de turismo de Federaci\u00f3n, Graciela Racedo.<\/p>\n<p>En la brindada esta ma\u00f1ana a CONCORDIAHOY Graciela Racedo, comento que en la presentaci\u00f3n de Federaci\u00f3n en Termatalia, se contara la historia del primer pozo termal de la Mesopotamia argentina.<\/p>\n<p>Adem\u00e1s, la Secretaria de turismo, se\u00f1alo que formaran parte del stand de la provincia de Entre r\u00edos, \u201cpor eso vamos a llevar paquetes tur\u00edsticos de la hoteler\u00eda que tiene spa, y todo lo que proponen nuestras termas\u201d.<\/p>\n<p>Luego, Racedo, trajo a la memoria la experiencia de este evento cuando se realiz\u00f3 en las termas de Rio Hondo, \u201cdonde empezamos a tomar contacto con el turismo internacional y esta ser\u00e1 una buena oportunidad de seguir ampliando ese camino, sobre todo ahora que comenzaran los vuelos a la ciudad de Concordia\u201d, destaco.<\/p>\n<p>Y a\u00f1adi\u00f3 que: \u201cabrir nuevos mercados te da la posibilidad de llegar a m\u00e1s personas, as\u00ed que es bueno plantar la semilla, porque luego el boca a boca empieza a hacer lo propio\u201d, opino al tiempo de poner como ejemplo lo que paso en el Uruguay, \u201ccuando recibimos muchas cr\u00edticas de los opinologos, y sin embargo a la vista est\u00e1 que las promociones en ese pa\u00eds sirvieron y mucho\u201d, puntualizo.<\/p>\n<p>\u201cLa presencia del intendente Carlos Cecco, no es un tema menor, ya que es la figura m\u00e1s representativa de la delegaci\u00f3n de Entre R\u00edos, y m\u00e1s si se tiene en cuenta la referencia que tiene nuestro intendente cuando se habla de termalismo en nuestra provincia-agregando- que mi caso tratando de generar contactos para que esto realmente tenga sus frutos\u201d, apunto.<\/p>\n<p>Fuente:\u00a0http:\/\/concordiahoy.com.ar\/<\/p>\n","protected":false},"excerpt":{"rendered":"<p>La nueva edici\u00f3n del evento m\u00e1s importante del termalismo mundial, se realizara del 21 y 22 de septiembre en Ourense, Galicia, Espa\u00f1a. FEHGRA y el Ministerio de Turismo de Entre R\u00edos, m\u00e1s tres representantes de las comunidades formar\u00e1n parte de la delegaci\u00f3n de Entre R\u00edos, donde Carlos Cecco, como pionero del termalismo en nuestra provincia, [&hellip;]<\/p>\n","protected":false},"author":1,"featured_media":1101,"comment_status":"open","ping_status":"open","sticky":false,"template":"","format":"standard","meta":{"footnotes":""},"categories":[7],"tags":[],"class_list":["post-1100","post","type-post","status-publish","format-standard","has-post-thumbnail","hentry","category-argentina"],"_links":{"self":[{"href":"https:\/\/argentinatermal.com.ar\/index.php?rest_route=\/wp\/v2\/posts\/1100","targetHints":{"allow":["GET"]}}],"collection":[{"href":"https:\/\/argentinatermal.com.ar\/index.php?rest_route=\/wp\/v2\/posts"}],"about":[{"href":"https:\/\/argentinatermal.com.ar\/index.php?rest_route=\/wp\/v2\/types\/post"}],"author":[{"embeddable":true,"href":"https:\/\/argentinatermal.com.ar\/index.php?rest_route=\/wp\/v2\/users\/1"}],"replies":[{"embeddable":true,"href":"https:\/\/argentinatermal.com.ar\/index.php?rest_route=%2Fwp%2Fv2%2Fcomments&post=1100"}],"version-history":[{"count":1,"href":"https:\/\/argentinatermal.com.ar\/index.php?rest_route=\/wp\/v2\/posts\/1100\/revisions"}],"predecessor-version":[{"id":1102,"href":"https:\/\/argentinatermal.com.ar\/index.php?rest_route=\/wp\/v2\/posts\/1100\/revisions\/1102"}],"wp:featuredmedia":[{"embeddable":true,"href":"https:\/\/argentinatermal.com.ar\/index.php?rest_route=\/wp\/v2\/media\/1101"}],"wp:attachment":[{"href":"https:\/\/argentinatermal.com.ar\/index.php?rest_route=%2Fwp%2Fv2%2Fmedia&parent=1100"}],"wp:term":[{"taxonomy":"category","embeddable":true,"href":"https:\/\/argentinatermal.com.ar\/index.php?rest_route=%2Fwp%2Fv2%2Fcategories&post=1100"},{"taxonomy":"post_tag","embeddable":true,"href":"https:\/\/argentinatermal.com.ar\/index.php?rest_route=%2Fwp%2Fv2%2Ftags&post=1100"}],"curies":[{"name":"wp","href":"https:\/\/api.w.org\/{rel}","templated":true}]}}