{"id":11029,"date":"2025-09-26T10:06:33","date_gmt":"2025-09-26T13:06:33","guid":{"rendered":"https:\/\/argentinatermal.com.ar\/?p=11029"},"modified":"2025-09-26T10:06:34","modified_gmt":"2025-09-26T13:06:34","slug":"paipa-y-boyaca-confian-en-que-termatalia-sea-el-detonante-de-su-desarrollo-termal","status":"publish","type":"post","link":"https:\/\/argentinatermal.com.ar\/?p=11029","title":{"rendered":"Paipa y Boyac\u00e1 conf\u00edan en que Termatalia sea el detonante de su desarrollo termal"},"content":{"rendered":"\n<p><strong>>> Las ponencias de los 55 expertos de 13 pa\u00edses que participan en el VI Congreso Internacional sobre Agua y Salud servir\u00e1n de documentaci\u00f3n para que las distintas administraciones y el sector privado de Colombia elaboren una legislaci\u00f3n que regule el sector y que contribuya a su crecimiento<\/strong><\/p>\n\n\n\n<p>Con dos de las tres jornadas ya celebradas, los dos principales socios de Expourense en la organizaci\u00f3n de Termatalia Colombia 2025, la Gobernaci\u00f3n de Boyac\u00e1 y la Alcald\u00eda de Paipa, han mostrado ya su satisfacci\u00f3n por los resultados que est\u00e1 obteniendo esta feria, tanto por la calidad de los ponentes como por la cantidad y la implicaci\u00f3n de los asistentes. Ambas entidades conf\u00edan en que los conocimientos y las experiencias trasmitidas en este evento servir\u00e1n de documentaci\u00f3n para la elaboraci\u00f3n de una legislaci\u00f3n nacional que promueva y regule el turismo termal en Colombia y que contemple aspectos como los incentivos fiscales para las empresas del sector, el tratamiento de los vertidos y la protecci\u00f3n del acu\u00edfero.<\/p>\n\n\n\n<figure class=\"wp-block-gallery has-nested-images columns-default is-cropped wp-block-gallery-1 is-layout-flex wp-block-gallery-is-layout-flex\">\n<figure class=\"wp-block-image size-large\"><a href=\"https:\/\/argentinatermal.com.ar\/wp-content\/uploads\/2025\/09\/IMG_7865-scaled.jpg\"><img decoding=\"async\" width=\"1024\" height=\"683\" data-id=\"11032\" src=\"https:\/\/argentinatermal.com.ar\/wp-content\/uploads\/2025\/09\/IMG_7865-1024x683.jpg\" alt=\"\" class=\"wp-image-11032\" srcset=\"https:\/\/argentinatermal.com.ar\/wp-content\/uploads\/2025\/09\/IMG_7865-1024x683.jpg 1024w, https:\/\/argentinatermal.com.ar\/wp-content\/uploads\/2025\/09\/IMG_7865-300x200.jpg 300w, https:\/\/argentinatermal.com.ar\/wp-content\/uploads\/2025\/09\/IMG_7865-768x512.jpg 768w, https:\/\/argentinatermal.com.ar\/wp-content\/uploads\/2025\/09\/IMG_7865-1536x1024.jpg 1536w, https:\/\/argentinatermal.com.ar\/wp-content\/uploads\/2025\/09\/IMG_7865-2048x1366.jpg 2048w, https:\/\/argentinatermal.com.ar\/wp-content\/uploads\/2025\/09\/IMG_7865-696x464.jpg 696w, https:\/\/argentinatermal.com.ar\/wp-content\/uploads\/2025\/09\/IMG_7865-1068x712.jpg 1068w, https:\/\/argentinatermal.com.ar\/wp-content\/uploads\/2025\/09\/IMG_7865-630x420.jpg 630w, https:\/\/argentinatermal.com.ar\/wp-content\/uploads\/2025\/09\/IMG_7865-320x213.jpg 320w, https:\/\/argentinatermal.com.ar\/wp-content\/uploads\/2025\/09\/IMG_7865-480x320.jpg 480w, https:\/\/argentinatermal.com.ar\/wp-content\/uploads\/2025\/09\/IMG_7865-800x534.jpg 800w\" sizes=\"(max-width: 1024px) 100vw, 1024px\" \/><\/a><\/figure>\n\n\n\n<figure class=\"wp-block-image size-large\"><a href=\"https:\/\/argentinatermal.com.ar\/wp-content\/uploads\/2025\/09\/ALCALDE-PAIPA.jpg\"><img decoding=\"async\" width=\"785\" height=\"858\" data-id=\"11030\" src=\"https:\/\/argentinatermal.com.ar\/wp-content\/uploads\/2025\/09\/ALCALDE-PAIPA.jpg\" alt=\"\" class=\"wp-image-11030\" srcset=\"https:\/\/argentinatermal.com.ar\/wp-content\/uploads\/2025\/09\/ALCALDE-PAIPA.jpg 785w, https:\/\/argentinatermal.com.ar\/wp-content\/uploads\/2025\/09\/ALCALDE-PAIPA-274x300.jpg 274w, https:\/\/argentinatermal.com.ar\/wp-content\/uploads\/2025\/09\/ALCALDE-PAIPA-768x839.jpg 768w, https:\/\/argentinatermal.com.ar\/wp-content\/uploads\/2025\/09\/ALCALDE-PAIPA-696x761.jpg 696w, https:\/\/argentinatermal.com.ar\/wp-content\/uploads\/2025\/09\/ALCALDE-PAIPA-384x420.jpg 384w, https:\/\/argentinatermal.com.ar\/wp-content\/uploads\/2025\/09\/ALCALDE-PAIPA-320x350.jpg 320w, https:\/\/argentinatermal.com.ar\/wp-content\/uploads\/2025\/09\/ALCALDE-PAIPA-480x525.jpg 480w\" sizes=\"(max-width: 785px) 100vw, 785px\" \/><\/a><\/figure>\n\n\n\n<figure class=\"wp-block-image size-large\"><a href=\"https:\/\/argentinatermal.com.ar\/wp-content\/uploads\/2025\/09\/IMG_7831-1-scaled.jpg\"><img decoding=\"async\" width=\"1024\" height=\"618\" data-id=\"11031\" src=\"https:\/\/argentinatermal.com.ar\/wp-content\/uploads\/2025\/09\/IMG_7831-1-1024x618.jpg\" alt=\"\" class=\"wp-image-11031\" srcset=\"https:\/\/argentinatermal.com.ar\/wp-content\/uploads\/2025\/09\/IMG_7831-1-1024x618.jpg 1024w, https:\/\/argentinatermal.com.ar\/wp-content\/uploads\/2025\/09\/IMG_7831-1-300x181.jpg 300w, https:\/\/argentinatermal.com.ar\/wp-content\/uploads\/2025\/09\/IMG_7831-1-768x463.jpg 768w, https:\/\/argentinatermal.com.ar\/wp-content\/uploads\/2025\/09\/IMG_7831-1-1536x926.jpg 1536w, https:\/\/argentinatermal.com.ar\/wp-content\/uploads\/2025\/09\/IMG_7831-1-2048x1235.jpg 2048w, https:\/\/argentinatermal.com.ar\/wp-content\/uploads\/2025\/09\/IMG_7831-1-696x420.jpg 696w, https:\/\/argentinatermal.com.ar\/wp-content\/uploads\/2025\/09\/IMG_7831-1-1068x644.jpg 1068w, https:\/\/argentinatermal.com.ar\/wp-content\/uploads\/2025\/09\/IMG_7831-1-320x193.jpg 320w, https:\/\/argentinatermal.com.ar\/wp-content\/uploads\/2025\/09\/IMG_7831-1-480x290.jpg 480w, https:\/\/argentinatermal.com.ar\/wp-content\/uploads\/2025\/09\/IMG_7831-1-800x483.jpg 800w\" sizes=\"(max-width: 1024px) 100vw, 1024px\" \/><\/a><\/figure>\n<\/figure>\n\n\n\n<p>La secretaria de Turismo del Departamento de Boyac\u00e1, Ana Mar\u00eda Rojas, explic\u00f3 durante su visita a la feria que, \u201cTermatalia ser\u00e1 un punto de inflexi\u00f3n en el desarrollo de nuestro termalismo como motor econ\u00f3mico. La promoci\u00f3n internacional que nos ha dado este evento va a contribuir a que todo lo que ya estamos haciendo, crezca de forma exponencial\u201d.<\/p>\n\n\n\n<p>En la misma l\u00ednea, el alcalde de Paipa, Germ\u00e1n Camacho, indic\u00f3 que esta feria ser\u00e1 un detonante en el desarrollo termal de la regi\u00f3n. El alcalde explic\u00f3 la necesidad de ampliar el uso l\u00fadico de las termas incluyendo el sanitario como sucede en Europa, \u201chay que aprender de quienes ya lo han hecho y les ha funcionado\u201d. Las aguas termales son el principal recurso tur\u00edstico de Paipa, por lo que ser sede de Termatalia es para la alcald\u00eda \u201cuna oportunidad de oro que no vamos a desaprovechar\u201d.<\/p>\n\n\n\n<figure class=\"wp-block-gallery has-nested-images columns-default is-cropped wp-block-gallery-2 is-layout-flex wp-block-gallery-is-layout-flex\">\n<figure class=\"wp-block-image size-large\"><a href=\"https:\/\/argentinatermal.com.ar\/wp-content\/uploads\/2025\/09\/SECRETARIA-TURISMO-BOYACA-scaled.jpg\"><img decoding=\"async\" width=\"714\" height=\"1024\" data-id=\"11033\" src=\"https:\/\/argentinatermal.com.ar\/wp-content\/uploads\/2025\/09\/SECRETARIA-TURISMO-BOYACA-714x1024.jpg\" alt=\"\" class=\"wp-image-11033\" srcset=\"https:\/\/argentinatermal.com.ar\/wp-content\/uploads\/2025\/09\/SECRETARIA-TURISMO-BOYACA-714x1024.jpg 714w, https:\/\/argentinatermal.com.ar\/wp-content\/uploads\/2025\/09\/SECRETARIA-TURISMO-BOYACA-209x300.jpg 209w, https:\/\/argentinatermal.com.ar\/wp-content\/uploads\/2025\/09\/SECRETARIA-TURISMO-BOYACA-768x1102.jpg 768w, https:\/\/argentinatermal.com.ar\/wp-content\/uploads\/2025\/09\/SECRETARIA-TURISMO-BOYACA-1071x1536.jpg 1071w, https:\/\/argentinatermal.com.ar\/wp-content\/uploads\/2025\/09\/SECRETARIA-TURISMO-BOYACA-1427x2048.jpg 1427w, https:\/\/argentinatermal.com.ar\/wp-content\/uploads\/2025\/09\/SECRETARIA-TURISMO-BOYACA-696x999.jpg 696w, https:\/\/argentinatermal.com.ar\/wp-content\/uploads\/2025\/09\/SECRETARIA-TURISMO-BOYACA-1068x1532.jpg 1068w, https:\/\/argentinatermal.com.ar\/wp-content\/uploads\/2025\/09\/SECRETARIA-TURISMO-BOYACA-293x420.jpg 293w, https:\/\/argentinatermal.com.ar\/wp-content\/uploads\/2025\/09\/SECRETARIA-TURISMO-BOYACA-320x459.jpg 320w, https:\/\/argentinatermal.com.ar\/wp-content\/uploads\/2025\/09\/SECRETARIA-TURISMO-BOYACA-480x689.jpg 480w, https:\/\/argentinatermal.com.ar\/wp-content\/uploads\/2025\/09\/SECRETARIA-TURISMO-BOYACA-800x1148.jpg 800w, https:\/\/argentinatermal.com.ar\/wp-content\/uploads\/2025\/09\/SECRETARIA-TURISMO-BOYACA-scaled.jpg 1784w\" sizes=\"(max-width: 714px) 100vw, 714px\" \/><\/a><\/figure>\n\n\n\n<figure class=\"wp-block-image size-large\"><a href=\"https:\/\/argentinatermal.com.ar\/wp-content\/uploads\/2025\/09\/CONVERSATORIO.jpg\"><img decoding=\"async\" width=\"1024\" height=\"686\" data-id=\"11034\" src=\"https:\/\/argentinatermal.com.ar\/wp-content\/uploads\/2025\/09\/CONVERSATORIO-1024x686.jpg\" alt=\"\" class=\"wp-image-11034\" srcset=\"https:\/\/argentinatermal.com.ar\/wp-content\/uploads\/2025\/09\/CONVERSATORIO-1024x686.jpg 1024w, https:\/\/argentinatermal.com.ar\/wp-content\/uploads\/2025\/09\/CONVERSATORIO-300x201.jpg 300w, https:\/\/argentinatermal.com.ar\/wp-content\/uploads\/2025\/09\/CONVERSATORIO-768x514.jpg 768w, https:\/\/argentinatermal.com.ar\/wp-content\/uploads\/2025\/09\/CONVERSATORIO-696x466.jpg 696w, https:\/\/argentinatermal.com.ar\/wp-content\/uploads\/2025\/09\/CONVERSATORIO-1068x715.jpg 1068w, https:\/\/argentinatermal.com.ar\/wp-content\/uploads\/2025\/09\/CONVERSATORIO-627x420.jpg 627w, https:\/\/argentinatermal.com.ar\/wp-content\/uploads\/2025\/09\/CONVERSATORIO-320x214.jpg 320w, https:\/\/argentinatermal.com.ar\/wp-content\/uploads\/2025\/09\/CONVERSATORIO-480x321.jpg 480w, https:\/\/argentinatermal.com.ar\/wp-content\/uploads\/2025\/09\/CONVERSATORIO-800x536.jpg 800w, https:\/\/argentinatermal.com.ar\/wp-content\/uploads\/2025\/09\/CONVERSATORIO.jpg 1217w\" sizes=\"(max-width: 1024px) 100vw, 1024px\" \/><\/a><\/figure>\n\n\n\n<figure class=\"wp-block-image size-large\"><a href=\"https:\/\/argentinatermal.com.ar\/wp-content\/uploads\/2025\/09\/IMG_7798-scaled.jpg\"><img decoding=\"async\" width=\"1024\" height=\"683\" data-id=\"11035\" src=\"https:\/\/argentinatermal.com.ar\/wp-content\/uploads\/2025\/09\/IMG_7798-1024x683.jpg\" alt=\"\" class=\"wp-image-11035\" srcset=\"https:\/\/argentinatermal.com.ar\/wp-content\/uploads\/2025\/09\/IMG_7798-1024x683.jpg 1024w, https:\/\/argentinatermal.com.ar\/wp-content\/uploads\/2025\/09\/IMG_7798-300x200.jpg 300w, https:\/\/argentinatermal.com.ar\/wp-content\/uploads\/2025\/09\/IMG_7798-768x512.jpg 768w, https:\/\/argentinatermal.com.ar\/wp-content\/uploads\/2025\/09\/IMG_7798-1536x1024.jpg 1536w, https:\/\/argentinatermal.com.ar\/wp-content\/uploads\/2025\/09\/IMG_7798-2048x1365.jpg 2048w, https:\/\/argentinatermal.com.ar\/wp-content\/uploads\/2025\/09\/IMG_7798-696x464.jpg 696w, https:\/\/argentinatermal.com.ar\/wp-content\/uploads\/2025\/09\/IMG_7798-1068x712.jpg 1068w, https:\/\/argentinatermal.com.ar\/wp-content\/uploads\/2025\/09\/IMG_7798-630x420.jpg 630w, https:\/\/argentinatermal.com.ar\/wp-content\/uploads\/2025\/09\/IMG_7798-320x213.jpg 320w, https:\/\/argentinatermal.com.ar\/wp-content\/uploads\/2025\/09\/IMG_7798-480x320.jpg 480w, https:\/\/argentinatermal.com.ar\/wp-content\/uploads\/2025\/09\/IMG_7798-800x533.jpg 800w\" sizes=\"(max-width: 1024px) 100vw, 1024px\" \/><\/a><\/figure>\n<\/figure>\n\n\n\n<p>Durante este segundo d\u00eda, tanto las ponencias del VI Congreso Internacional sobre Agua y Salud como los Paneles Especializados registraron un aforo completo que incluyeron largos turnos de preguntas por parte del p\u00fablico que quiso aprovechar la presencia de los expertos para solventar sus dudas sobre aspectos como la legislaci\u00f3n, la formaci\u00f3n de profesionales del sector o sobre geotermia, entre otras.<\/p>\n\n\n\n<p>Esta segunda jornada concluy\u00f3 con una visita al Instituto Termal de Paipa, entidad que ha creado la primera Instituci\u00f3n Prestadora de Servicios &#8211; IPS termal del pa\u00eds que integra la atenci\u00f3n m\u00e9dica y la rehabilitaci\u00f3n f\u00edsica e integral con agua termal. La IPS cuenta con consultorios, gimnasio de rehabilitaci\u00f3n y una piscina termal adaptada para personas con movilidad reducida. El equipo interdisciplinario conformado por m\u00e9dico fisiatra, fisioterapeuta y m\u00e9dico deportivo acompa\u00f1a a pacientes y deportistas en sus procesos de recuperaci\u00f3n, combinando tecnolog\u00edas modernas como ultrasonido, ondas de choque y crioterapia con las propiedades terap\u00e9uticas del recurso natural.<br><\/p>\n","protected":false},"excerpt":{"rendered":"<p>>> Las ponencias de los 55 expertos de 13 pa\u00edses que participan en el VI Congreso Internacional sobre Agua y Salud servir\u00e1n de documentaci\u00f3n para que las distintas administraciones y el sector privado de Colombia elaboren una legislaci\u00f3n que regule el sector y que contribuya a su crecimiento Con dos de las tres jornadas ya [&hellip;]<\/p>\n","protected":false},"author":1,"featured_media":11035,"comment_status":"open","ping_status":"open","sticky":false,"template":"","format":"standard","meta":{"footnotes":""},"categories":[30],"tags":[],"class_list":["post-11029","post","type-post","status-publish","format-standard","has-post-thumbnail","hentry","category-temas-relacionados"],"_links":{"self":[{"href":"https:\/\/argentinatermal.com.ar\/index.php?rest_route=\/wp\/v2\/posts\/11029","targetHints":{"allow":["GET"]}}],"collection":[{"href":"https:\/\/argentinatermal.com.ar\/index.php?rest_route=\/wp\/v2\/posts"}],"about":[{"href":"https:\/\/argentinatermal.com.ar\/index.php?rest_route=\/wp\/v2\/types\/post"}],"author":[{"embeddable":true,"href":"https:\/\/argentinatermal.com.ar\/index.php?rest_route=\/wp\/v2\/users\/1"}],"replies":[{"embeddable":true,"href":"https:\/\/argentinatermal.com.ar\/index.php?rest_route=%2Fwp%2Fv2%2Fcomments&post=11029"}],"version-history":[{"count":1,"href":"https:\/\/argentinatermal.com.ar\/index.php?rest_route=\/wp\/v2\/posts\/11029\/revisions"}],"predecessor-version":[{"id":11036,"href":"https:\/\/argentinatermal.com.ar\/index.php?rest_route=\/wp\/v2\/posts\/11029\/revisions\/11036"}],"wp:featuredmedia":[{"embeddable":true,"href":"https:\/\/argentinatermal.com.ar\/index.php?rest_route=\/wp\/v2\/media\/11035"}],"wp:attachment":[{"href":"https:\/\/argentinatermal.com.ar\/index.php?rest_route=%2Fwp%2Fv2%2Fmedia&parent=11029"}],"wp:term":[{"taxonomy":"category","embeddable":true,"href":"https:\/\/argentinatermal.com.ar\/index.php?rest_route=%2Fwp%2Fv2%2Fcategories&post=11029"},{"taxonomy":"post_tag","embeddable":true,"href":"https:\/\/argentinatermal.com.ar\/index.php?rest_route=%2Fwp%2Fv2%2Ftags&post=11029"}],"curies":[{"name":"wp","href":"https:\/\/api.w.org\/{rel}","templated":true}]}}