{"id":11037,"date":"2025-09-29T13:37:50","date_gmt":"2025-09-29T16:37:50","guid":{"rendered":"https:\/\/argentinatermal.com.ar\/?p=11037"},"modified":"2025-09-29T13:37:51","modified_gmt":"2025-09-29T16:37:51","slug":"segun-scioli-fit-2025-con-record-de-visitantes-y-exito-en-ventas","status":"publish","type":"post","link":"https:\/\/argentinatermal.com.ar\/?p=11037","title":{"rendered":"Seg\u00fan Scioli! FIT 2025 con r\u00e9cord de visitantes y \u00e9xito en ventas"},"content":{"rendered":"\n<p><strong><em>En la segunda jornada, Scioli anunci\u00f3 el lanzamiento de un programa que impulsa la promoci\u00f3n digital de los destinos tur\u00edsticos de la Argentina y recorri\u00f3 los stands de las provincias en la feria.<\/em><\/strong><\/p>\n\n\n\n<p>El secretario de Turismo, Ambiente y Deportes de la Naci\u00f3n,&nbsp;<strong>Daniel Scioli<\/strong>, destac\u00f3 el \u00e9xito de la edici\u00f3n 2025 de la FIT \u2014que en sus dos primeras jornadas ya convoc\u00f3 a&nbsp;<strong>m\u00e1s de 130.000 visitantes<\/strong>\u2014, subray\u00f3 que la feria tambi\u00e9n resulta fruct\u00edfera en la venta de productos tur\u00edsticos con un&nbsp;<strong>alto nivel de operaciones concretadas<\/strong>&nbsp;y recorri\u00f3 los stands desde los que las provincias promocionan sus atractivos.<\/p>\n\n\n\n<p>Antes de la recorrida, en la presentaci\u00f3n del programa Promover Verano en Argentina creado con el objetivo de acompa\u00f1ar a los destinos tur\u00edsticos de todo el pa\u00eds en la promoci\u00f3n digital de su oferta, Scioli convoc\u00f3 al presidente de la FIT,&nbsp;<strong>Andr\u00e9s Dey\u00e1<\/strong>, quien comunic\u00f3 que&nbsp;<em>\u201cla apertura de la feria tuvo una jornada inicial con m\u00e1s de 62.000 visitantes y una segunda con un n\u00famero superior, tras un acto de apertura hist\u00f3rico\u201d<\/em>, en el que particip\u00f3 el presidente&nbsp;<strong>Javier Milei<\/strong>, el primer mandatario en concurrir a esta ceremonia.<\/p>\n\n\n\n<p>El secretario nacional tambi\u00e9n comparti\u00f3 el estrado con la presidenta de la C\u00e1mara Argentina de Turismo (CAT),&nbsp;<strong>Laura Teruel<\/strong>, quien puntualiz\u00f3 que en la FIT&nbsp;<em>\u201cse est\u00e1 registrando una cantidad de ventas de productos y servicios tur\u00edsticos muy importante, cuyos resultados anticipan una temporada de verano con mucha actividad\u201d<\/em>.<\/p>\n\n\n\n<p>Como parte de la agenda de la jornada,&nbsp;<strong>Scioli<\/strong>, acompa\u00f1ado por el gobernador de Entre R\u00edos,&nbsp;<strong>Rogelio Frigerio<\/strong>, hizo entrega de la resoluci\u00f3n que declara al&nbsp;<strong>carnaval de Gualeguaych\u00fa como fiesta nacional<\/strong>. En el acto, el secretario de Turismo declar\u00f3:&nbsp;<em>\u201cEstuvieron 45 a\u00f1os perseverando para que llegue este justo reconocimiento\u201d<\/em>. Adem\u00e1s, destac\u00f3 que&nbsp;<em>\u201cdetr\u00e1s del carnaval hay una expresi\u00f3n cultural, de trabajo y de alegr\u00eda\u201d<\/em>.<\/p>\n\n\n\n<p>Por su parte,&nbsp;<strong>Frigerio<\/strong>&nbsp;agradeci\u00f3 el acompa\u00f1amiento nacional en la promoci\u00f3n del turismo de la provincia y expres\u00f3:&nbsp;<em>\u201cHoy tenemos el honor de recibir esta distinci\u00f3n en nombre de los verdaderos protagonistas, los integrantes de la gran familia de Gualeguaych\u00fa\u201d. \u201cEstoy muy orgulloso del carnaval que tenemos\u201d<\/em>, sum\u00f3.<\/p>\n\n\n\n<p>En cuanto al programa lanzado en el auditorio de la feria, el director nacional de Desarrollo y Promoci\u00f3n de la Secretar\u00eda,&nbsp;<strong>Pablo Cagnoni<\/strong>, explic\u00f3 que el foco de Promover Verano en Argentina est\u00e1 puesto en acompa\u00f1ar a los destinos tur\u00edsticos durante la temporada que concentra la mayor\u00eda de los viajes internos, facilitando la realizaci\u00f3n de&nbsp;<strong>campa\u00f1as creativas y la adquisici\u00f3n de equipamiento<\/strong>&nbsp;necesario para ejecutarlas.<\/p>\n\n\n\n<figure class=\"wp-block-image\"><img decoding=\"async\" src=\"https:\/\/www.argentina.gob.ar\/sites\/default\/files\/whatsapp_image_2025-09-28_at_18.46.17.jpeg\" alt=\"\" \/><\/figure>\n\n\n\n<p>En la segunda jornada de la FIT, tambi\u00e9n tuvo lugar la tercera edici\u00f3n del conversatorio&nbsp;<strong>Best Tourism Villages<\/strong>&nbsp;\u2014la presentaci\u00f3n de las&nbsp;<strong>ocho candidaturas argentinas<\/strong>&nbsp;a los mejores pueblos tur\u00edsticos del mundo\u2014 con el objetivo de compartir aprendizajes e intercambiar experiencias de las postulaciones de cada pueblo, a cargo de sus respectivos referentes p\u00fablicos.<\/p>\n\n\n\n<p>Los&nbsp;<strong>candidatos argentinos al programa de ONU Turismo<\/strong>, Best Tourism Villages, son Seclant\u00e1s (Salta), Famatina (La Rioja), Uspallata (Mendoza), Villa Elisa (Entre R\u00edos), Carlos Pellegrini (Corrientes), Saldungaray (Buenos Aires), San Javier y Yacanto (C\u00f3rdoba) y Maimar\u00e1 (Jujuy).<\/p>\n\n\n\n<p>Asimismo, se present\u00f3 la&nbsp;<strong>\u201cGu\u00eda para pueblos y experiencias argentinas\u201d<\/strong>, de la Subsecretar\u00eda de Turismo, que pone en valor la&nbsp;<strong>peatonalizaci\u00f3n como estrategia clave para el desarrollo tur\u00edstico<\/strong>&nbsp;en pueblos distinguidos por el programa Best Tourism Villages. De esta manera, se destacan los beneficios sociales, ambientales y econ\u00f3micos. Representantes de los pueblos La Cumbrecita y La Carolina compartieron sus experiencias.<\/p>\n\n\n\n<p>Entre otras actividades, Scioli particip\u00f3 de la presentaci\u00f3n de&nbsp;<strong>CAT Woman Summit Mar del Plata<\/strong>, en el stand de esa ciudad, acompa\u00f1ado por Laura Teruel. All\u00ed reconoci\u00f3 el posicionamiento de Mar del Plata nivel nacional, al se\u00f1alar que&nbsp;<em>\u201cno es casualidad sino del trabajo que han hecho para atraer visitantes, especialmente j\u00f3venes\u201d<\/em>.<\/p>\n\n\n\n<p>La agenda de la FIT tambi\u00e9n incluy\u00f3 hoy la presentaci\u00f3n del&nbsp;<strong>Global Big Day Argentina<\/strong>, con la participaci\u00f3n del presidente de la Administraci\u00f3n de Parques Nacionales,&nbsp;<strong>Sergio \u00c1lvarez<\/strong>. El mismo se realizar\u00e1 el 11 de octubre y se caracteriza por ser el mayor evento mundial de observaci\u00f3n de aves.<\/p><p><\/p>\n","protected":false},"excerpt":{"rendered":"<p>En la segunda jornada, Scioli anunci\u00f3 el lanzamiento de un programa que impulsa la promoci\u00f3n digital de los destinos tur\u00edsticos de la Argentina y recorri\u00f3 los stands de las provincias en la feria. El secretario de Turismo, Ambiente y Deportes de la Naci\u00f3n,&nbsp;Daniel Scioli, destac\u00f3 el \u00e9xito de la edici\u00f3n 2025 de la FIT \u2014que [&hellip;]<\/p>\n","protected":false},"author":1,"featured_media":11038,"comment_status":"open","ping_status":"open","sticky":false,"template":"","format":"standard","meta":{"footnotes":""},"categories":[7],"tags":[],"class_list":["post-11037","post","type-post","status-publish","format-standard","has-post-thumbnail","hentry","category-argentina"],"_links":{"self":[{"href":"https:\/\/argentinatermal.com.ar\/index.php?rest_route=\/wp\/v2\/posts\/11037","targetHints":{"allow":["GET"]}}],"collection":[{"href":"https:\/\/argentinatermal.com.ar\/index.php?rest_route=\/wp\/v2\/posts"}],"about":[{"href":"https:\/\/argentinatermal.com.ar\/index.php?rest_route=\/wp\/v2\/types\/post"}],"author":[{"embeddable":true,"href":"https:\/\/argentinatermal.com.ar\/index.php?rest_route=\/wp\/v2\/users\/1"}],"replies":[{"embeddable":true,"href":"https:\/\/argentinatermal.com.ar\/index.php?rest_route=%2Fwp%2Fv2%2Fcomments&post=11037"}],"version-history":[{"count":1,"href":"https:\/\/argentinatermal.com.ar\/index.php?rest_route=\/wp\/v2\/posts\/11037\/revisions"}],"predecessor-version":[{"id":11039,"href":"https:\/\/argentinatermal.com.ar\/index.php?rest_route=\/wp\/v2\/posts\/11037\/revisions\/11039"}],"wp:featuredmedia":[{"embeddable":true,"href":"https:\/\/argentinatermal.com.ar\/index.php?rest_route=\/wp\/v2\/media\/11038"}],"wp:attachment":[{"href":"https:\/\/argentinatermal.com.ar\/index.php?rest_route=%2Fwp%2Fv2%2Fmedia&parent=11037"}],"wp:term":[{"taxonomy":"category","embeddable":true,"href":"https:\/\/argentinatermal.com.ar\/index.php?rest_route=%2Fwp%2Fv2%2Fcategories&post=11037"},{"taxonomy":"post_tag","embeddable":true,"href":"https:\/\/argentinatermal.com.ar\/index.php?rest_route=%2Fwp%2Fv2%2Ftags&post=11037"}],"curies":[{"name":"wp","href":"https:\/\/api.w.org\/{rel}","templated":true}]}}