{"id":11052,"date":"2025-10-01T11:22:49","date_gmt":"2025-10-01T14:22:49","guid":{"rendered":"https:\/\/argentinatermal.com.ar\/?p=11052"},"modified":"2025-10-01T11:23:48","modified_gmt":"2025-10-01T14:23:48","slug":"ibtm-world-foro-de-defensa-2025-un-espacio-para-redefinir-el-futuro-de-la-industria-de-eventos","status":"publish","type":"post","link":"https:\/\/argentinatermal.com.ar\/?p=11052","title":{"rendered":"IBTM World: Foro de Defensa 2025, un espacio para redefinir el futuro de la industria de eventos"},"content":{"rendered":"\n<p><strong><em>En el marco de IBTM World 2025, el Foro de Defensa reunir\u00e1 a l\u00edderes del sector y responsables pol\u00edticos para debatir sobre el impacto econ\u00f3mico y social de los eventos de negocios. Este encuentro exclusivo busca fortalecer la voz de la industria, promover pol\u00edticas p\u00fablicas favorables y fomentar la colaboraci\u00f3n internacional para un crecimiento sostenible y equitativo<\/em><\/strong><\/p>\n\n\n\n<p>Organizado en colaboraci\u00f3n con The Business of Events, el Foro reunir\u00e1 a un grupo de l\u00edderes s\u00e9nior, legisladores y personas influyentes en el Hotel Miramar Barcelona el lunes 17 de noviembre para debatir las cuestiones m\u00e1s urgentes que enfrenta la industria. Este a\u00f1o, asistir\u00e1n representantes de Canad\u00e1, Islandia, Jap\u00f3n, Nueva York, Reino Unido, Glasgow, Irlanda y Estonia.<\/p>\n\n\n\n<p>Los temas en la agenda incluyen c\u00f3mo trabajar juntos de manera efectiva para hacer crecer la econom\u00eda global de eventos, qu\u00e9 pol\u00edticas podr\u00edan alentar a los formuladores de pol\u00edticas a ayudar a liberar el potencial de la industria y, finalmente, c\u00f3mo defender con \u00e9xito el valor del sector de eventos entre pol\u00edticos y formuladores de pol\u00edticas.<\/p>\n\n\n\n<p>El evento de este a\u00f1o se basa en el \u00e9xito del Foro inaugural para la Defensa de los Derechos que reuni\u00f3 a 80 l\u00edderes y formuladores de pol\u00edticas de alto nivel de todo el mundo en 2024. Los resultados de los debates del Foro se presentar\u00e1n en el escenario principal de IBTM World el martes a las 13:20 h.<\/p>\n\n\n\n<p>La directora de exposiciones de IBTM World, Claudia Hall, inaugurar\u00e1 el foro. Claudia comenta: \u00abEl Foro de Promoci\u00f3n es m\u00e1s que un evento: es un llamado a la acci\u00f3n. Es un elemento central de IBTM World, y cada edici\u00f3n comienza con una conversaci\u00f3n audaz sobre c\u00f3mo impulsar el impacto del sector de eventos tanto en la sociedad como en las econom\u00edas. En IBTM, nuestro lema es Personas. Poder. Potencial, y el Foro encarna plenamente esa convicci\u00f3n. Es nuestra plataforma compartida para generar posibilidades, amplificar voces y trazar un futuro m\u00e1s s\u00f3lido y empoderado para nuestra industria. Es un honor para m\u00ed formar parte de este evento, escuchar, aprender y aportar las perspectivas del Foro a IBTM World\u00bb.<\/p>\n\n\n\n<p>El Foro Mundial de Defensa de los Derechos de los Ni\u00f1os de IBTM cuenta con el apoyo de siete organizaciones l\u00edderes, entre ellas ICCA, PCMA, IAPCO, Events Industry Council, Joint Meetings Industry Council, City DNA y SANCBE.<\/p>\n\n\n\n<p>Sherrif Karamat CAE, presidente y director ejecutivo de PCMA, comenta: \u00abRecuerden esta fecha: lunes 17 de noviembre de 2025. Es la segunda edici\u00f3n del Foro IBTM para la Defensa de los Derechos de los Ciudadanos, en colaboraci\u00f3n con The Business of Events. Participar en este Foro es mucho m\u00e1s que obtener informaci\u00f3n valiosa sobre los principales temas de actualidad. Es donde los l\u00edderes de la industria, el gobierno y la comunidad se unen para influir en los responsables pol\u00edticos sobre lo que afecta a nuestra industria y por qu\u00e9 deber\u00eda ser importante para ellos\u00bb.<\/p>\n\n\n\n<p>Martin Boyle, director ejecutivo de IAPCO, afirma: \u00abSi bien sigue siendo un pilar estrat\u00e9gico clave de IAPCO, nuestras iniciativas de promoci\u00f3n se centran principalmente en el valor que una OCP acreditada aporta a los clientes y en el papel que desempe\u00f1a IAPCO en el profesionalismo de nuestra industria. Es fundamental que los l\u00edderes de las numerosas asociaciones y organizaciones globales de la industria de reuniones tengan oportunidades adecuadas para compartir puntos de vista, objetivos y datos, de modo que, juntos, podamos promover el valor de nuestra diversa industria con un mensaje claro y unificado. El Foro Mundial de Promoci\u00f3n de IBTM es una plataforma para apoyar esto\u00bb.<\/p>\n\n\n\n<p>El Dr. Senthil Gopinath, director ejecutivo de ICCA, a\u00f1ade: \u00abEs un honor para m\u00ed asistir una vez m\u00e1s al Foro de Defensa de la IBTM en Barcelona este a\u00f1o. La IBTM no es una simple reuni\u00f3n m\u00e1s del sector, sino un momento estrat\u00e9gico para que ayudemos a definir pol\u00edticas, a potenciar el valor de los eventos empresariales e impulsar el cambio global\u00bb.<\/p>\n\n\n\n<p>Espero con inter\u00e9s ayudar a garantizar que los gobiernos comprendan y apoyen toda la cadena de valor de los eventos empresariales, no solo los recintos, sino tambi\u00e9n las asociaciones, los destinos y los proveedores. Me dedico a impulsar la promoci\u00f3n del desarrollo empresarial y la tecnolog\u00eda para que nuestra industria pueda prosperar. Y, por \u00faltimo, me entusiasma unirme a otros l\u00edderes para establecer una agenda com\u00fan: donde las pol\u00edticas, la inversi\u00f3n y la acci\u00f3n estrat\u00e9gica sigan la visi\u00f3n que compartimos.<\/p>\n\n\n\n<p>Despu\u00e9s del Foro, los invitados tendr\u00e1n la oportunidad de continuar las conversaciones informales en la Recepci\u00f3n de la Red de Liderazgo de Reuniones.<\/p>\n\n\n\n<p>Fuente: IBTM World.<\/p>\n<p>\u00a0<\/p>\n","protected":false},"excerpt":{"rendered":"<p>En el marco de IBTM World 2025, el Foro de Defensa reunir\u00e1 a l\u00edderes del sector y responsables pol\u00edticos para debatir sobre el impacto econ\u00f3mico y social de los eventos de negocios. Este encuentro exclusivo busca fortalecer la voz de la industria, promover pol\u00edticas p\u00fablicas favorables y fomentar la colaboraci\u00f3n internacional para un crecimiento sostenible [&hellip;]<\/p>\n","protected":false},"author":1,"featured_media":11053,"comment_status":"open","ping_status":"open","sticky":false,"template":"","format":"standard","meta":{"footnotes":""},"categories":[12],"tags":[],"class_list":["post-11052","post","type-post","status-publish","format-standard","has-post-thumbnail","hentry","category-internacionales"],"_links":{"self":[{"href":"https:\/\/argentinatermal.com.ar\/index.php?rest_route=\/wp\/v2\/posts\/11052","targetHints":{"allow":["GET"]}}],"collection":[{"href":"https:\/\/argentinatermal.com.ar\/index.php?rest_route=\/wp\/v2\/posts"}],"about":[{"href":"https:\/\/argentinatermal.com.ar\/index.php?rest_route=\/wp\/v2\/types\/post"}],"author":[{"embeddable":true,"href":"https:\/\/argentinatermal.com.ar\/index.php?rest_route=\/wp\/v2\/users\/1"}],"replies":[{"embeddable":true,"href":"https:\/\/argentinatermal.com.ar\/index.php?rest_route=%2Fwp%2Fv2%2Fcomments&post=11052"}],"version-history":[{"count":2,"href":"https:\/\/argentinatermal.com.ar\/index.php?rest_route=\/wp\/v2\/posts\/11052\/revisions"}],"predecessor-version":[{"id":11055,"href":"https:\/\/argentinatermal.com.ar\/index.php?rest_route=\/wp\/v2\/posts\/11052\/revisions\/11055"}],"wp:featuredmedia":[{"embeddable":true,"href":"https:\/\/argentinatermal.com.ar\/index.php?rest_route=\/wp\/v2\/media\/11053"}],"wp:attachment":[{"href":"https:\/\/argentinatermal.com.ar\/index.php?rest_route=%2Fwp%2Fv2%2Fmedia&parent=11052"}],"wp:term":[{"taxonomy":"category","embeddable":true,"href":"https:\/\/argentinatermal.com.ar\/index.php?rest_route=%2Fwp%2Fv2%2Fcategories&post=11052"},{"taxonomy":"post_tag","embeddable":true,"href":"https:\/\/argentinatermal.com.ar\/index.php?rest_route=%2Fwp%2Fv2%2Ftags&post=11052"}],"curies":[{"name":"wp","href":"https:\/\/api.w.org\/{rel}","templated":true}]}}