{"id":11061,"date":"2025-10-06T10:36:31","date_gmt":"2025-10-06T13:36:31","guid":{"rendered":"https:\/\/argentinatermal.com.ar\/?p=11061"},"modified":"2025-10-06T10:36:32","modified_gmt":"2025-10-06T13:36:32","slug":"nobu-hotel-los-cabos-regresa-con-la-segunda-edicion-del-evento-de-arte-on-exhibition-en-colaboracion-con-chayul-collective","status":"publish","type":"post","link":"https:\/\/argentinatermal.com.ar\/?p=11061","title":{"rendered":"Nobu Hotel Los Cabos regresa con la segunda edici\u00f3n del evento de arte On Exhibition en colaboraci\u00f3n con Chayul Collective"},"content":{"rendered":"\n<p><strong><em>Una semana de experiencias inmersivas reunir\u00e1 a artistas internacionales con propuestas que combinan cultura, creatividad y lujo frente al mar de Baja California Sur<\/em><\/strong><\/p>\n\n\n\n<p>Nobu Hotel Los Cabos se transformar\u00e1 en un espacio de encuentro cultural con la segunda edici\u00f3n de\u00a0<em>On Exhibition<\/em>, un programa que celebra el arte en todas sus formas. Durante siete d\u00edas, el resort recibir\u00e1 a creadores y visitantes en un entorno donde se integran exhibiciones, galer\u00edas, demostraciones en vivo y la posibilidad de adquirir piezas \u00fanicas.<\/p>\n\n\n\n<p>En colaboraci\u00f3n con\u00a0<strong>Chayul Collective<\/strong>, colectivo que dise\u00f1a experiencias pop-up para conectar a las personas a trav\u00e9s del arte, esta edici\u00f3n girar\u00e1 en torno al tema\u00a0<em>\u00abUn sentido de pertenencia\u00bb<\/em>. La propuesta invita tanto a artistas como a asistentes a reflexionar sobre qu\u00e9 significa encontrar un hogar lejos de casa, as\u00ed como en la propia identidad y memoria.<\/p>\n\n\n\n<p>\u00abA medida que seguimos refinando nuestro enfoque en la hospitalidad, nuestro objetivo es crear un entorno que combine a la perfecci\u00f3n cultura y lujo\u00bb, destac\u00f3\u00a0<strong>Luciano Eduardo Valdez<\/strong>, Gerente General de Nobu Hotel Los Cabos. \u00abQueremos que cada hu\u00e9sped disfrute experiencias significativas y se lleve un aprecio m\u00e1s profundo por el arte, la cultura y la conexi\u00f3n\u00bb.<\/p>\n\n\n\n<p>El programa contar\u00e1 con un grupo diverso de artistas de distintas disciplinas. Entre ellos:<\/p>\n\n\n\n<ul class=\"wp-block-list\">\n<li><strong>Beatriz Cifuentes<\/strong>, artista textil nicarag\u00fcense radicada en Nueva York, que aborda en sus tapices temas de identidad, comunidad, di\u00e1spora e intimidad.<\/li>\n\n\n\n<li><strong>Nicol\u00e1s Manrique<\/strong>, dise\u00f1ador colombiano nominado al Emmy, reconocido por su trabajo de animaci\u00f3n 3D con un estilo surrealista y vanguardista.<\/li>\n\n\n\n<li><strong>Jenna Krypell<\/strong>, escultora y pintora de Brooklyn, que fusiona arte y dise\u00f1o con formas audaces y su pasi\u00f3n por la pintura al \u00f3leo.<\/li>\n\n\n\n<li><strong>Mateo Sicilia<\/strong>, cineasta que recurre a la comedia oscura y la s\u00e1tira para explorar identidad, poder y din\u00e1micas sociales.<\/li>\n\n\n\n<li><strong>Julia Wheatley<\/strong>, artista visual con exhibiciones internacionales que combina color, puntillismo y collage para entretejer experiencias de vida.<\/li>\n<\/ul>\n\n\n\n<p>La propuesta tambi\u00e9n suma un componente sonoro con&nbsp;<strong>Markciano<\/strong>, productor y DJ peruano radicado en Nueva York que fusiona salsa y cumbia con house, y&nbsp;<strong>Frank Alcock<\/strong>, artista venezolano afincado en Brooklyn que combina disco, house y ritmos latinos para crear un paisaje sonoro energ\u00e9tico y multicultural.<\/p>\n\n\n\n<p>Con esta segunda edici\u00f3n,\u00a0<em>On Exhibition<\/em>\u00a0reafirma la visi\u00f3n de Nobu Hotel Los Cabos de integrar hospitalidad, arte y cultura en un mismo escenario, ofreciendo a sus hu\u00e9spedes y visitantes una experiencia \u00fanica en la regi\u00f3n.<\/p>\n\n\n\n<figure class=\"wp-block-image size-full is-resized\"><a href=\"https:\/\/argentinatermal.com.ar\/wp-content\/uploads\/2023\/01\/Captura-web_17-1-2023_9268_es.travel2latam.com_.jpeg\"><img decoding=\"async\" width=\"368\" height=\"55\" src=\"https:\/\/argentinatermal.com.ar\/wp-content\/uploads\/2023\/01\/Captura-web_17-1-2023_9268_es.travel2latam.com_.jpeg\" alt=\"\" class=\"wp-image-6218\" style=\"width:294px;height:auto\" srcset=\"https:\/\/argentinatermal.com.ar\/wp-content\/uploads\/2023\/01\/Captura-web_17-1-2023_9268_es.travel2latam.com_.jpeg 368w, https:\/\/argentinatermal.com.ar\/wp-content\/uploads\/2023\/01\/Captura-web_17-1-2023_9268_es.travel2latam.com_-300x45.jpeg 300w, https:\/\/argentinatermal.com.ar\/wp-content\/uploads\/2023\/01\/Captura-web_17-1-2023_9268_es.travel2latam.com_-320x48.jpeg 320w\" sizes=\"(max-width: 368px) 100vw, 368px\" \/><\/a><\/figure>\n","protected":false},"excerpt":{"rendered":"<p>Una semana de experiencias inmersivas reunir\u00e1 a artistas internacionales con propuestas que combinan cultura, creatividad y lujo frente al mar de Baja California Sur Nobu Hotel Los Cabos se transformar\u00e1 en un espacio de encuentro cultural con la segunda edici\u00f3n de\u00a0On Exhibition, un programa que celebra el arte en todas sus formas. Durante siete d\u00edas, [&hellip;]<\/p>\n","protected":false},"author":1,"featured_media":11062,"comment_status":"open","ping_status":"open","sticky":false,"template":"","format":"standard","meta":{"footnotes":""},"categories":[28],"tags":[],"class_list":["post-11061","post","type-post","status-publish","format-standard","has-post-thumbnail","hentry","category-portales-de-servicios-e-informacion"],"_links":{"self":[{"href":"https:\/\/argentinatermal.com.ar\/index.php?rest_route=\/wp\/v2\/posts\/11061","targetHints":{"allow":["GET"]}}],"collection":[{"href":"https:\/\/argentinatermal.com.ar\/index.php?rest_route=\/wp\/v2\/posts"}],"about":[{"href":"https:\/\/argentinatermal.com.ar\/index.php?rest_route=\/wp\/v2\/types\/post"}],"author":[{"embeddable":true,"href":"https:\/\/argentinatermal.com.ar\/index.php?rest_route=\/wp\/v2\/users\/1"}],"replies":[{"embeddable":true,"href":"https:\/\/argentinatermal.com.ar\/index.php?rest_route=%2Fwp%2Fv2%2Fcomments&post=11061"}],"version-history":[{"count":1,"href":"https:\/\/argentinatermal.com.ar\/index.php?rest_route=\/wp\/v2\/posts\/11061\/revisions"}],"predecessor-version":[{"id":11063,"href":"https:\/\/argentinatermal.com.ar\/index.php?rest_route=\/wp\/v2\/posts\/11061\/revisions\/11063"}],"wp:featuredmedia":[{"embeddable":true,"href":"https:\/\/argentinatermal.com.ar\/index.php?rest_route=\/wp\/v2\/media\/11062"}],"wp:attachment":[{"href":"https:\/\/argentinatermal.com.ar\/index.php?rest_route=%2Fwp%2Fv2%2Fmedia&parent=11061"}],"wp:term":[{"taxonomy":"category","embeddable":true,"href":"https:\/\/argentinatermal.com.ar\/index.php?rest_route=%2Fwp%2Fv2%2Fcategories&post=11061"},{"taxonomy":"post_tag","embeddable":true,"href":"https:\/\/argentinatermal.com.ar\/index.php?rest_route=%2Fwp%2Fv2%2Ftags&post=11061"}],"curies":[{"name":"wp","href":"https:\/\/api.w.org\/{rel}","templated":true}]}}