{"id":11066,"date":"2025-10-07T11:26:59","date_gmt":"2025-10-07T14:26:59","guid":{"rendered":"https:\/\/argentinatermal.com.ar\/?p=11066"},"modified":"2025-10-07T11:26:59","modified_gmt":"2025-10-07T14:26:59","slug":"se-presento-el-encuentro-de-geoturismo-geoparques-y-volcanes","status":"publish","type":"post","link":"https:\/\/argentinatermal.com.ar\/?p=11066","title":{"rendered":"Se present\u00f3 el encuentro de geoturismo, geoparques y volcanes"},"content":{"rendered":"\n<p><strong><em>El evento, que reunir\u00e1 a destacados especialistas de Am\u00e9rica Latina, se present\u00f3 en la Feria Internacional de Turismo con la exposici\u00f3n del ge\u00f3logo Alberto Caselli. Ser\u00e1 del 26 al 28 de noviembre en Caviahue-Copahue.<\/em><\/strong><\/p>\n\n\n\n<p>En el \u00e1mbito de la Feria Internacional de Turismo (FIT), el ge\u00f3logo\u00a0<strong>Alberto Caselli,<\/strong>\u00a0presidente del Segundo Encuentro Internacional de Geoturismo, Geoparques y Volcanes, present\u00f3 oficialmente el evento que se realizar\u00e1 del 26 al 28 de noviembre en Caviahue-Copahue.<\/p>\n\n\n\n<p>Durante la exposici\u00f3n, Caselli comparti\u00f3 el origen de esta iniciativa y destac\u00f3 la importancia de la elecci\u00f3n de la sede.\u00a0<em>\u201cEl primer encuentro internacional se hizo en Colombia, organizado por la Universidad de Bogot\u00e1. All\u00ed present\u00e9 el proyecto de Geoparque para el Alto Neuqu\u00e9n y propuse que la pr\u00f3xima edici\u00f3n se realizara en Argentina. Me parec\u00eda que Caviahue re\u00fane las condiciones ideales: un entorno geol\u00f3gico \u00fanico y el volc\u00e1n Copahue, el \u00fanico activo del pa\u00eds\u201d,<\/em>\u00a0explic\u00f3.<\/p>\n\n\n\n<p>El especialista tambi\u00e9n remarc\u00f3 el inter\u00e9s generado por esta segunda edici\u00f3n. \u201c<em>Hicimos una convocatoria para presentar trabajos y me sorprendi\u00f3 la respuesta: recibimos alrededor de 70 propuestas, entre ponencias y p\u00f3sters. Eso demuestra que hay un gran inter\u00e9s en la tem\u00e1tica, porque se trata de una modalidad innovadora de turismo que en Argentina todav\u00eda est\u00e1 en pa\u00f1ales, pero que en el mundo est\u00e1 creciendo\u201d<\/em>, se\u00f1al\u00f3.<\/p>\n\n\n\n<p>Caselli destac\u00f3 que el objetivo del encuentro es generar un espacio de intercambio entre la ciencia, el turismo y las comunidades locales:&nbsp;<em>\u201cLo importante es que cada participante pueda enriquecerse y llevarse nuevas ideas. Queremos que no sea un congreso \u00fanicamente cient\u00edfico, sino tambi\u00e9n un espacio cercano, que permita dialogar y construir proyectos conjuntos\u201d.<\/em><\/p>\n\n\n\n<p>El encuentro internacional contar\u00e1 con la presencia de especialistas de Argentina, Per\u00fa, Colombia, Chile y M\u00e9xico, quienes expondr\u00e1n sobre geoturismo, geoparques, medio ambiente y desarrollo sostenible. Adem\u00e1s de las ponencias, habr\u00e1 talleres, paneles de debate y una salida de campo para recorrer geositios del \u00e1rea.<\/p>\n\n\n\n<p>La organizaci\u00f3n est\u00e1 a cargo del Instituto de Investigaci\u00f3n en Paleobiolog\u00eda y Geolog\u00eda de la Universidad de R\u00edo Negro-Conicet y la municipalidad de Caviahue-Copahue, con el auspicio del ministerio de Turismo del Neuqu\u00e9n, el Ente Provincial de Termas, Neuqu\u00e9nTur SE y Cremas Caviahue.<\/p>\n\n\n\n<p>La inscripci\u00f3n se realiza a trav\u00e9s del siguiente formulario:&nbsp;<a href=\"https:\/\/docs.google.com\/forms\/d\/e\/1FAIpQLSdkya_AcZ-kuvGhAvuFXY-gKkKaB9OEneVlDIlek-SFOSqvYw\/viewform\">https:\/\/docs.google.com\/forms\/d\/e\/1FAIpQLSdkya_AcZ-kuvGhAvuFXY-gKkKaB9OEneVlDIlek-SFOSqvYw\/viewform<\/a><\/p>\n\n\n\n<p>M\u00e1s informaci\u00f3n en&nbsp;&nbsp;<a href=\"https:\/\/www.unrn.edu.ar\/eventos\/-2708\">https:\/\/www.unrn.edu.ar\/eventos\/-2708<\/a><\/p>\n\n\n\n<p>Instagram del encuentro: @encuentroiggv25\u00a0<\/p>\n<p>\u00a0<\/p>\n\n\n\n<figure class=\"wp-block-gallery has-nested-images columns-default is-cropped wp-block-gallery-1 is-layout-flex wp-block-gallery-is-layout-flex\">\n<figure class=\"wp-block-image size-large\"><a href=\"https:\/\/argentinatermal.com.ar\/wp-content\/uploads\/2025\/10\/sm.webp\"><img decoding=\"async\" width=\"768\" height=\"512\" data-id=\"11067\" src=\"https:\/\/argentinatermal.com.ar\/wp-content\/uploads\/2025\/10\/sm.webp\" alt=\"\" class=\"wp-image-11067\" srcset=\"https:\/\/argentinatermal.com.ar\/wp-content\/uploads\/2025\/10\/sm.webp 768w, https:\/\/argentinatermal.com.ar\/wp-content\/uploads\/2025\/10\/sm-300x200.webp 300w, https:\/\/argentinatermal.com.ar\/wp-content\/uploads\/2025\/10\/sm-696x464.webp 696w, https:\/\/argentinatermal.com.ar\/wp-content\/uploads\/2025\/10\/sm-630x420.webp 630w, https:\/\/argentinatermal.com.ar\/wp-content\/uploads\/2025\/10\/sm-320x213.webp 320w, https:\/\/argentinatermal.com.ar\/wp-content\/uploads\/2025\/10\/sm-480x320.webp 480w\" sizes=\"(max-width: 768px) 100vw, 768px\" \/><\/a><\/figure>\n\n\n\n<figure class=\"wp-block-image size-large\"><a href=\"https:\/\/argentinatermal.com.ar\/wp-content\/uploads\/2025\/10\/md.webp\"><img decoding=\"async\" width=\"992\" height=\"661\" data-id=\"11068\" src=\"https:\/\/argentinatermal.com.ar\/wp-content\/uploads\/2025\/10\/md.webp\" alt=\"\" class=\"wp-image-11068\" srcset=\"https:\/\/argentinatermal.com.ar\/wp-content\/uploads\/2025\/10\/md.webp 992w, https:\/\/argentinatermal.com.ar\/wp-content\/uploads\/2025\/10\/md-300x200.webp 300w, https:\/\/argentinatermal.com.ar\/wp-content\/uploads\/2025\/10\/md-768x512.webp 768w, https:\/\/argentinatermal.com.ar\/wp-content\/uploads\/2025\/10\/md-696x464.webp 696w, https:\/\/argentinatermal.com.ar\/wp-content\/uploads\/2025\/10\/md-630x420.webp 630w, https:\/\/argentinatermal.com.ar\/wp-content\/uploads\/2025\/10\/md-320x213.webp 320w, https:\/\/argentinatermal.com.ar\/wp-content\/uploads\/2025\/10\/md-480x320.webp 480w, https:\/\/argentinatermal.com.ar\/wp-content\/uploads\/2025\/10\/md-800x533.webp 800w\" sizes=\"(max-width: 992px) 100vw, 992px\" \/><\/a><\/figure>\n<\/figure>\n","protected":false},"excerpt":{"rendered":"<p>El evento, que reunir\u00e1 a destacados especialistas de Am\u00e9rica Latina, se present\u00f3 en la Feria Internacional de Turismo con la exposici\u00f3n del ge\u00f3logo Alberto Caselli. Ser\u00e1 del 26 al 28 de noviembre en Caviahue-Copahue. En el \u00e1mbito de la Feria Internacional de Turismo (FIT), el ge\u00f3logo\u00a0Alberto Caselli,\u00a0presidente del Segundo Encuentro Internacional de Geoturismo, Geoparques y [&hellip;]<\/p>\n","protected":false},"author":1,"featured_media":11068,"comment_status":"open","ping_status":"open","sticky":false,"template":"","format":"standard","meta":{"footnotes":""},"categories":[29,21],"tags":[],"class_list":["post-11066","post","type-post","status-publish","format-standard","has-post-thumbnail","hentry","category-datos-utiles","category-patagonia"],"_links":{"self":[{"href":"https:\/\/argentinatermal.com.ar\/index.php?rest_route=\/wp\/v2\/posts\/11066","targetHints":{"allow":["GET"]}}],"collection":[{"href":"https:\/\/argentinatermal.com.ar\/index.php?rest_route=\/wp\/v2\/posts"}],"about":[{"href":"https:\/\/argentinatermal.com.ar\/index.php?rest_route=\/wp\/v2\/types\/post"}],"author":[{"embeddable":true,"href":"https:\/\/argentinatermal.com.ar\/index.php?rest_route=\/wp\/v2\/users\/1"}],"replies":[{"embeddable":true,"href":"https:\/\/argentinatermal.com.ar\/index.php?rest_route=%2Fwp%2Fv2%2Fcomments&post=11066"}],"version-history":[{"count":1,"href":"https:\/\/argentinatermal.com.ar\/index.php?rest_route=\/wp\/v2\/posts\/11066\/revisions"}],"predecessor-version":[{"id":11069,"href":"https:\/\/argentinatermal.com.ar\/index.php?rest_route=\/wp\/v2\/posts\/11066\/revisions\/11069"}],"wp:featuredmedia":[{"embeddable":true,"href":"https:\/\/argentinatermal.com.ar\/index.php?rest_route=\/wp\/v2\/media\/11068"}],"wp:attachment":[{"href":"https:\/\/argentinatermal.com.ar\/index.php?rest_route=%2Fwp%2Fv2%2Fmedia&parent=11066"}],"wp:term":[{"taxonomy":"category","embeddable":true,"href":"https:\/\/argentinatermal.com.ar\/index.php?rest_route=%2Fwp%2Fv2%2Fcategories&post=11066"},{"taxonomy":"post_tag","embeddable":true,"href":"https:\/\/argentinatermal.com.ar\/index.php?rest_route=%2Fwp%2Fv2%2Ftags&post=11066"}],"curies":[{"name":"wp","href":"https:\/\/api.w.org\/{rel}","templated":true}]}}