{"id":1109,"date":"2017-09-18T14:12:09","date_gmt":"2017-09-18T14:12:09","guid":{"rendered":"http:\/\/argentinatermal.com.ar\/?p=1109"},"modified":"2017-09-18T14:12:09","modified_gmt":"2017-09-18T14:12:09","slug":"termatalia-2017-reune-a-representantes-de-la-industria-termal-de-40-paises","status":"publish","type":"post","link":"https:\/\/argentinatermal.com.ar\/?p=1109","title":{"rendered":"Termatalia 2017 re\u00fane a representantes de la industria termal de 40 pa\u00edses"},"content":{"rendered":"<div>&gt;&gt; M\u00e9xico ser\u00e1 el invitado de esta edici\u00f3n que cuenta 260 expositores<\/div>\n<div><\/div>\n<div>&gt;&gt; M\u00e1s de 50 ponentes abordar\u00e1n la actualidad del sector en el XII Encuentro Internacional sobre Agua y Salud<\/div>\n<div><\/div>\n<div>&gt;&gt; La feria se celebra los d\u00edas 21 y 22 de septiembre pero habr\u00e1 actividades durante toda la semana<\/div>\n<div><\/div>\n<div>\n<div>Ourense, 18\/09\/2017.- Termatalia llega a su 17\u00aa edici\u00f3n posicionada como el punto de referencia internacional para el negocio en el turismo termal, de salud y de bienestar. Cuenta con la participaci\u00f3n de 260 expositores, 30 touroperadores y 40 pa\u00edses representados, con masiva presencia de Am\u00e9rica Latina y de Europa incorporando tambi\u00e9n a Asia-Pac\u00edfico. Estos datos, sumados a la presencia de 50 disertantes, posicionan adem\u00e1s a Galicia y a Ourense como centro de formaci\u00f3n profesional en materia de termalismo. La feria se celebrar\u00e1 en Expourense los d\u00edas 21 y 22 de septiembre y ser\u00e1 de car\u00e1cter profesional pero habr\u00e1 actividades durante toda la denominada \u201cSemana Termatalia\u201d que comenzar\u00e1 el d\u00eda 18 con los cursos de formaci\u00f3n pre-feria y concluir\u00e1 el s\u00e1bado 23 con las Rutas Termales.<\/div>\n<div><\/div>\n<div>Termatalia 2017 fue presentado esta ma\u00f1ana en un acto en el que participaron la delegada territorial de la Xunta de Galicia en Ourense, Marisol D\u00edaz; el alcalde de Ourense, Jes\u00fas V\u00e1zquez; el vicepresidente de la Diputaci\u00f3n provincial de Ourense, Rosendo Fern\u00e1ndez; el director del \u00c1rea de Planificaci\u00f3n del Campus del Agua de la Universidad de Vigo, Jos\u00e9 Mar\u00eda Fa\u00edlde; y el director de Termatalia, Alejandro Rub\u00edn. Todos ellos coincidieron en destacar el papel de la colaboraci\u00f3n interinstitucional y de la cooperaci\u00f3n p\u00fablico-privada a la hora de organizar este proyecto que ubica a Ourense y a Galicia como centros de capacitaci\u00f3n profesional y negocio a nivel mundial. Tambi\u00e9n estuvieron de acuerdo en posicionar al turismo de salud como una de las puntas de lanza del desarrollo econ\u00f3mico y tur\u00edstico tanto de Ourense como de toda Galicia.<\/div>\n<div><\/div>\n<div><b>DATOS DE FERIA<\/b><\/div>\n<div><b>\u00a0<\/b><\/div>\n<div>Con M\u00e9xico como pa\u00eds invitado, est\u00e1n representados 40 pa\u00edses procedentes de Europa, Am\u00e9rica, \u00c1frica y Asia. Estos expositores reflejan la cadena de valor de todos los agentes que intervienen en el desarrollo de la industria termal, desde la captaci\u00f3n del recurso del agua hasta la comercializaci\u00f3n del destino tur\u00edstico, pasando por el dise\u00f1o, construcci\u00f3n y gesti\u00f3n de centros termales. Proveedores, balnearios y otros centros de bienestar, turoperadores, organismos de promoci\u00f3n tur\u00edstica, aguas envasadas, villas termales, dermoest\u00e9tica, asociacionismo o formaci\u00f3n, ser\u00e1n los sectores que se encontrar\u00e1n en Termatalia 2017.<\/div>\n<div><\/div>\n<div>El \u00e9xito profesional de las \u00faltimas ediciones de Termatalia, celebradas en M\u00e9xico en 2016 y Argentina 2014, han impulsado el inter\u00e9s de los pa\u00edses de Am\u00e9rica Latina por desarrollar sus recursos termales siguiendo el modelo europeo. Este inter\u00e9s queda patente con el acercamiento de autoridades de los diferentes destinos representados, como ser\u00e1 la participaci\u00f3n del ministro de Turismo de El Salvador, Jos\u00e9 Napole\u00f3n Duarte, pa\u00eds que se suma por primera vez a este proyecto, y del ministro de Salud de Brasil, Ricardo Barros. Adem\u00e1s, est\u00e1 confirmada la presencia de amplias delegaciones de empresarios del sector termal de numerosos pa\u00edses del continente, destacando las de Argentina, Brasil, Colombia y M\u00e9xico.<\/div>\n<div><\/div>\n<div><b>M\u00c9XICO, PA\u00cdS INVITADO<\/b><\/div>\n<div><b>\u00a0<\/b><\/div>\n<div>Despu\u00e9s de ejercer de anfitri\u00f3n, M\u00e9xico continuar\u00e1 con su papel protagonista y participar\u00e1 en la pr\u00f3xima edici\u00f3n en calidad de pa\u00eds invitado presentando sus recursos en turismo de salud. El Gobierno de Coahuila liderar\u00e1 la participaci\u00f3n mexicana que se complementar\u00e1 con la presencia de instituciones, empresas y asociaciones profesionales de este pa\u00eds, adem\u00e1s de medios de comunicaci\u00f3n y ponentes.<\/div>\n<div><\/div>\n<div><b>ACCIONES DE NEGOCIO<\/b><\/div>\n<div><b>\u00a0<\/b><\/div>\n<div>Las distintas acciones profesionales convertir\u00e1n a la feria una vez m\u00e1s en el centro de negocios internacional del sector que incluir\u00e1 las distintas reuniones profesionales entre touroperadores, importadores de bienes de equipo, proveedores y expositores. En este contexto, Bolsa de Contrataci\u00f3n Tur\u00edstica de esta edici\u00f3n contar\u00e1 con 30 touroperadores y mayoristas de viajes nacionales e internacionales (Alemania, Argentina, Chile, Colombia, Dinamarca, Espa\u00f1a y Finlandia). La presencia de estos mayoristas se complementa con la misi\u00f3n de prensa internacional especializada que reunir\u00e1 en la feria a 30 medios de comunicaci\u00f3n de Am\u00e9rica Latina y Europa. Para organizar estas acciones, Termatalia ha contado con el apoyo de Turespa\u00f1a y de la Agencia de Turismo de Galicia.<\/div>\n<div><\/div>\n<div>Estas acciones se complementar\u00e1n con otras como el V Encuentro de Pol\u00edticas P\u00fablicas sobre Termalismo, la Exposici\u00f3n de Proyectos de Inversi\u00f3n o el Fam trip con agencias de viajes procedentes de Espa\u00f1a y Portugal que tiene como objetivo fomentar el conocimiento del mercado de turismo de salud para este segmento minorista.<\/div>\n<div><\/div>\n<div><b>XII ENCUENTRO INTERNACIONAL SOBRE AGUA Y SALUD<\/b><\/div>\n<div><b>\u00a0<\/b><\/div>\n<div>El Encuentro Internacional sobre Agua y Salud, que celebra su duod\u00e9cima edici\u00f3n convertido en uno de los foros sobre turismo de salud m\u00e1s importantes del Mundo, presentar\u00e1 los proyectos m\u00e1s innovadores en el desarrollo del turismo de salud y bienestar a nivel mundial. Esta edici\u00f3n contar\u00e1 con la participaci\u00f3n de m\u00e1s de 50 expertos procedentes de una docena de pa\u00edses de Europa y Am\u00e9rica Latina principalmente, aunque tambi\u00e9n presentar\u00e1n sus experiencias expertos de Tailandia o Taiw\u00e1n.<\/div>\n<div><\/div>\n<div>El programa de conferencias estar\u00e1 dividido en cuatro sesiones que abordar\u00e1n el turismo de salud desde distintas \u00f3pticas (encuentro ciudades y villas termales, sesi\u00f3n de hidrolog\u00eda m\u00e9dica, gesti\u00f3n e innovaci\u00f3n y sostenibilidad,). La principal novedad de este a\u00f1o es el Encuentro Internacional de Direcci\u00f3n y Gesti\u00f3n de Wellness dirigido a empresarios y directivos de centros termales, de talasoterapia o spa que promueven el \u201cwellness\u201d de un modo eficiente y con un enfoque innovador.<\/div>\n<div><\/div>\n<div>El apartado cient\u00edfico es aportado por el II Symposium Internacional de Termalismo y Calidad de Vida que organiza la Universidad de Vigo-Campus del Agua en colaboraci\u00f3n con Expourense, Concello y Diputaci\u00f3n. Esta iniciativa acad\u00e9mica arranca el 20 de septiembre y ha recibido cerca de 80 trabajos entre comunicaciones cient\u00edficas y posters.<\/div>\n<div><\/div>\n<div><b>CURSOS ESPECIALIZADOS<\/b><\/div>\n<div><b>\u00a0<\/b><\/div>\n<div>La edici\u00f3n de 2017 de Termatalia refuerza su car\u00e1cter formativo programando un ciclo de cursos que consolidar\u00e1n el papel de esta cita como centro de capacitaci\u00f3n termal a nivel mundial. Se impartir\u00e1n antes de la feria e incluyen formaci\u00f3n especializada y la realizaci\u00f3n de pr\u00e1cticas en centros termales de Galicia. Est\u00e1n dirigidos a los profesionales y en especial a los procedentes de Am\u00e9rica Latina con el fin de configurar una semana de trabajo completa.<\/div>\n<div><\/div>\n<div>Los temas abordaros en estos cursos son: \u201cIntegraci\u00f3n de un centro termal o talaso en centro wellness\u201d; \u201cPeloides y cosm\u00e9tica termal\u201d; \u201cHidrolog\u00eda M\u00e9dica y T\u00e9cnicas Termales\u201d; \u201cPlanificaci\u00f3n del destino termal\u201d; \u201cCalidad en centros termales y wellness m\u00e9dico\u201d; \u201cIntroducci\u00f3n al negocio del turismo de salud\u201d; \u201cCapital humano: la inversi\u00f3n m\u00e1s importante para tu negocio\u201d; \u201cGesti\u00f3n eficaz, claves para rentabilizar tu centro\u201d; \u201cDiagn\u00f3stico Integrativo: Tratamientos efectivos y duraderos\u201d.<\/div>\n<div><\/div>\n<div><b>OTRAS ACCIONES PROFESIONALES<\/b><\/div>\n<div><b>\u00a0<\/b><\/div>\n<div>Termatalia servir\u00e1 de plataforma para la Industria del Agua Mineral envasada con actividades como la Cata Internacional de Aguas que celebrar\u00e1 su 15\u00aa edici\u00f3n o los Cursos de Hidrosumiller (1\u00ba y 2\u00ba nivel) impartidos por la sumiller Mercedes Gonz\u00e1lez. Adem\u00e1s, la Asociaci\u00f3n Nacional de Empresas de Agua Envasada, ANEABE, presentar\u00e1 su nueva campa\u00f1a \u201cClaros con el Agua\u201d.<\/div>\n<div><b>\u00a0<\/b><\/div>\n<div><b>VIVIR TERMATALIA &#8211; ACTIVIDADES PARA EL P\u00daBLICO<\/b><\/div>\n<div><b>\u00a0<\/b><\/div>\n<div>A pesar de que la feria adquiere un car\u00e1cter m\u00e1s profesional, la organizaci\u00f3n ha preparado un completo programa de actividades para \u201cVivir Termatalia\u201d y promover estilos de vida saludables. Una de las novedades de esta edici\u00f3n ser\u00e1 la posibilidad de enviar una postal personalizada y exclusiva de Ourense (tambi\u00e9n sello y matasellos oficial) \u00a0desde la propia feria donde estar\u00e1 instalado el buz\u00f3n de Correos, una acci\u00f3n que cuenta con la colaboraci\u00f3n de la Sociedad Filat\u00e9lica Mi\u00f1o.<\/div>\n<div>Otra de las novedades ser\u00e1 el \u00c1rea Audiovisual en el que se proyectar\u00e1n los videos y spots presentados al Concurso organizado entre la feria y el festival Internacional de Cine Tur\u00edstico ART&amp;TUR.<\/div>\n<div><\/div>\n<div>La feria cuenta de nuevo con un Aula de Alimentaci\u00f3n Saludable que incluye un programa de exhibiciones de cocina en directo y degustaciones y catas que ser\u00e1n impartidas por chefs de Galicia, Islas Azores (Portugal) y Panam\u00e1.<\/div>\n<div><\/div>\n<div>La Zona Shopping presentar\u00e1 a distintas firmas de moda y tambi\u00e9n a vinos y gastronom\u00eda de Galicia que se promocionar\u00e1n ante visitantes internacionales. Termatalia aprovecha esta \u00e1rea para potenciar otro de los atractivos de Galicia como \u201cmarca-destino\u201d: la moda y la enogastronom\u00eda.<\/div>\n<div><\/div>\n<div>Estas actividades se complementan con el Bar de Aguas, que presentar\u00e1 aguas de distintas marcas y categor\u00edas de varios pa\u00edses; con la recreaci\u00f3n de un Centro Termal, que presenta los \u00faltimos equipamientos que se pueden disfrutar en un balneario y con el \u00c1rea de Relax, en el que poder disfrutar de forma gratuita de un masaje.<\/div>\n<div><\/div>\n<div>Habr\u00e1 adem\u00e1s un \u00c1rea de Prevenci\u00f3n de la Salud, donde se concentrar\u00e1n colectivos afectados por determinadas dolencias cr\u00f3nicas, y que recibir\u00e1n informaci\u00f3n sobre prescripciones de las aguas m\u00e1s indicadas para sus necesidades.<\/div>\n<div>El horario de feria ser\u00e1 de 10.00 a 19.30 horas jueves 21 y viernes 22. Toda la informaci\u00f3n est\u00e1 disponible en www.termatalia.com y en sus redes sociales. La inauguraci\u00f3n oficial de la feria ser\u00e1 el jueves 21 de septiembre a las 12:30 h. y estar\u00e1 presidida por la Secretaria de Estado de Turismo del Gobierno de Espa\u00f1a, Matilde Asi\u00e1n.<\/div>\n<div><\/div>\n<div>Termatalia cuenta con el apoyo principal de la Agencia Gallega de Turismo, de Turespa\u00f1a, del Ayuntamiento de Ourense, de la Diputaci\u00f3n Provincial de Ourense y del Cl\u00faster de Turismo de Galicia.<\/div>\n<div>Fuente: www.termatalia.com<\/div>\n<\/div>\n<div><\/div>\n<div><\/div>\n","protected":false},"excerpt":{"rendered":"<p>&gt;&gt; M\u00e9xico ser\u00e1 el invitado de esta edici\u00f3n que cuenta 260 expositores &gt;&gt; M\u00e1s de 50 ponentes abordar\u00e1n la actualidad del sector en el XII Encuentro Internacional sobre Agua y Salud &gt;&gt; La feria se celebra los d\u00edas 21 y 22 de septiembre pero habr\u00e1 actividades durante toda la semana Ourense, 18\/09\/2017.- Termatalia llega a [&hellip;]<\/p>\n","protected":false},"author":1,"featured_media":1110,"comment_status":"open","ping_status":"open","sticky":false,"template":"","format":"standard","meta":{"footnotes":""},"categories":[12],"tags":[],"class_list":["post-1109","post","type-post","status-publish","format-standard","has-post-thumbnail","hentry","category-internacionales"],"_links":{"self":[{"href":"https:\/\/argentinatermal.com.ar\/index.php?rest_route=\/wp\/v2\/posts\/1109","targetHints":{"allow":["GET"]}}],"collection":[{"href":"https:\/\/argentinatermal.com.ar\/index.php?rest_route=\/wp\/v2\/posts"}],"about":[{"href":"https:\/\/argentinatermal.com.ar\/index.php?rest_route=\/wp\/v2\/types\/post"}],"author":[{"embeddable":true,"href":"https:\/\/argentinatermal.com.ar\/index.php?rest_route=\/wp\/v2\/users\/1"}],"replies":[{"embeddable":true,"href":"https:\/\/argentinatermal.com.ar\/index.php?rest_route=%2Fwp%2Fv2%2Fcomments&post=1109"}],"version-history":[{"count":1,"href":"https:\/\/argentinatermal.com.ar\/index.php?rest_route=\/wp\/v2\/posts\/1109\/revisions"}],"predecessor-version":[{"id":1111,"href":"https:\/\/argentinatermal.com.ar\/index.php?rest_route=\/wp\/v2\/posts\/1109\/revisions\/1111"}],"wp:featuredmedia":[{"embeddable":true,"href":"https:\/\/argentinatermal.com.ar\/index.php?rest_route=\/wp\/v2\/media\/1110"}],"wp:attachment":[{"href":"https:\/\/argentinatermal.com.ar\/index.php?rest_route=%2Fwp%2Fv2%2Fmedia&parent=1109"}],"wp:term":[{"taxonomy":"category","embeddable":true,"href":"https:\/\/argentinatermal.com.ar\/index.php?rest_route=%2Fwp%2Fv2%2Fcategories&post=1109"},{"taxonomy":"post_tag","embeddable":true,"href":"https:\/\/argentinatermal.com.ar\/index.php?rest_route=%2Fwp%2Fv2%2Ftags&post=1109"}],"curies":[{"name":"wp","href":"https:\/\/api.w.org\/{rel}","templated":true}]}}