{"id":1115,"date":"2017-09-20T15:09:20","date_gmt":"2017-09-20T15:09:20","guid":{"rendered":"http:\/\/argentinatermal.com.ar\/?p=1115"},"modified":"2017-09-20T15:09:20","modified_gmt":"2017-09-20T15:09:20","slug":"el-campus-del-agua-muestra-el-potencial-de-la-investigacion-para-desarrollar-el-termalismo-y-la-calidad","status":"publish","type":"post","link":"https:\/\/argentinatermal.com.ar\/?p=1115","title":{"rendered":"El Campus del Agua muestra el potencial de la investigaci\u00f3n para desarrollar el termalismo y la calidad"},"content":{"rendered":"<div><em>&gt;&gt; El II Simposio Internacional que organiza la Universidad de Vigo en Expourense sirve de pre\u00e1mbulo a Termatalia<\/em><\/div>\n<div><em>&gt;&gt; Cuenta con la asistencia de 200 personas e a presentaci\u00f3n de m\u00e1s de 80 trabajos<\/em><\/div>\n<div><\/div>\n<div>\n<div>\u201cImpulsar la investigaci\u00f3n y la innovaci\u00f3n en termalismo para abrir nuevas oportunidades de desarrollo econ\u00f3mico y bienestar social\u201d. Con este objetivo y en palabras de Salustiano Mato arranc\u00f3 este mi\u00e9rcoles en Expourense la celebraci\u00f3n del II Simposio Internacional sobre Termalismo y Calidad de Vida, organizado en el marco del proyecto de especializaci\u00f3n del campus de Ourense como Campus del agua. Durante dos d\u00edas, y de manera paralela a la celebraci\u00f3n de la feria Termatalia, alrededor de 200 investigadores y agentes del campo p\u00fablico y privado del sector intercambiar\u00e1n investigaciones, conocimientos y necesidades sobre un sector estrat\u00e9gico para Ourense y Galicia. Entre ellos est\u00e1 un nutrido grupo de investigadores e investigadoras de diferentes \u00e1reas de la Universidad de Vigo, que muestran en esta cita sus \u00faltimos proyectos en este campo y que abarcan desde la cosm\u00e9tica termal a la arqueolog\u00eda.<\/div>\n<div><\/div>\n<div><b>Pasado, presente y futuro<\/b><\/div>\n<div><b>\u00a0<\/b><\/div>\n<div>El simposio, que se celebra con car\u00e1cter bianual, est\u00e1 liderazgo por la Vicerreitor\u00eda del Campus de Ourense e implica en su organizaci\u00f3n con la participaci\u00f3n de las principales instituciones del entorno. De este modo, su sesi\u00f3n inaugural cont\u00f3, adem\u00e1s de con la participaci\u00f3n de Salustiano Mato y de Virxilio Rodr\u00edguez, presidente del simposio y vicerrector del campus de Ourense, con Jos\u00e9 Manuel Rey, conselleiro de Pol\u00edtica Social de la Xunta de Galicia; Jes\u00fas V\u00e1zquez, alcalde de Ourense; Rosendo Fern\u00e1ndez, vicepresidente de la Diputaci\u00f3n Provincial, y Alejandro Trep\u00e9, director gerente de Expourense. Agradeciendo la apuesta de la Xunta por el Campus del agua, Salustiano Mato hizo hincapi\u00e9 en su intervenci\u00f3n en como con este proyecto de especializaci\u00f3n y con las iniciativas que se organizan a su amparo, se busca \u201cconseguir, a trav\u00e9s del conocimiento, la investigaci\u00f3n y la innovaci\u00f3n, dar soluciones\u201d a los retos de la sociedad. En esta l\u00ednea, apunt\u00f3 Virxilio Rodr\u00edguez, el simposio de este a\u00f1o se presenta \u201ccon sus objetivos alcanzados\u201d, subrayando las cifras de participaci\u00f3n conseguidas.<\/div>\n<div><\/div>\n<div>El conselleiro de Pol\u00edtica Social tambi\u00e9n hizo hincapi\u00e9 \u201cen las nuevas oportunidades econ\u00f3micas y las posibilidades de empleo\u201d que surgen alrededor del proyecto de especializaci\u00f3n del Campus del agua y del termalismo en su conjunto, mostrando su deseo de que este impulso del termalismo de la ciudad y la provincia de Ourense redunde finalmente en m\u00e1s bienestar social, especialmente para el colectivo de mayores. Tras recordar Rosendo Fern\u00e1ndez c\u00f3mo Ourense es \u201ccapital termal por excelencia\u201d en el conjunto del estado, Jes\u00fas V\u00e1zquez destac\u00f3 como en este contexto \u201cqueremos ser referentes en vanguardia, en innovaci\u00f3n y en intercambio de experiencias\u201d alrededor del termalismo, destacando el papel que el Campus del agua est\u00e1 llamado a jugar en este sentido. Por esta relevancia y por el hecho de que el simposio dota la Termatalia de parte cient\u00edfica, Alejandro Rub\u00edn dese\u00f3 mucho \u00e9xito a la edici\u00f3n que este mi\u00e9rcoles arranc\u00f3 en las instalaciones de Expourense.<\/div>\n<div><\/div>\n<div>Tambi\u00e9n hubo tiempo en esta inauguraci\u00f3n para mandar \u00e1nimos a M\u00e9xico, pa\u00eds invitado este a\u00f1o en Termatalia, tras el terremoto acontecido este martes y de realizar un homenaje a Luis Rodr\u00edguez M\u00edguez, profesor de la Universidad de Vigo fallecido en 2016. Su viuda, Mariluz Villar, recogi\u00f3 una placa en reconocimiento a lo que fue \u201cprecursor del termalismo en Galicia\u201d, tal y como se destac\u00f3 en las palabras de alabanza realizadas por las autoridades presentes. Trala sesi\u00f3n de apertura, el rector se acerc\u00f3 adem\u00e1s a ver algunos de los posters que se exponen en el simposio y en Termatalia de proyectos en los que participan miembros de la Universidad de Vigo, como lo de recuperaci\u00f3n del potencial termal del Ayuntamiento de Ver\u00edn, entidad con la que la instituci\u00f3n acad\u00e9mica trabaja en la puesta en marcha de una c\u00e1tedra sobre aguas mineromedicinales.<\/div>\n<\/div>\n","protected":false},"excerpt":{"rendered":"<p>&gt;&gt; El II Simposio Internacional que organiza la Universidad de Vigo en Expourense sirve de pre\u00e1mbulo a Termatalia &gt;&gt; Cuenta con la asistencia de 200 personas e a presentaci\u00f3n de m\u00e1s de 80 trabajos \u201cImpulsar la investigaci\u00f3n y la innovaci\u00f3n en termalismo para abrir nuevas oportunidades de desarrollo econ\u00f3mico y bienestar social\u201d. Con este objetivo [&hellip;]<\/p>\n","protected":false},"author":1,"featured_media":1116,"comment_status":"open","ping_status":"open","sticky":false,"template":"","format":"standard","meta":{"footnotes":""},"categories":[12],"tags":[],"class_list":["post-1115","post","type-post","status-publish","format-standard","has-post-thumbnail","hentry","category-internacionales"],"_links":{"self":[{"href":"https:\/\/argentinatermal.com.ar\/index.php?rest_route=\/wp\/v2\/posts\/1115","targetHints":{"allow":["GET"]}}],"collection":[{"href":"https:\/\/argentinatermal.com.ar\/index.php?rest_route=\/wp\/v2\/posts"}],"about":[{"href":"https:\/\/argentinatermal.com.ar\/index.php?rest_route=\/wp\/v2\/types\/post"}],"author":[{"embeddable":true,"href":"https:\/\/argentinatermal.com.ar\/index.php?rest_route=\/wp\/v2\/users\/1"}],"replies":[{"embeddable":true,"href":"https:\/\/argentinatermal.com.ar\/index.php?rest_route=%2Fwp%2Fv2%2Fcomments&post=1115"}],"version-history":[{"count":1,"href":"https:\/\/argentinatermal.com.ar\/index.php?rest_route=\/wp\/v2\/posts\/1115\/revisions"}],"predecessor-version":[{"id":1117,"href":"https:\/\/argentinatermal.com.ar\/index.php?rest_route=\/wp\/v2\/posts\/1115\/revisions\/1117"}],"wp:featuredmedia":[{"embeddable":true,"href":"https:\/\/argentinatermal.com.ar\/index.php?rest_route=\/wp\/v2\/media\/1116"}],"wp:attachment":[{"href":"https:\/\/argentinatermal.com.ar\/index.php?rest_route=%2Fwp%2Fv2%2Fmedia&parent=1115"}],"wp:term":[{"taxonomy":"category","embeddable":true,"href":"https:\/\/argentinatermal.com.ar\/index.php?rest_route=%2Fwp%2Fv2%2Fcategories&post=1115"},{"taxonomy":"post_tag","embeddable":true,"href":"https:\/\/argentinatermal.com.ar\/index.php?rest_route=%2Fwp%2Fv2%2Ftags&post=1115"}],"curies":[{"name":"wp","href":"https:\/\/api.w.org\/{rel}","templated":true}]}}