{"id":1119,"date":"2017-09-21T22:46:47","date_gmt":"2017-09-21T22:46:47","guid":{"rendered":"http:\/\/argentinatermal.com.ar\/?p=1119"},"modified":"2017-09-21T22:46:47","modified_gmt":"2017-09-21T22:46:47","slug":"termatalia-promueve-el-desarrollo-del-termalismo-en-el-mundo","status":"publish","type":"post","link":"https:\/\/argentinatermal.com.ar\/?p=1119","title":{"rendered":"Termatalia promueve el desarrollo del termalismo en el Mundo"},"content":{"rendered":"<ul>\n<li class=\"subtit\"><em>&gt;&gt; La presencia de 260 expositores de 40 pa\u00edses abre importantes canales de comercializaci\u00f3n de Europa con el continente americano y mejora la competitividad del sector tur\u00edstico.<\/em><\/li>\n<\/ul>\n<div>Ourense, 21\/09\/2017.- La presencia de 260 expositores y visitantes profesionales procedentes de 40 pa\u00edses en Termatalia refleja el buen momento que atraviesa el turismo de salud en todo el Mundo. La 17\u201d edici\u00f3n de la Feria Internacional de Turismo Termal, Salud y Bienestar abri\u00f3 sus puertas esta ma\u00f1ana en Expourense posicionada como \u201cferia de referencia para el turismo de salud, con clara vocaci\u00f3n de internacionalizaci\u00f3n y que ha permitido abrir importantes canales de comercializaci\u00f3n con el continente iberoamericano mejorando al mismo tiempo la competitividad de nuestro sistema tur\u00edstico\u201d, tal y como explic\u00f3 el coordinador de Turespa\u00f1a para Centroeuropa, Arturo Ortiz, durante su intervenci\u00f3n en el acto inaugural de esta edici\u00f3n.<\/div>\n<div><\/div>\n<div>Durante dos jornadas, Termatalia se convierte en el epicentro del termalismo mundial como qued\u00f3 patente en el acto inaugural de esta ma\u00f1ana que cont\u00f3 con la participaci\u00f3n de representantes institucionales y empresarios de los pa\u00edses presentes en feria dejando claro que esta cita es \u201cel ejemplo perfecto de que la colaboraci\u00f3n p\u00fablico-privada es la mejor forma de gestionar los recursos tur\u00edsticos\u201d, tal y como explic\u00f3 en su discurso Miguel Mirones, presidente del ICTE, de Balnearios de Espa\u00f1a, del Miembros Afiliados de la OMT y del comit\u00e9 asesor de la feria.<\/div>\n<div><\/div>\n<div>El acto inaugural de esta 17\u00aa edici\u00f3n cont\u00f3 con la participaci\u00f3n de la directora de Turismo de Galicia, Nava Castro; del alcalde de Ourense, Jes\u00fas V\u00e1zquez; del presidente de la Diputaci\u00f3n, Manuel Baltar; el secretario de Turismo del Gobierno del Estado de Coahuila representando a M\u00e9xico como pa\u00eds invitado, Jos\u00e9 Carlos Riojas; del presidente de EHTTA, Giuseppe Bellandi; del presidente del comit\u00e9 ejecutivo de ESPA, Joao Barbosa; de la directora xeral de Comercio del Gobierno Gallego, Sol V\u00e1zquez y del director de Termatalia, Alejandro Rub\u00edn; adem\u00e1s de los ya mencionados representantes de Turespa\u00f1a y Balnearios de Espa\u00f1a. Entre los asistentes se encontraba el ministro de Turismo de El Salvador, Jos\u00e9 Napole\u00f3n Duarte.<\/div>\n<div><\/div>\n<div>Todos ellos coincidieron en destacar al turismo de salud como un sector pujante \u201cque, en el caso de Galicia, act\u00faa como un importante dinamizador de la econom\u00eda gallega y propicia experiencias de alto valor a\u00f1adido\u201d, seg\u00fan indic\u00f3 Nava Castro durante su intervenci\u00f3n. La buena salud de este tipo de turismo quedo reflejada en los datos aportados por el representante de Turespa\u00f1a, Arturo Ortiz, que indic\u00f3 que en 2016 \u201cm\u00e1s de 2.350.000 turistas realizaron actividades relacionadas con el turismo termal en Espa\u00f1a con un gasto medio de 1.200 euros en estancia media de 10 d\u00edas, lo que implica una alta rentabilidad\u201d. Explic\u00f3 adem\u00e1s que el turismo de salud contribuye a reducir la estacionalidad, mejorar la sostenibilidad y la calidad del empleo y recortar los costes sanitarios con la aplicaci\u00f3n de medidas preventivas y menos consumo farmac\u00e9utico.<\/div>\n<div><\/div>\n<div>M\u00e9xico, pa\u00eds que participa como invitado, fue uno de los protagonistas de este acto de apertura ya que recibi\u00f3 mensajes de apoyo y afecto por parte de los asistentes debido al terremoto que sufrieron hace unos d\u00edas.<\/div>\n<div><\/div>\n<div>Comenzaron as\u00ed dos jornadas de intensa actividad en las que se potenciaron los dos grandes ejes que hacen que Termatalia se aun evento \u00fanico: el negocio y la formaci\u00f3n. Hoy se celebr\u00f3 la primera jornada de la Bolsa de Contrataci\u00f3n Tur\u00edstica en la que participan una treintena de touroperadores de todos el Mundo y tambi\u00e9n tuvo lugar el workshop con inversores sobre proyectos de inversi\u00f3n en turismo termal. En el apartado formativo, se celebr\u00f3 el Encuentro Internacional de Ciudades y Villas termales, la Sesi\u00f3n de Hidrolog\u00eda M\u00e9dica y la jornada de clausura del II Simposio Internacional sobre Termalismo y Calidad de Vida que organiza el Campus del Agua.<\/div>\n<div><\/div>\n<div>Algunos de los destinos presentes en feria han tenido adem\u00e1s la oportunidad de presentarse ante touroperadores y prensa especializada. Coordinado por Turespa\u00f1a, esta ma\u00f1ana tuvieron lugar las presentaciones de Galicia, Extremadura y Murcia. La presentaci\u00f3n de Galicia corri\u00f3 a cargo de la directora de turismo, Nava castro, acompa\u00f1ada por el gerente de Balnearios de Galicia, Benigno Amor. Galicia se posicion\u00f3 una vez m\u00e1s como l\u00edder termal en Espa\u00f1a con m\u00e1s de 300 manantiales, acompa\u00f1ados de modernas infraestructuras, con 20 balnearios que ofertan 3.000 plazas de alojamiento.<\/div>\n<div><\/div>\n<div>Tambi\u00e9n fueron presentados otros destinos internacionales de turismo de salud presentes en feria como Costa Rica, Termas Centro de Portugal y las provincias argentinas de Salta y Entre R\u00edos. Adem\u00e1s, durante esta primera jornada se anunci\u00f3, por parte de la Diputaci\u00f3n Provincial de Ourense, el protagonismo que tendr\u00e1 la provincia de Ourense en la Vuelta Ciclista a Espa\u00f1a de 2018. Por otro lado, el ayuntamiento de Ver\u00edn present\u00f3 la recuperaci\u00f3n de la fuente termal de Caldeli\u00f1as y la Eurocidade Ver\u00edn-Chaves-Vidago su nueva carta de aguas minerales.<\/div>\n<div><\/div>\n<div>Ma\u00f1ana viernes ser\u00e1 la \u00faltima jornada de Termatalia 2017 con una completa agenda de actividades en las que destaca el acto de entrega a Foz de Igua\u00e7u de la sede de Termatalia Brasil 2018. Ser\u00e1 a las 13.00 hs.<\/div>\n<div>Fuente: Termatalia<\/div>\n","protected":false},"excerpt":{"rendered":"<p>&gt;&gt; La presencia de 260 expositores de 40 pa\u00edses abre importantes canales de comercializaci\u00f3n de Europa con el continente americano y mejora la competitividad del sector tur\u00edstico. Ourense, 21\/09\/2017.- La presencia de 260 expositores y visitantes profesionales procedentes de 40 pa\u00edses en Termatalia refleja el buen momento que atraviesa el turismo de salud en todo [&hellip;]<\/p>\n","protected":false},"author":1,"featured_media":1120,"comment_status":"open","ping_status":"open","sticky":false,"template":"","format":"standard","meta":{"footnotes":""},"categories":[12,15,14,22],"tags":[],"class_list":["post-1119","post","type-post","status-publish","format-standard","has-post-thumbnail","hentry","category-internacionales","category-turismo-de-bienestar","category-turismo-salud","category-turismo-sostenible"],"_links":{"self":[{"href":"https:\/\/argentinatermal.com.ar\/index.php?rest_route=\/wp\/v2\/posts\/1119","targetHints":{"allow":["GET"]}}],"collection":[{"href":"https:\/\/argentinatermal.com.ar\/index.php?rest_route=\/wp\/v2\/posts"}],"about":[{"href":"https:\/\/argentinatermal.com.ar\/index.php?rest_route=\/wp\/v2\/types\/post"}],"author":[{"embeddable":true,"href":"https:\/\/argentinatermal.com.ar\/index.php?rest_route=\/wp\/v2\/users\/1"}],"replies":[{"embeddable":true,"href":"https:\/\/argentinatermal.com.ar\/index.php?rest_route=%2Fwp%2Fv2%2Fcomments&post=1119"}],"version-history":[{"count":1,"href":"https:\/\/argentinatermal.com.ar\/index.php?rest_route=\/wp\/v2\/posts\/1119\/revisions"}],"predecessor-version":[{"id":1121,"href":"https:\/\/argentinatermal.com.ar\/index.php?rest_route=\/wp\/v2\/posts\/1119\/revisions\/1121"}],"wp:featuredmedia":[{"embeddable":true,"href":"https:\/\/argentinatermal.com.ar\/index.php?rest_route=\/wp\/v2\/media\/1120"}],"wp:attachment":[{"href":"https:\/\/argentinatermal.com.ar\/index.php?rest_route=%2Fwp%2Fv2%2Fmedia&parent=1119"}],"wp:term":[{"taxonomy":"category","embeddable":true,"href":"https:\/\/argentinatermal.com.ar\/index.php?rest_route=%2Fwp%2Fv2%2Fcategories&post=1119"},{"taxonomy":"post_tag","embeddable":true,"href":"https:\/\/argentinatermal.com.ar\/index.php?rest_route=%2Fwp%2Fv2%2Ftags&post=1119"}],"curies":[{"name":"wp","href":"https:\/\/api.w.org\/{rel}","templated":true}]}}