{"id":11284,"date":"2025-10-24T11:16:28","date_gmt":"2025-10-24T14:16:28","guid":{"rendered":"https:\/\/argentinatermal.com.ar\/?p=11284"},"modified":"2025-10-24T11:16:28","modified_gmt":"2025-10-24T14:16:28","slug":"la-cop30-contara-con-dias-tematicos-de-turismo-promover-la-accion-climatica-a-traves-de-la-colaboracion-y-la-regeneracion","status":"publish","type":"post","link":"https:\/\/argentinatermal.com.ar\/?p=11284","title":{"rendered":"La COP30 contar\u00e1 con d\u00edas tem\u00e1ticos de turismo: Promover la acci\u00f3n clim\u00e1tica a trav\u00e9s de la colaboraci\u00f3n y la regeneraci\u00f3n"},"content":{"rendered":"\n<p><strong><em>Tras su hist\u00f3rica inclusi\u00f3n en la Agenda de Acci\u00f3n de la COP29, el turismo volver\u00e1 a ser el centro de atenci\u00f3n en la Conferencia de las Naciones Unidas sobre el Cambio Clim\u00e1tico.<\/em><\/strong><\/p>\n\n\n\n<p>La COP30 en Bel\u00e9m (Brasil) dedicar\u00e1 los d\u00edas 19 y 20 de noviembre de 2025 a los D\u00edas Tem\u00e1ticos del Turismo bajo el lema \u00ab<strong>Acci\u00f3n clim\u00e1tica del turismo: por un futuro bajo en carbono y resiliente al clima<\/strong>\u00ab. Sobre la base del \u00e9xito del primer D\u00eda del Turismo celebrado en Bak\u00fa en 2024 en la COP29, el programa de este a\u00f1o representa otro hito logrado a trav\u00e9s de la colaboraci\u00f3n entre el Ministerio de Turismo de Brasil y Turismo de las Naciones Unidas, con el apoyo del PNUMA, asegurando el reconocimiento continuo del turismo en el marco de la COP como un sector clave para las soluciones clim\u00e1ticas.<\/p>\n\n\n\n<p>El Secretario General de Turismo de la ONU, Zurab Pololikashvili, dice: \u00abEl turismo est\u00e1 demostrando una vez m\u00e1s que no solo es vulnerable al cambio clim\u00e1tico, sino que tambi\u00e9n es parte de la soluci\u00f3n. Los D\u00edas Tem\u00e1ticos de Turismo en la COP30 mostrar\u00e1n c\u00f3mo la colaboraci\u00f3n, la innovaci\u00f3n y la inversi\u00f3n pueden transformar el sector hacia un futuro resiliente y con bajas emisiones de carbono\u00bb.<\/p>\n\n\n\n<blockquote class=\"wp-block-quote is-layout-flow wp-block-quote-is-layout-flow\">\n<p>El turismo est\u00e1 demostrando una vez m\u00e1s que no solo es vulnerable al cambio clim\u00e1tico, sino que tambi\u00e9n es parte de la soluci\u00f3n<\/p>\n<\/blockquote>\n\n\n\n<h2 class=\"wp-block-heading\" id=\"paragraph-55488\">El turismo como motor de soluciones clim\u00e1ticas<\/h2>\n\n\n\n<p>El programa reunir\u00e1 a ministros de Turismo y Medio Ambiente, organizaciones internacionales, el sector privado, el mundo acad\u00e9mico y la sociedad civil para demostrar c\u00f3mo el turismo puede acelerar las soluciones en los seis ejes de la Agenda de Acci\u00f3n de la&nbsp;<strong>COP30<\/strong>, desde la energ\u00eda y la biodiversidad hasta los sistemas alimentarios, las finanzas y el desarrollo humano.<\/p>\n\n\n\n<p>Las Jornadas del Turismo de la COP30 har\u00e1n hincapi\u00e9 en el papel \u00fanico del turismo en el apoyo a los medios de vida sostenibles, las comunidades resilientes y las econom\u00edas regenerativas, especialmente en los destinos que dependen de ecosistemas saludables y del patrimonio cultural para su prosperidad, al tiempo que destacar\u00e1n sus crecientes interrelaciones con la transformaci\u00f3n de los sistemas alimentarios, la innovaci\u00f3n circular y las v\u00edas de desarrollo inclusivo.<\/p>\n\n\n\n<p>El programa avanza en el legado de la COP29, donde la inclusi\u00f3n del turismo en la agenda de acci\u00f3n fue facilitada por la Agencia Estatal de Turismo de la Rep\u00fablica de Azerbaiy\u00e1n y Turismo de las Naciones Unidas, con el apoyo del PNUMA. Incluye eventos t\u00e9cnicos y de alto nivel en la Zona Azul y la Zona Verde, as\u00ed como sesiones en l\u00ednea facilitadas en colaboraci\u00f3n con Travalyst y The Travel Foundation para un alcance m\u00e1s amplio.<\/p>\n\n\n\n<p>El programa tentativo de las Jornadas Tem\u00e1ticas de Turismo en la COP30 est\u00e1 disponible en:&nbsp;<a href=\"https:\/\/www.untourism.int\/events\/un-climate-change-cop30-thematic-day-on-tourism\">Jornadas Tem\u00e1ticas de Turismo en la COP30 | Turismo de la ONU<\/a><\/p>\n\n\n\n<h2 class=\"wp-block-heading\" id=\"paragraph-55490\">Compromiso conjunto para la acci\u00f3n<\/h2>\n\n\n\n<p>El Di\u00e1logo sobre Turismo en la COP30 se basar\u00e1 en el creciente reconocimiento del turismo como un sector clave para las soluciones clim\u00e1ticas, centr\u00e1ndose en el fortalecimiento de los marcos de gobernanza, el avance de medidas pr\u00e1cticas para reducir las emisiones y los riesgos clim\u00e1ticos, y la mejora de la colaboraci\u00f3n y el acceso a la financiaci\u00f3n en todo el sector.<\/p>\n\n\n\n<p>Estos esfuerzos se alinean con la implementaci\u00f3n continua de la Iniciativa de la Declaraci\u00f3n de Glasgow sobre Acci\u00f3n Clim\u00e1tica en el Turismo y la puesta en marcha de instrumentos de gobernanza fortalecidos, incluido el Grupo de Trabajo Interinstitucional del Consejo Ejecutivo sobre Turismo y Acci\u00f3n Clim\u00e1tica, establecido por los Estados Miembros del Consejo Ejecutivo de Turismo de las Naciones Unidas, y la Alianza Global para Mejorar la Acci\u00f3n Clim\u00e1tica en el Turismo.<\/p>\n\n\n\n<p>Celso Sabino, Ministro de Turismo de Brasil, dice: \u00abBrasil se enorgullece de ser anfitri\u00f3n de este di\u00e1logo global y de compartir nuestra experiencia en el desarrollo de un plan clim\u00e1tico nacional para el turismo. A trav\u00e9s de la acci\u00f3n colectiva, podemos garantizar que el turismo proteja la naturaleza, empodere a las comunidades y apoye la transici\u00f3n del mundo hacia la sostenibilidad\u00bb.<\/p><p><\/p>\n","protected":false},"excerpt":{"rendered":"<p>Tras su hist\u00f3rica inclusi\u00f3n en la Agenda de Acci\u00f3n de la COP29, el turismo volver\u00e1 a ser el centro de atenci\u00f3n en la Conferencia de las Naciones Unidas sobre el Cambio Clim\u00e1tico. La COP30 en Bel\u00e9m (Brasil) dedicar\u00e1 los d\u00edas 19 y 20 de noviembre de 2025 a los D\u00edas Tem\u00e1ticos del Turismo bajo el [&hellip;]<\/p>\n","protected":false},"author":1,"featured_media":11285,"comment_status":"open","ping_status":"open","sticky":false,"template":"","format":"standard","meta":{"footnotes":""},"categories":[12,30],"tags":[],"class_list":["post-11284","post","type-post","status-publish","format-standard","has-post-thumbnail","hentry","category-internacionales","category-temas-relacionados"],"_links":{"self":[{"href":"https:\/\/argentinatermal.com.ar\/index.php?rest_route=\/wp\/v2\/posts\/11284","targetHints":{"allow":["GET"]}}],"collection":[{"href":"https:\/\/argentinatermal.com.ar\/index.php?rest_route=\/wp\/v2\/posts"}],"about":[{"href":"https:\/\/argentinatermal.com.ar\/index.php?rest_route=\/wp\/v2\/types\/post"}],"author":[{"embeddable":true,"href":"https:\/\/argentinatermal.com.ar\/index.php?rest_route=\/wp\/v2\/users\/1"}],"replies":[{"embeddable":true,"href":"https:\/\/argentinatermal.com.ar\/index.php?rest_route=%2Fwp%2Fv2%2Fcomments&post=11284"}],"version-history":[{"count":1,"href":"https:\/\/argentinatermal.com.ar\/index.php?rest_route=\/wp\/v2\/posts\/11284\/revisions"}],"predecessor-version":[{"id":11286,"href":"https:\/\/argentinatermal.com.ar\/index.php?rest_route=\/wp\/v2\/posts\/11284\/revisions\/11286"}],"wp:featuredmedia":[{"embeddable":true,"href":"https:\/\/argentinatermal.com.ar\/index.php?rest_route=\/wp\/v2\/media\/11285"}],"wp:attachment":[{"href":"https:\/\/argentinatermal.com.ar\/index.php?rest_route=%2Fwp%2Fv2%2Fmedia&parent=11284"}],"wp:term":[{"taxonomy":"category","embeddable":true,"href":"https:\/\/argentinatermal.com.ar\/index.php?rest_route=%2Fwp%2Fv2%2Fcategories&post=11284"},{"taxonomy":"post_tag","embeddable":true,"href":"https:\/\/argentinatermal.com.ar\/index.php?rest_route=%2Fwp%2Fv2%2Ftags&post=11284"}],"curies":[{"name":"wp","href":"https:\/\/api.w.org\/{rel}","templated":true}]}}