{"id":1156,"date":"2017-10-02T21:50:06","date_gmt":"2017-10-02T21:50:06","guid":{"rendered":"http:\/\/argentinatermal.com.ar\/?p=1156"},"modified":"2017-10-02T21:57:02","modified_gmt":"2017-10-02T21:57:02","slug":"termatalia-una-ventana-al-mundo-por-maria-rosa-jordan","status":"publish","type":"post","link":"https:\/\/argentinatermal.com.ar\/?p=1156","title":{"rendered":"Termatalia una ventana al mundo,  por Maria Rosa Jord\u00e1n"},"content":{"rendered":"<p>La feria de Turismo Termal y de Salud, concentr\u00f3 en Ourense la oferta de 40 pa\u00edses. Termatalia cumple 17 ediciones con una vocaci\u00f3n de convertir a Ourense en un escaparate de la oferta termal de Galicia, pero tambi\u00e9n con la de mostrar a los visitantes lo mejor de los cuarenta pa\u00edses y de los 260 expositores y visitantes profesionales, que est\u00e1n representados en el certamen. Argentina, Azores, Colombia, Cabo Verde, Cuba, Portugal, Croacia, Polonia, Israel, Nicaragua, Tailandia, son algunos de los presentes en la feria, con sus atractivos stand alusivos a sus pa\u00edses, y as\u00ed la marca Termatalia llegue y sea conocida en todo el mundo. \u00a0Autoridades de los distintos pa\u00edses se desplazaron a Galicia, Miguel Mirones, presidente de la asociaci\u00f3n nacional de balnearios, destac\u00f3 que el turismo de salud, es uno de los segmentos de mayor crecimiento y orgullo para el pa\u00eds. \u00a0 \u00a0 \u00a0 \u00a0 La masiva presencia de Am\u00e9rica Latina y de Europa, incorporando tambi\u00e9n Asia-Pac\u00edfico, estos datos sumados a la presencia de 50 disertantes, posicionan adem\u00e1s a Galicia como centro de formaci\u00f3n profesional en materia de termalismo.\u00a0 Con M\u00e9xico pa\u00eds invitado, se suman Europa, Am\u00e9rica, \u00c1frica y Asia.<\/p>\n<p>Estos expositores reflejan la cadena de valor de todos los agentes que han intervenido en el desarrollo de la industria termal, desde la captaci\u00f3n de recursos del agua, hasta la comercializaci\u00f3n del destino, pasando por el dise\u00f1o, construcci\u00f3n y gesti\u00f3n de Centros Termales. \u00a0 \u00a0 \u00a0 \u00a0 \u00a0 \u00a0 \u00a0 \u00a0 \u00a0 \u00a0 \u00a0 \u00a0 Proveedores de balnearios y otros centros de bienestar, turoperadores, organismos de promoci\u00f3n tur\u00edstica, aguas envasadas, villas termales, dermoest\u00e9tica, asociacionismo o formaci\u00f3n, son los sectores que se encontraron en Termatalia 2017.<\/p>\n<p>Iberoam\u00e9rica tuvo una amplia presencia de autoridades, de Argentina Ricardo Sosa, presidente del Consejo Federal de Turismo, Turismo de El Salvador, Jos\u00e9 Napole\u00f3n Duarte, pa\u00eds que se suma por primera vez a este proyecto, el ministro de Salud de Brasil, Ricardo Barros y la presencia de la amplia delegaci\u00f3n de empresarios del sector termal de numerosos pa\u00edses del continente, destacando las de Argentina, Brasil, Colombia y M\u00e9xico como pa\u00eds invitado.<\/p>\n<p>De esta manera Termatalia promueve el desarrollo del termalismo en el mundo, como dijo el d\u00eda de su inauguraci\u00f3n, el director de Termatalia Alejandro Rub\u00edn.<\/p>\n<p>Tambi\u00e9n fueron presentados otros destinos internacionales de turismo de salud, presentes en la feria como Costa Rica, Termas Centro de Portugal y las provincias argentinas de Salta y Entre R\u00edos.\u00a0\u00a0 Adem\u00e1s durante la primera jornada se anunci\u00f3, por parte de la Diputaci\u00f3n Provincial de Ourense, el protagonismo que tendr\u00e1 la provincia de Ourense en la vuelta ciclista a Espa\u00f1a de 2018. \u00a0 \u00a0 \u00a0 \u00a0 \u00a0 \u00a0 \u00a0 \u00a0 \u00a0 \u00a0 \u00a0 \u00a0 \u00a0 \u00a0 \u00a0 \u00a0 \u00a0 \u00a0 \u00a0 \u00a0 \u00a0 El \u00e9xito profesional de las \u00faltimas ediciones de Termatalia, celebradas en M\u00e9xico en 2016 y Argentina en 2014 han impulsado el inter\u00e9s de los pa\u00edses de Am\u00e9rica Latina, para desarrollar sus recursos termales, siguiendo el modelo europeo. \u00a0 \u00a0 \u00a0 \u00a0 \u00a0 \u00a0 \u00a0 \u00a0 \u00a0 \u00a0 \u00a0 \u00a0 \u00a0 \u00a0 \u00a0 \u00a0 \u00a0 \u00a0 \u00a0 \u00a0 \u00a0 \u00a0 \u00a0 \u00a0 \u00a0 \u00a0 \u00a0 \u00a0 \u00a0 \u00a0 \u00a0 \u00a0 \u00a0 \u00a0 \u00a0 \u00a0 \u00a0 \u00a0 Acci\u00f3n de negocios, XII encuentro Internacional sobre Agua y Salud, que ha celebrado su duod\u00e9cima edici\u00f3n, se ha convertido en uno de los foros sobre turismo de salud m\u00e1s importantes del mundo, presentando los proyectos m\u00e1s innovadores, expertos de una docena de pa\u00edses de Europa y Am\u00e9rica Latina principalmente, aunque tambi\u00e9n presentaron sus experiencias Tailandia y Taiw\u00e1n.<\/p>\n<p>Termatalia refuerza su car\u00e1cter formativo, programando un ciclo de cursos que consolidan el papel de esta cita como centro de capacitaci\u00f3n termal a nivel mundial.<\/p>\n<p>Los temas abordados en estos cursos han sido: \u201cIntegraci\u00f3n de un centro termal o talaso en centro Wellness \u201cPeloides y cosm\u00e9tica termal \u201c \u00a0 \u00a0\u201cHidrolog\u00eda M\u00e9dica y t\u00e9cnicas termales\u201cIntroducci\u00f3n al negocio del turismo de Salud \u201c\u00a0\u00a0\u00a0\u00a0 \u201cCapital humano \u201cla inversi\u00f3n m\u00e1s importante para tu negocio.\u00a0\u00a0\u00a0 Gesti\u00f3n eficaz, claves para rentabilizar tu centro, diagn\u00f3sticos integrativos, tratamientos efectivos y duraderos. Se present\u00f3 tambi\u00e9n el Vadem\u00e9cum de las Aguas Mineromedicinales de Salud.<\/p>\n<p>Contribuci\u00f3n de la balneoterapia al Envejecimiento Activo y la implementaci\u00f3n de nuevos servicios.<\/p>\n<p>Encuentro Internacional de Ciudades y Villas Termales.\u00a0\u00a0\u00a0 Termalismo y Calidad de Vida que organiza el Campus del Agua.<\/p>\n<p>Como l\u00edder termal en Espa\u00f1a, con m\u00e1s de 300 manantiales, acompa\u00f1ados de modernas infraestructuras, con 20 balnearios que ofertan 3.000 plazas de alojamiento. \u00a0 \u00a0 \u00a0 \u00a0 \u00a0 \u00a0 \u00a0 \u00a0 \u00a0 \u00a0 \u00a0 \u00a0 \u00a0 \u00a0 \u00a0 \u00a0 \u00a0 \u00a0 \u00a0 \u00a0 \u00a0 \u00a0 \u00a0 \u00a0 \u00a0 \u00a0 \u00a0 \u00a0 \u00a0 \u00a0 \u00a0 \u00a0 \u00a0 \u00a0 \u00a0 \u00a0 \u00a0 \u00a0 \u00a0 \u00a0 \u00a0 \u00a0 \u00a0 \u00a0 \u00a0 \u00a0 \u00a0 \u00a0 \u00a0 \u00a0 \u00a0 \u00a0 Durante la celebraci\u00f3n de Termatalia ha tenido lugar la XV Cata Internacional de aguas, que cont\u00f3 con un jurado internacional, formado por profesionales especialistas en este apartado termal, de Espa\u00f1a, Portugal, Francia y Costa Rica..\u00a0 1\u00ba premio Aguas de Cabreiro\u00e1 ( Galicia )\u00a0 1\u00ba premio Campilho ( Portugal )\u00a0\u00a0 3\u00ba Aguas do Gravatal\u00a0 ( Brasil )\u00a0 los dem\u00e1s premiados, son de procedencia de Galicia y Portugal.. \u00a0 \u00a0 \u00a0 \u00a0 \u00a0 \u00a0 \u00a0 \u00a0 \u00a0 \u00a0 \u00a0 \u00a0 \u00a0 \u00a0 \u00a0 \u00a0 \u00a0 \u00a0 \u00a0 \u00a0 \u00a0 \u00a0 \u00a0 \u00a0 \u00a0 \u00a0 \u00a0 \u00a0 \u00a0 \u00a0 \u00a0 \u00a0 \u00a0 \u00a0 \u00a0 \u00a0 \u00a0 \u00a0 \u00a0 \u00a0 \u00a0 \u00a0 \u00a0 \u00a0 \u00a0 \u00a0 Este a\u00f1o tuvo una gran representaci\u00f3n\u00a0 el Termalismo del IMSERSO Instituto de Mayores y Servicios Sociales, que ofrecen estancia en balnearios de Espa\u00f1a para mayores de 60 a\u00f1os a precios reducidos. \u00a0 \u00a0 \u00a0 \u00a0 \u00a0 \u00a0 \u00a0 \u00a0 \u00a0 \u00a0 \u00a0 \u00a0 \u00a0 \u00a0 \u00a0 \u00a0 \u00a0 \u00a0 \u00a0 \u00a0 \u00a0 \u00a0 \u00a0 \u00a0 \u00a0 \u00a0 \u00a0 \u00a0 \u00a0 \u00a0 \u00a0 \u00a0 \u00a0 \u00a0 \u00a0 \u00a0 \u00a0 \u00a0 \u00a0 \u00a0 \u00a0 \u00a0 \u00a0 \u00a0 \u00a0 \u00a0 \u00a0 \u00a0 \u00a0 \u00a0 \u00a0 \u00a0 \u00a0 \u00a0 \u00a0 \u00a0 \u00a0 \u00a0 \u00a0 \u00a0 \u00a0 \u00a0 \u00a0 \u00a0 \u00a0 \u00a0 \u00a0 \u00a0 Europa y Am\u00e9rica unidas por sus termas, en marzo de 2019 Neuqu\u00e9n, Patagonia Argentina organizar\u00e1n el VI Congreso Iberoamericano de Peloides y Terapias Termales.<\/p>\n<p>La pr\u00f3xima edici\u00f3n de Termatalia en Am\u00e9rica tendr\u00e1 lugar en Foz de Iguaz\u00fa (Brasil)\u00a0\u00a0\u00a0\u00a0 tiene una ubicaci\u00f3n privilegiada, en la triple frontera de Brasil con Argentina y Paraguay, con los que comparten las famosas cataratas, y en el centro geogr\u00e1fico del Mercosur. \u00a0 \u00a0 \u00a0 \u00a0 \u00a0 \u00a0 \u00a0 \u00a0 \u00a0 \u00a0 \u00a0 \u00a0 \u00a0 \u00a0 \u00a0 \u00a0 \u00a0 \u00a0 \u00a0 \u00a0 \u00a0 \u00a0 \u00a0 \u00a0 \u00a0 \u00a0 \u00a0 17 Premios para celebrar 17 ediciones de Termatalia.\u00a0\u00a0 Las entidades premiadas fueron las siguientes:\u00a0\u00a0 Per\u00fa, por su apuesta de turismo termal. Argentina, Instituto de Promoci\u00f3n Tur\u00edstica INPROTUR, provincia argentina de Santiago del Estero, circuitos saludables del Fin del Mundo.<\/p>\n<p>El Gobierno del Estado de Coahuila, destino de Termatalia 2016.<\/p>\n<p>Colombia Al Programa de Transformaci\u00f3n Productiva de Colombia..<\/p>\n<p>AlEPROTEN Termas de Neuqu\u00e9n, Argentina.<\/p>\n<p>A la Eurocidade verin-Chaves-Vidago, por la creaci\u00f3n de la Ruta del Agua.<\/p>\n<p>Nicaragua, por la amplia difusi\u00f3n de Termatalia.<\/p>\n<p>FEHGRA Argentina, por la mayor delegaci\u00f3n de un pa\u00eds presente en Termatalia 2017.<\/p>\n<p>TERMAS CENTRO de Portugal, como plataforma para proyectar internacionalmente su marca.<\/p>\n<p>FI REISEN por ser el operador especializado que respalda Termatalia.<\/p>\n<p>Turismo de Extremadura por la promoci\u00f3n m\u00e1s destacada.<\/p>\n<p>Diputaci\u00f3n Provincial de Ourense por su programa innovador de Termalismo Social.<\/p>\n<p>CONCELLO de Ourense, por su intensa promoci\u00f3n.<\/p>\n<p>XUNTA de Galicia, por su plan estrat\u00e9gico de turismo termal.\u00a0\u00a0\u00a0 Revista TURISMO 4 Chile: por la m\u00e1s amplia informaci\u00f3n p\u00fablica por un medio especializado sobre Termatalia a lo largo del a\u00f1o. \u00a0 \u00a0 \u00a0 \u00a0 \u00a0 \u00a0 \u00a0 \u00a0 \u00a0 \u00a0 \u00a0 \u00a0 \u00a0 \u00a0 \u00a0 \u00a0 \u00a0 \u00a0 \u00a0 \u00a0 Antes de cerrar definitivamente su programa, Termatalia ha llevado a cabo diferentes actividades relacionadas con el turismo termal ya que los visitantes de 40 pa\u00edses han realizado algunas de las 4 rutas termales que se han organizado Santiago de Compostela, Eurocidade Verin Chaves-Vidago, Ourense provincia termal y ruta por la ciudad.\u00a0 Culminan as\u00ed dos d\u00edas de intensa actividad en los que los 260 expositores de 40 pa\u00edses y las m\u00e1s de 50 actividades han convocado a m\u00e1s de 6.000 visitas de profesionales que visitaron esta edici\u00f3n. \u00a0 \u00a0 \u00a0 \u00a0 \u00a0 \u00a0 \u00a0 \u00a0 \u00a0 \u00a0 \u00a0 \u00a0 \u00a0 \u00a0 \u00a0 \u00a0 Ourense, ciudad del agua, el agua que cura, ba\u00f1ada por el caudaloso r\u00edo Mi\u00f1o y regada por innumerables manantiales de agua termal, la ciudad ofrece la posibilidad \u00fanica de darse un agradable ba\u00f1o de aguas calientes al aire libre ( Las Burgas ) rodeados de naturaleza e historia.\u00a0 Sus aguas termales manan a la superficie, desde las profundidades de la tierra, donde adquieren sus propiedades minerales por contacto con el sustrato gran\u00edtico del subsuelo..<\/p>\n<p>&nbsp;<\/p>\n<p>MAR\u00cdA ROSA JORD\u00c1N<\/p>\n","protected":false},"excerpt":{"rendered":"<p>La feria de Turismo Termal y de Salud, concentr\u00f3 en Ourense la oferta de 40 pa\u00edses. Termatalia cumple 17 ediciones con una vocaci\u00f3n de convertir a Ourense en un escaparate de la oferta termal de Galicia, pero tambi\u00e9n con la de mostrar a los visitantes lo mejor de los cuarenta pa\u00edses y de los 260 [&hellip;]<\/p>\n","protected":false},"author":1,"featured_media":1157,"comment_status":"open","ping_status":"open","sticky":false,"template":"","format":"standard","meta":{"footnotes":""},"categories":[12,30],"tags":[],"class_list":["post-1156","post","type-post","status-publish","format-standard","has-post-thumbnail","hentry","category-internacionales","category-temas-relacionados"],"_links":{"self":[{"href":"https:\/\/argentinatermal.com.ar\/index.php?rest_route=\/wp\/v2\/posts\/1156","targetHints":{"allow":["GET"]}}],"collection":[{"href":"https:\/\/argentinatermal.com.ar\/index.php?rest_route=\/wp\/v2\/posts"}],"about":[{"href":"https:\/\/argentinatermal.com.ar\/index.php?rest_route=\/wp\/v2\/types\/post"}],"author":[{"embeddable":true,"href":"https:\/\/argentinatermal.com.ar\/index.php?rest_route=\/wp\/v2\/users\/1"}],"replies":[{"embeddable":true,"href":"https:\/\/argentinatermal.com.ar\/index.php?rest_route=%2Fwp%2Fv2%2Fcomments&post=1156"}],"version-history":[{"count":2,"href":"https:\/\/argentinatermal.com.ar\/index.php?rest_route=\/wp\/v2\/posts\/1156\/revisions"}],"predecessor-version":[{"id":1159,"href":"https:\/\/argentinatermal.com.ar\/index.php?rest_route=\/wp\/v2\/posts\/1156\/revisions\/1159"}],"wp:featuredmedia":[{"embeddable":true,"href":"https:\/\/argentinatermal.com.ar\/index.php?rest_route=\/wp\/v2\/media\/1157"}],"wp:attachment":[{"href":"https:\/\/argentinatermal.com.ar\/index.php?rest_route=%2Fwp%2Fv2%2Fmedia&parent=1156"}],"wp:term":[{"taxonomy":"category","embeddable":true,"href":"https:\/\/argentinatermal.com.ar\/index.php?rest_route=%2Fwp%2Fv2%2Fcategories&post=1156"},{"taxonomy":"post_tag","embeddable":true,"href":"https:\/\/argentinatermal.com.ar\/index.php?rest_route=%2Fwp%2Fv2%2Ftags&post=1156"}],"curies":[{"name":"wp","href":"https:\/\/api.w.org\/{rel}","templated":true}]}}