{"id":1160,"date":"2017-10-04T15:45:27","date_gmt":"2017-10-04T15:45:27","guid":{"rendered":"http:\/\/argentinatermal.com.ar\/?p=1160"},"modified":"2017-10-04T15:45:27","modified_gmt":"2017-10-04T15:45:27","slug":"termatalia-organizara-un-simposio-sobre-turismo-de-salud-en-neuquen","status":"publish","type":"post","link":"https:\/\/argentinatermal.com.ar\/?p=1160","title":{"rendered":"Termatalia organizar\u00e1 un simposio sobre turismo de salud en Neuqu\u00e9n"},"content":{"rendered":"<div>&gt;<em>&gt; Esta provincia argentina particip\u00f3 activamente en la \u00faltima edici\u00f3n de la Feria Internacional de Turismo Termal, Salud y Bienestar<\/em><\/div>\n<div><\/div>\n<div><em>&gt;&gt; El Ente Provincial Termas del Neuqu\u00e9n, EPROTEN, recibi\u00f3 el premio especial a la innovaci\u00f3n aplicada al producto tur\u00edstico termal y por la difusi\u00f3n a trav\u00e9s de las redes sociales<\/em><\/div>\n<div>\n<div>La provincia argentina de Neuqu\u00e9n fue una de las protagonistas de la \u00faltima edici\u00f3n de Termatalia, la Feria Internacional de Turismo Termal, Salud y Bienestar, que se celebr\u00f3 en Ourense (Galicia-Espa\u00f1a) ente el 21 y el 22 de septiembre pasados. La delegaci\u00f3n de profesionales de Neuqu\u00e9n particip\u00f3 activamente en numerosas acciones de negocio y capacitaci\u00f3n de la feria. Adem\u00e1s, fue firmado un convenio de colaboraci\u00f3n entre el Ente Provincial de Termas del Neuqu\u00e9n (EPROTEN) y Termatalia que permitir\u00e1 que la feria organice en esta provincia un simposio sobre turismo termal, salud y bienestar que tendr\u00e1 lugar durante la \u00faltima semana del pr\u00f3ximo mes de noviembre.<\/div>\n<div><\/div>\n<div>Este convenio fue firmado por el director de Termatalia, Alejandro Rub\u00edn y el presidente del EPROTEN, Alberto Moreno. En este documento se incluye adem\u00e1s el compromiso de Termatalia para promocionar entre su red de partners internacionales (entre los que se encuentran las principales asociaciones de profesionales del sector a nivel mundial) el VI Congreso Iberoamericano de Peloides que se celebrar\u00e1 en Neuqu\u00e9n en marzo de 2019.<\/div>\n<div><\/div>\n<div>La provincia argentina estuvo representada por autoridades de Termas del Neuqu\u00e9n, dependientes del ministerio de Producci\u00f3n y Turismo. Esta delegaci\u00f3n estuvo liderada por el presidente del organismo provincial, Alberto Moreno, acompa\u00f1ado por otros representantes como el director provincial de Medicina Termal, Nicol\u00e1s Gurnik; la directora general de Medicina Termal del Interior, Eleana Cerda y el director general de Marketing, Miguel Jonas. La participaci\u00f3n de Neuqu\u00e9n cont\u00f3 con el apoyo del gobierno provincial y el financiamiento del Consejo Federal de Inversiones (CFI), a trav\u00e9s de la secretar\u00eda de COPADE.<\/div>\n<div><\/div>\n<div>Neuqu\u00e9n recibi\u00f3 tambi\u00e9n una de las distinciones especiales para celebrar la 17\u00aa edici\u00f3n de Termatalia. El premio recay\u00f3 sobre el Ente Provincial de Termas del Neuqu\u00e9n (Eproten) por la innovaci\u00f3n aplicada al producto tur\u00edstico termal \u201cTermas + Nieve\u201d que permite la ampliaci\u00f3n a todo el a\u00f1o de la temporada termal. Tambi\u00e9n se reconoci\u00f3 su presencia en las redes sociales, difundiendo proactivamente sus actividades.<\/div>\n<div><\/div>\n<div>El programa cient\u00edfico de Termatalia 2017 recogido en el XII Encuentro Internacional sobre Agua y Salud incluy\u00f3 tres presentaciones relacionadas con la provincia de Neuqu\u00e9n y con las Termas de Copahue. Eleana Noem\u00ed Serra present\u00f3 su programa innovador de termalismo infantil, Copahue Kids. Por otro lado, Nicol\u00e1s Gurnik expuso sobre \u201cTermas y Nieve\u201d, una propuesta \u00fanica en Am\u00e9rica Latina que engloba la salud, el turismo extremo, el bienestar y el deporte en el coraz\u00f3n de la cordillera de los andes, invitando a conocer a la naturaleza viva en todo su esplendor entre muros de nieve virgen y un parque de nieve donde el l\u00edmite es el horizonte. Tambi\u00e9n particip\u00f3 un agente del sector privado de Caviahue, Fernando Volij, que present\u00f3 los \u201cCircuitos Saludables del Fin del Mundo\u201d.<\/div>\n<div><\/div>\n<div>Las termas de Copahue son una de las m\u00e1s distinguidas a nivel mundial, ya que se desarrollan al pie de un volc\u00e1n activo, lo que hace que los recursos tengan la particularidad de ser totalmente naturales y \u00fanicos gracias a su origen volc\u00e1nico. Los recursos termales de Copahue est\u00e1n compuestos por fumarolas, hervideros que mineralizan las aguas de deshielo, fangos y algas, dando lugar a una diversidad de colores, aguas verdes, grises y transparentes, sulfuradas, ferruginosas. Las algas y fangos, reconocidos internacionalmente por sus propiedades, poseen una textura inigualable.<\/div>\n<div><\/div>\n<div>La valoraci\u00f3n de la participaci\u00f3n en Termatalia no deja lugar a dudas, ya que tal y como indic\u00f3 Alberto Moreno: \u201cel balance fue muy positivo, tuvimos las tres disertaciones con mucho \u00e9xito. Hab\u00eda 260 termas, 40 pa\u00edses y 30 operadores tur\u00edsticos, por lo que participar en esta feria internacional es, sin dudas, poner a Copahue y a las termas neuquinas en un lugar de privilegio\u201d.<\/div>\n<div><\/div>\n<div>Fuente: www.termatalia.com<\/div>\n<\/div>\n","protected":false},"excerpt":{"rendered":"<p>&gt;&gt; Esta provincia argentina particip\u00f3 activamente en la \u00faltima edici\u00f3n de la Feria Internacional de Turismo Termal, Salud y Bienestar &gt;&gt; El Ente Provincial Termas del Neuqu\u00e9n, EPROTEN, recibi\u00f3 el premio especial a la innovaci\u00f3n aplicada al producto tur\u00edstico termal y por la difusi\u00f3n a trav\u00e9s de las redes sociales La provincia argentina de Neuqu\u00e9n [&hellip;]<\/p>\n","protected":false},"author":1,"featured_media":1161,"comment_status":"open","ping_status":"open","sticky":false,"template":"","format":"standard","meta":{"footnotes":""},"categories":[7,16,15,14],"tags":[],"class_list":["post-1160","post","type-post","status-publish","format-standard","has-post-thumbnail","hentry","category-argentina","category-medicina-termal","category-turismo-de-bienestar","category-turismo-salud"],"_links":{"self":[{"href":"https:\/\/argentinatermal.com.ar\/index.php?rest_route=\/wp\/v2\/posts\/1160","targetHints":{"allow":["GET"]}}],"collection":[{"href":"https:\/\/argentinatermal.com.ar\/index.php?rest_route=\/wp\/v2\/posts"}],"about":[{"href":"https:\/\/argentinatermal.com.ar\/index.php?rest_route=\/wp\/v2\/types\/post"}],"author":[{"embeddable":true,"href":"https:\/\/argentinatermal.com.ar\/index.php?rest_route=\/wp\/v2\/users\/1"}],"replies":[{"embeddable":true,"href":"https:\/\/argentinatermal.com.ar\/index.php?rest_route=%2Fwp%2Fv2%2Fcomments&post=1160"}],"version-history":[{"count":1,"href":"https:\/\/argentinatermal.com.ar\/index.php?rest_route=\/wp\/v2\/posts\/1160\/revisions"}],"predecessor-version":[{"id":1162,"href":"https:\/\/argentinatermal.com.ar\/index.php?rest_route=\/wp\/v2\/posts\/1160\/revisions\/1162"}],"wp:featuredmedia":[{"embeddable":true,"href":"https:\/\/argentinatermal.com.ar\/index.php?rest_route=\/wp\/v2\/media\/1161"}],"wp:attachment":[{"href":"https:\/\/argentinatermal.com.ar\/index.php?rest_route=%2Fwp%2Fv2%2Fmedia&parent=1160"}],"wp:term":[{"taxonomy":"category","embeddable":true,"href":"https:\/\/argentinatermal.com.ar\/index.php?rest_route=%2Fwp%2Fv2%2Fcategories&post=1160"},{"taxonomy":"post_tag","embeddable":true,"href":"https:\/\/argentinatermal.com.ar\/index.php?rest_route=%2Fwp%2Fv2%2Ftags&post=1160"}],"curies":[{"name":"wp","href":"https:\/\/api.w.org\/{rel}","templated":true}]}}