{"id":1177,"date":"2017-10-12T03:42:44","date_gmt":"2017-10-12T03:42:44","guid":{"rendered":"http:\/\/argentinatermal.com.ar\/?p=1177"},"modified":"2017-10-12T03:42:44","modified_gmt":"2017-10-12T03:42:44","slug":"termatalia-se-presentara-como-caso-de-exito-en-el-iv-congreso-internacional-de-calidad-turistica","status":"publish","type":"post","link":"https:\/\/argentinatermal.com.ar\/?p=1177","title":{"rendered":"Termatalia se presentar\u00e1 como caso de \u00e9xito en el IV Congreso Internacional de Calidad Tur\u00edstica"},"content":{"rendered":"<div><em>&gt;&gt; Est\u00e1 organizado por el Instituto para la Calidad Tur\u00edstica Espa\u00f1ola, ICTE, partner estrat\u00e9gico de la feria<\/em><\/div>\n<div><\/div>\n<div><em>&gt;&gt; Se celebrar\u00e1 en Cali, en Colombia, entre el 17 y el 27 de noviembre bajo el lema \u201cTurismo para la Paz y el desarrollo\u201d<\/em><\/div>\n<div>\n<div><\/div>\n<div>Termatalia, se presentar\u00e1 como caso de \u00e9xito en el IV Congreso Internacional de Calidad Tur\u00edstica que se celebrar\u00e1 en Cali, Colombia. La presentaci\u00f3n tendr\u00e1 el viernes 24 de noviembre dentro del programa acad\u00e9mico de este evento que congregar\u00e1 a destacados ponentes de todo el mundo que analizar\u00e1n las claves del sector tur\u00edstico. Se trata de un evento organizado por el Instituto para la Calidad Tur\u00edstica Espa\u00f1ola, ICTE, socio estrat\u00e9gico de la Feria Internacional de Turismo de Salud y Bienestar, cuyo presidente Miguel Mirones, es presidente del comit\u00e9 asesor, as\u00ed como de Miembros Afiliados de la OMT. Termatalia participar\u00e1 en este congreso para presentar el caso de una feria que se ha convertido en marca mundial del termalismo y uno de los mayores eventos del turismo de salud a nivel mundial, llegando a reunir en su \u00faltima edici\u00f3n a 260 expositores de 40 pa\u00edses. Con la participaci\u00f3n en este congreso arrancar\u00e1 el Am\u00e9rica Latina la promoci\u00f3n de la pr\u00f3xima edici\u00f3n de Termatalia que tendr\u00e1 lugar en Foz do Igua\u00e7u, en Brasil, entre el 19 y el 21 de septiembre de 2018.<\/div>\n<div><\/div>\n<div>El IV Congreso Internacional de Calidad Tur\u00edstica se celebrar\u00e1 bajo el lema \u201cTurismo por la paz y el desarrollo\u201d. Tambi\u00e9n participar\u00e1n en \u00e9l importantes representantes del turismo a nivel mundial como la Viceministra de Industria, Comercio y Turismo de Colombia, Sandra Howard; la Directora de Turismo de Galicia, Nava Castro; el Consejero de Turismo del Gobierno Vasco Alfredo Retortillo; la Directora de Calidad y Desarrollo Sostenible del Ministerio de Turismo de Colombia, Maria Amalia V\u00e1squez; el Presidente de la Confederaci\u00f3n Espa\u00f1ola de Hoteles y Apartamentos Tur\u00edsticos (CEHAT), Juan Molas; el Director de Certificaci\u00f3n de AENOR Internacional, Manuel Romero; el Director General de la Fundaci\u00f3n Turismo Valencia, Toni Bernab\u00e9; la Secretaria General de la Asociaci\u00f3n Empresarial Hotelera de Madrid (AEHM), Mar de Miguel.<\/div>\n<div><\/div>\n<div>Este IV Congreso ser\u00e1 un foro de encuentro de los principales representantes del sector tur\u00edstico y de Am\u00e9rica Latina y se desarrolla con la colaboraci\u00f3n de la Gobernaci\u00f3n del Valle del Cauca, el Ayuntamiento de Santiago de Cali y PROCOLOMBIA, la entidad que se dedica a promover el turismo en este pa\u00eds y que tambi\u00e9n es socio estrat\u00e9gico de Termatalia.<\/div>\n<div>www.termatalia.com<\/div>\n<\/div>\n","protected":false},"excerpt":{"rendered":"<p>&gt;&gt; Est\u00e1 organizado por el Instituto para la Calidad Tur\u00edstica Espa\u00f1ola, ICTE, partner estrat\u00e9gico de la feria &gt;&gt; Se celebrar\u00e1 en Cali, en Colombia, entre el 17 y el 27 de noviembre bajo el lema \u201cTurismo para la Paz y el desarrollo\u201d Termatalia, se presentar\u00e1 como caso de \u00e9xito en el IV Congreso Internacional de [&hellip;]<\/p>\n","protected":false},"author":1,"featured_media":1178,"comment_status":"open","ping_status":"open","sticky":false,"template":"","format":"standard","meta":{"footnotes":""},"categories":[12],"tags":[],"class_list":["post-1177","post","type-post","status-publish","format-standard","has-post-thumbnail","hentry","category-internacionales"],"_links":{"self":[{"href":"https:\/\/argentinatermal.com.ar\/index.php?rest_route=\/wp\/v2\/posts\/1177","targetHints":{"allow":["GET"]}}],"collection":[{"href":"https:\/\/argentinatermal.com.ar\/index.php?rest_route=\/wp\/v2\/posts"}],"about":[{"href":"https:\/\/argentinatermal.com.ar\/index.php?rest_route=\/wp\/v2\/types\/post"}],"author":[{"embeddable":true,"href":"https:\/\/argentinatermal.com.ar\/index.php?rest_route=\/wp\/v2\/users\/1"}],"replies":[{"embeddable":true,"href":"https:\/\/argentinatermal.com.ar\/index.php?rest_route=%2Fwp%2Fv2%2Fcomments&post=1177"}],"version-history":[{"count":1,"href":"https:\/\/argentinatermal.com.ar\/index.php?rest_route=\/wp\/v2\/posts\/1177\/revisions"}],"predecessor-version":[{"id":1179,"href":"https:\/\/argentinatermal.com.ar\/index.php?rest_route=\/wp\/v2\/posts\/1177\/revisions\/1179"}],"wp:featuredmedia":[{"embeddable":true,"href":"https:\/\/argentinatermal.com.ar\/index.php?rest_route=\/wp\/v2\/media\/1178"}],"wp:attachment":[{"href":"https:\/\/argentinatermal.com.ar\/index.php?rest_route=%2Fwp%2Fv2%2Fmedia&parent=1177"}],"wp:term":[{"taxonomy":"category","embeddable":true,"href":"https:\/\/argentinatermal.com.ar\/index.php?rest_route=%2Fwp%2Fv2%2Fcategories&post=1177"},{"taxonomy":"post_tag","embeddable":true,"href":"https:\/\/argentinatermal.com.ar\/index.php?rest_route=%2Fwp%2Fv2%2Ftags&post=1177"}],"curies":[{"name":"wp","href":"https:\/\/api.w.org\/{rel}","templated":true}]}}