{"id":1223,"date":"2017-10-29T23:43:33","date_gmt":"2017-10-29T23:43:33","guid":{"rendered":"http:\/\/argentinatermal.com.ar\/?p=1223"},"modified":"2017-10-29T23:43:33","modified_gmt":"2017-10-29T23:43:33","slug":"santos-inauguro-la-feria-internacional-de-turismo","status":"publish","type":"post","link":"https:\/\/argentinatermal.com.ar\/?p=1223","title":{"rendered":"Santos inaugur\u00f3 la Feria Internacional de Turismo"},"content":{"rendered":"<p><em>Destac\u00f3 el crecimiento de la actividad del sector y subray\u00f3 su aporte a la generaci\u00f3n de empleo en todo el pa\u00eds.<\/em><\/p>\n<p>El ministro de Turismo de la Naci\u00f3n, Gustavo Santos, destac\u00f3 hoy el crecimiento de la actividad del sector durante el \u00faltimo a\u00f1o, subray\u00f3 su aporte a la generaci\u00f3n de empleo en todo el pa\u00eds y se\u00f1al\u00f3 que los avances en la conectividad a\u00e9rea est\u00e1n impulsado el desarrollo a niveles nunca antes registrados.<\/p>\n<p>\u201cApenas un a\u00f1o atr\u00e1s, los n\u00fameros estaban en rojo y hoy logramos revertir esa situaci\u00f3n. En el medio pusimos en marcha la revoluci\u00f3n de los aviones, un nuevo paradigma aerocomercial que est\u00e1 haciendo posible acercarnos al mundo\u201d, expres\u00f3.<\/p>\n<p>\u201cLa revoluci\u00f3n de los aviones no es otra cosa que la revoluci\u00f3n de los destinos tur\u00edsticos argentinos. Sin conectividad no hay turismo y hoy estamos conectando el pa\u00eds de punta a punta\u201d, dijo al inaugurar la Feria Internacional de Turismo (FIT) que permanecer\u00e1 abierta en Buenos Aires hasta el martes pr\u00f3ximo.<\/p>\n<p><a href=\"http:\/\/argentinatermal.com.ar\/wp-content\/uploads\/2017\/10\/discurso_santos.jpg\"><img decoding=\"async\" class=\"size-medium wp-image-1224 alignleft\" src=\"http:\/\/argentinatermal.com.ar\/wp-content\/uploads\/2017\/10\/discurso_santos-300x200.jpg\" alt=\"\" width=\"300\" height=\"200\" srcset=\"https:\/\/argentinatermal.com.ar\/wp-content\/uploads\/2017\/10\/discurso_santos-300x200.jpg 300w, https:\/\/argentinatermal.com.ar\/wp-content\/uploads\/2017\/10\/discurso_santos-696x464.jpg 696w, https:\/\/argentinatermal.com.ar\/wp-content\/uploads\/2017\/10\/discurso_santos-630x420.jpg 630w, https:\/\/argentinatermal.com.ar\/wp-content\/uploads\/2017\/10\/discurso_santos.jpg 750w\" sizes=\"(max-width: 300px) 100vw, 300px\" \/><\/a><\/p>\n<p>En su discurso, que incluy\u00f3 una s\u00edntesis de las acciones emprendidas y los resultados obtenidos desde la edici\u00f3n anterior de la Feria hasta la actualidad, Santos se\u00f1al\u00f3 la importancia de la tarea conjunta de los sectores p\u00fablico y privado, mencion\u00f3 el compromiso asumido por el empresariado de mantener los puestos de trabajo \u201cincluso en momentos dif\u00edciles\u201d y puntualiz\u00f3 que \u201cla labor conjunta de la Naci\u00f3n y las provincias, sin exclusiones, est\u00e1 permitiendo concreciones tras a\u00f1os de postergaciones\u201d.<\/p>\n<p>\u201cPor ejemplo, en pueblos muy peque\u00f1os, donde la macroeconom\u00eda no llega y los j\u00f3venes emigraban en busca de oportunidades, estamos generando condiciones de arraigo, construyendo futuro\u201d, apunt\u00f3 para dar cuenta del impacto econ\u00f3mico del sector en las econom\u00edas regionales.<\/p>\n<p>Adem\u00e1s durante el discurso, el ministro Santos invit\u00f3 a compartir contenido sobre el pa\u00eds en Instagram con el hashtag #argentina. El objetivo es lograr que Argentina sea el pa\u00eds de la regi\u00f3n con m\u00e1s fotos en esta red social. Es un contenido fundamental para posicionarse ya que las im\u00e1genes que se postean en Instagram son una vidriera al mundo. Con m\u00e1s de 15 millones de publicaciones, en el ranking regional de pa\u00edses Argentina est\u00e1 quinta.<\/p>\n<p><a href=\"http:\/\/argentinatermal.com.ar\/wp-content\/uploads\/2017\/10\/corte_de_cinta.jpg\"><img decoding=\"async\" class=\"size-medium wp-image-1225 alignleft\" src=\"http:\/\/argentinatermal.com.ar\/wp-content\/uploads\/2017\/10\/corte_de_cinta-300x200.jpg\" alt=\"\" width=\"300\" height=\"200\" srcset=\"https:\/\/argentinatermal.com.ar\/wp-content\/uploads\/2017\/10\/corte_de_cinta-300x200.jpg 300w, https:\/\/argentinatermal.com.ar\/wp-content\/uploads\/2017\/10\/corte_de_cinta-696x464.jpg 696w, https:\/\/argentinatermal.com.ar\/wp-content\/uploads\/2017\/10\/corte_de_cinta-630x420.jpg 630w, https:\/\/argentinatermal.com.ar\/wp-content\/uploads\/2017\/10\/corte_de_cinta.jpg 750w\" sizes=\"(max-width: 300px) 100vw, 300px\" \/><\/a><\/p>\n<p>Casi medio centenar de pa\u00edses participan este a\u00f1o de la FIT, un r\u00e9cord de presencias internacionales en sus dos d\u00e9cadas de historia, junto a los stands de todas las provincias argentinas y empresas de los diversos rubros de la actividad.<\/p>\n<p>Del acto de apertura tambi\u00e9n participaron desde el estrado el presidente del Ente de Turismo de Buenos Aires, Gonzalo Robredo; el presidente de la C\u00e1mara Argentina de Turismo, Aldo El\u00edas; el presidente del Consejo Federal de Turismo, Mariano Ovejero; el presidente de la Confederaci\u00f3n Argentina de la Mediana Empresa (CAME), Fabi\u00e1n Tarr\u00edo, y Hern\u00e1n G\u00f3mez, vicepresidente de la FIT.<\/p>\n<p>Fuente:\u00a0http:\/\/bit.ly\/2yW3WJe<\/p>\n","protected":false},"excerpt":{"rendered":"<p>Destac\u00f3 el crecimiento de la actividad del sector y subray\u00f3 su aporte a la generaci\u00f3n de empleo en todo el pa\u00eds. El ministro de Turismo de la Naci\u00f3n, Gustavo Santos, destac\u00f3 hoy el crecimiento de la actividad del sector durante el \u00faltimo a\u00f1o, subray\u00f3 su aporte a la generaci\u00f3n de empleo en todo el pa\u00eds [&hellip;]<\/p>\n","protected":false},"author":1,"featured_media":1224,"comment_status":"open","ping_status":"open","sticky":false,"template":"","format":"standard","meta":{"footnotes":""},"categories":[7],"tags":[],"class_list":["post-1223","post","type-post","status-publish","format-standard","has-post-thumbnail","hentry","category-argentina"],"_links":{"self":[{"href":"https:\/\/argentinatermal.com.ar\/index.php?rest_route=\/wp\/v2\/posts\/1223","targetHints":{"allow":["GET"]}}],"collection":[{"href":"https:\/\/argentinatermal.com.ar\/index.php?rest_route=\/wp\/v2\/posts"}],"about":[{"href":"https:\/\/argentinatermal.com.ar\/index.php?rest_route=\/wp\/v2\/types\/post"}],"author":[{"embeddable":true,"href":"https:\/\/argentinatermal.com.ar\/index.php?rest_route=\/wp\/v2\/users\/1"}],"replies":[{"embeddable":true,"href":"https:\/\/argentinatermal.com.ar\/index.php?rest_route=%2Fwp%2Fv2%2Fcomments&post=1223"}],"version-history":[{"count":1,"href":"https:\/\/argentinatermal.com.ar\/index.php?rest_route=\/wp\/v2\/posts\/1223\/revisions"}],"predecessor-version":[{"id":1226,"href":"https:\/\/argentinatermal.com.ar\/index.php?rest_route=\/wp\/v2\/posts\/1223\/revisions\/1226"}],"wp:featuredmedia":[{"embeddable":true,"href":"https:\/\/argentinatermal.com.ar\/index.php?rest_route=\/wp\/v2\/media\/1224"}],"wp:attachment":[{"href":"https:\/\/argentinatermal.com.ar\/index.php?rest_route=%2Fwp%2Fv2%2Fmedia&parent=1223"}],"wp:term":[{"taxonomy":"category","embeddable":true,"href":"https:\/\/argentinatermal.com.ar\/index.php?rest_route=%2Fwp%2Fv2%2Fcategories&post=1223"},{"taxonomy":"post_tag","embeddable":true,"href":"https:\/\/argentinatermal.com.ar\/index.php?rest_route=%2Fwp%2Fv2%2Ftags&post=1223"}],"curies":[{"name":"wp","href":"https:\/\/api.w.org\/{rel}","templated":true}]}}