{"id":1288,"date":"2017-11-23T18:55:35","date_gmt":"2017-11-23T18:55:35","guid":{"rendered":"http:\/\/argentinatermal.com.ar\/?p=1288"},"modified":"2017-11-23T18:55:35","modified_gmt":"2017-11-23T18:55:35","slug":"por-noveno-ano-salta-es-el-destino-turistico-nacional-mejor-promocionado-de-argentina","status":"publish","type":"post","link":"https:\/\/argentinatermal.com.ar\/?p=1288","title":{"rendered":"Por noveno a\u00f1o Salta es el destino tur\u00edstico nacional mejor promocionado de Argentina"},"content":{"rendered":"<p style=\"font-weight: 400\"><strong><em>Representantes de la industria tur\u00edstica eligieron a Salta como el destino mejor promocionado, premio que reconoce el esfuerzo, creatividad y capacidad. \u201cPara los salte\u00f1os, el turismo es una de las principales fuentes de desarrollo\u201d, dijo el gobernador Urtubey, quien defini\u00f3 al sector privado como \u201cel verdadero motor de la actividad\u201d.<\/em><\/strong><\/p>\n<p style=\"font-weight: 400\">Agentes y referentes de la actividad tur\u00edstica nacional eligieron a Salta como el destino nacional mejor promocionado en la 12\u00b0\u00a0 edici\u00f3n de los premios Bit\u00e1cora. El gobernador Juan Manuel Urtubey recibi\u00f3 el galard\u00f3n en nombre de todo el pueblo salte\u00f1o, tanto del sector p\u00fablico como privado que trabajan para el crecimiento constante de la industria tur\u00edstica.<\/p>\n<p style=\"font-weight: 400\">En est\u00e1 ocasi\u00f3n la provincia estuvo ternada como destino nacional mejor promocionado junto a Misiones y C\u00f3rdoba. Este premio reconoce el esfuerzo, creatividad y capacidad de trabajo de las empresas, entidades e instituciones que impulsan la actividad tur\u00edstica y econ\u00f3mica,<\/p>\n<p style=\"font-weight: 400\">\u201cPara los salte\u00f1os, el turismo adem\u00e1s de ser una actividad muy querida, es una de las principales fuentes de desarrollo, sabemos del significado en t\u00e9rmino sociales\u201d, dijo Urtubey, quien defini\u00f3 al sector privado de Salta como \u201cel verdadero\u00a0 motor de la actividad\u201d.<\/p>\n<p style=\"font-weight: 400\">El gobernador Urtubey tambi\u00e9n destac\u00f3 el trabajo que se hace desde el Ministerio de Turismo de la Naci\u00f3n, de manera coordinada con las provincias. \u201cVenimos trabajando muy fuerte con el sector privado, con la Naci\u00f3n y todas las provincias de la regi\u00f3n en lo que significa un plan sostenido que ha puesto al NOA y principalmente a nuestra provincia en un lugar espectacular\u201d.<\/p>\n<p style=\"font-weight: 400\">Con respecto al premio que por noveno a\u00f1o gana Salta, indic\u00f3 que \u201ces un reconocimiento al trabajo de miles y miles de salte\u00f1os\u201d. Sostuvo que la \u00fanica funci\u00f3n del Gobierno es coordinar la labor de \u201ctodo un pueblo que est\u00e1 convencido que el desaf\u00edo es dar un servicio mejor a los que se enamoran de Salta\u201d.<\/p>\n<p style=\"font-weight: 400\">Urtubey estim\u00f3 una temporada de verano importante para la provincia y record\u00f3 que el fin de semana pasado creci\u00f3 un 14 por ciento la ocupaci\u00f3n con respecto a la misma fecha del a\u00f1o pasado.<\/p>\n<p style=\"font-weight: 400\">Estuvo presente el ministro de Turismo de la Naci\u00f3n, Gustavo Santos, el ministro de Cultura, Turismo y Deportes de Salta, Juan Manuel Lavall\u00e9n y el ex ministro de Cultura y Turismo, Mariano Ovejero. Adem\u00e1s particip\u00f3 el gobernador de Entre R\u00edos, Gustavo Bordet.<\/p>\n<p style=\"font-weight: 400\">Los ternados fueron elegidos por el voto de los agentes de viajes y dem\u00e1s integrantes de la actividad durante la Feria Internacional de Turismo o mediante su voto on line en la p\u00e1gina\u00a0<a href=\"http:\/\/www.premiobitacora.com.ar\/\">www.premiobitacora.com.ar<\/a>.<\/p>\n","protected":false},"excerpt":{"rendered":"<p>Representantes de la industria tur\u00edstica eligieron a Salta como el destino mejor promocionado, premio que reconoce el esfuerzo, creatividad y capacidad. \u201cPara los salte\u00f1os, el turismo es una de las principales fuentes de desarrollo\u201d, dijo el gobernador Urtubey, quien defini\u00f3 al sector privado como \u201cel verdadero motor de la actividad\u201d. Agentes y referentes de la [&hellip;]<\/p>\n","protected":false},"author":1,"featured_media":1289,"comment_status":"open","ping_status":"open","sticky":false,"template":"","format":"standard","meta":{"footnotes":""},"categories":[7,8,30],"tags":[],"class_list":["post-1288","post","type-post","status-publish","format-standard","has-post-thumbnail","hentry","category-argentina","category-noa","category-temas-relacionados"],"_links":{"self":[{"href":"https:\/\/argentinatermal.com.ar\/index.php?rest_route=\/wp\/v2\/posts\/1288","targetHints":{"allow":["GET"]}}],"collection":[{"href":"https:\/\/argentinatermal.com.ar\/index.php?rest_route=\/wp\/v2\/posts"}],"about":[{"href":"https:\/\/argentinatermal.com.ar\/index.php?rest_route=\/wp\/v2\/types\/post"}],"author":[{"embeddable":true,"href":"https:\/\/argentinatermal.com.ar\/index.php?rest_route=\/wp\/v2\/users\/1"}],"replies":[{"embeddable":true,"href":"https:\/\/argentinatermal.com.ar\/index.php?rest_route=%2Fwp%2Fv2%2Fcomments&post=1288"}],"version-history":[{"count":1,"href":"https:\/\/argentinatermal.com.ar\/index.php?rest_route=\/wp\/v2\/posts\/1288\/revisions"}],"predecessor-version":[{"id":1290,"href":"https:\/\/argentinatermal.com.ar\/index.php?rest_route=\/wp\/v2\/posts\/1288\/revisions\/1290"}],"wp:featuredmedia":[{"embeddable":true,"href":"https:\/\/argentinatermal.com.ar\/index.php?rest_route=\/wp\/v2\/media\/1289"}],"wp:attachment":[{"href":"https:\/\/argentinatermal.com.ar\/index.php?rest_route=%2Fwp%2Fv2%2Fmedia&parent=1288"}],"wp:term":[{"taxonomy":"category","embeddable":true,"href":"https:\/\/argentinatermal.com.ar\/index.php?rest_route=%2Fwp%2Fv2%2Fcategories&post=1288"},{"taxonomy":"post_tag","embeddable":true,"href":"https:\/\/argentinatermal.com.ar\/index.php?rest_route=%2Fwp%2Fv2%2Ftags&post=1288"}],"curies":[{"name":"wp","href":"https:\/\/api.w.org\/{rel}","templated":true}]}}