{"id":1292,"date":"2017-11-29T20:06:55","date_gmt":"2017-11-29T20:06:55","guid":{"rendered":"http:\/\/argentinatermal.com.ar\/?p=1292"},"modified":"2017-11-29T20:06:55","modified_gmt":"2017-11-29T20:06:55","slug":"resumen-del-2o-congreso-nacional-de-termalismo-y-spa-realizado-en-risaralda-colombia","status":"publish","type":"post","link":"https:\/\/argentinatermal.com.ar\/?p=1292","title":{"rendered":"Resumen del 2\u00ba Congreso Nacional de Termalismo y Spa realizado en Risaralda &#8211; Colombia"},"content":{"rendered":"<p>Desde el d\u00eda 23 de noviembre hasta el d\u00eda 25 de noviembre en el municipio de Santa Rosa de Cabal en el departamento de Risaralda, se celebr\u00f3 el segundo encuentro acad\u00e9mico entorno al termalismo y el spa; con una asistencia de 250 personas de diferentes ciudades de Colombia interesadas en conocer las nuevas tendencias del mundo del bienestar. Este encuentro acad\u00e9mico se vio enriquecido por la participaci\u00f3n de conferencistas de Espa\u00f1a, Argentina y Colombia; quienes hablaron de la importancia de evolucionar el mercado del termalismo y el spa dando respuesta a unas necesidades puntuales de los viajeros de hoy, quienes est\u00e1n buscando experiencias que no solo se vivan en el f\u00edsico sino tambi\u00e9n en lo mental y lo emocional.<\/p>\n<p>Con la presencia de entes Gubernamentales como lo son Procolombia entidad de promoci\u00f3n internacional del pa\u00eds, PTP Programa de Transformaci\u00f3n Productiva del Ministerio de Industria, Comercio y Turismo, Fontur; el apoyo de la Gobernaci\u00f3n de Risaralda y la Alcald\u00eda de Santa Rosa de Cabal; vemos como este sector del pa\u00eds no es solo de inter\u00e9s empresarial privada sino que los Gobiernos Territoriales y el Gobierno Nacional impulsan el crecimiento del turismo a trav\u00e9s de este segmento importante de viajeros del mundo.<\/p>\n<p>Este evento fue organizado por Cotelco la Asociaci\u00f3n Hotelera y Tur\u00edstica de Colombia quienes desde el a\u00f1o 2007 realizaron un primer congreso de termalismo en Colombia y que desde el a\u00f1o 2016 viene liderando la realizaci\u00f3n de este encuentro, y la C\u00e1mara de Comercio de Santa Rosa de Cabal quien en su municipio ha liderado esta iniciativa.<\/p>\n<p>En el marco de este Segundo Congreso Nacional de Termalismo y Spa, se hizo el lanzamiento del Congreso Latinoamericano de Turismo de Bienestar 2018 donde Colombia ser\u00e1 la sede; el cual se realizar del 14 al 16 de Noviembre; este Congreso espera reunir a todos los empresarios del sector tur\u00edstico de la Regi\u00f3n de Latinoam\u00e9rica (Agencias de Viajes, Hoteles, Centros Termales, Resort, Spa y Destinos de Bienestar) para aprender c\u00f3mo se puede potencializar la regi\u00f3n, aprovechando la gran diversidad que tiene m\u00e1s lo que se puede ofrecer a los viajeros de bienestar y as\u00ed incrementar los ingresos que se est\u00e1n percibiendo por viajes de bienestar que actualmente se encuentran en\u00a0 30.5 billones de d\u00f3lares anuales en la regi\u00f3n; una cifra baja versus a Europa, Asia y Norteam\u00e9rica.<\/p>\n<p>Fuente:<\/p>\n<p>Alejandra Millan<\/p>\n<p>CEO Wellness Trip Colombia<\/p>\n<p>Consultora en Turismo de Bienestar<\/p>\n","protected":false},"excerpt":{"rendered":"<p>Desde el d\u00eda 23 de noviembre hasta el d\u00eda 25 de noviembre en el municipio de Santa Rosa de Cabal en el departamento de Risaralda, se celebr\u00f3 el segundo encuentro acad\u00e9mico entorno al termalismo y el spa; con una asistencia de 250 personas de diferentes ciudades de Colombia interesadas en conocer las nuevas tendencias del [&hellip;]<\/p>\n","protected":false},"author":1,"featured_media":1293,"comment_status":"open","ping_status":"open","sticky":false,"template":"","format":"standard","meta":{"footnotes":""},"categories":[12,15],"tags":[],"class_list":["post-1292","post","type-post","status-publish","format-standard","has-post-thumbnail","hentry","category-internacionales","category-turismo-de-bienestar"],"_links":{"self":[{"href":"https:\/\/argentinatermal.com.ar\/index.php?rest_route=\/wp\/v2\/posts\/1292","targetHints":{"allow":["GET"]}}],"collection":[{"href":"https:\/\/argentinatermal.com.ar\/index.php?rest_route=\/wp\/v2\/posts"}],"about":[{"href":"https:\/\/argentinatermal.com.ar\/index.php?rest_route=\/wp\/v2\/types\/post"}],"author":[{"embeddable":true,"href":"https:\/\/argentinatermal.com.ar\/index.php?rest_route=\/wp\/v2\/users\/1"}],"replies":[{"embeddable":true,"href":"https:\/\/argentinatermal.com.ar\/index.php?rest_route=%2Fwp%2Fv2%2Fcomments&post=1292"}],"version-history":[{"count":1,"href":"https:\/\/argentinatermal.com.ar\/index.php?rest_route=\/wp\/v2\/posts\/1292\/revisions"}],"predecessor-version":[{"id":1294,"href":"https:\/\/argentinatermal.com.ar\/index.php?rest_route=\/wp\/v2\/posts\/1292\/revisions\/1294"}],"wp:featuredmedia":[{"embeddable":true,"href":"https:\/\/argentinatermal.com.ar\/index.php?rest_route=\/wp\/v2\/media\/1293"}],"wp:attachment":[{"href":"https:\/\/argentinatermal.com.ar\/index.php?rest_route=%2Fwp%2Fv2%2Fmedia&parent=1292"}],"wp:term":[{"taxonomy":"category","embeddable":true,"href":"https:\/\/argentinatermal.com.ar\/index.php?rest_route=%2Fwp%2Fv2%2Fcategories&post=1292"},{"taxonomy":"post_tag","embeddable":true,"href":"https:\/\/argentinatermal.com.ar\/index.php?rest_route=%2Fwp%2Fv2%2Ftags&post=1292"}],"curies":[{"name":"wp","href":"https:\/\/api.w.org\/{rel}","templated":true}]}}