{"id":1295,"date":"2017-11-29T20:26:09","date_gmt":"2017-11-29T20:26:09","guid":{"rendered":"http:\/\/argentinatermal.com.ar\/?p=1295"},"modified":"2017-11-29T20:26:09","modified_gmt":"2017-11-29T20:26:09","slug":"se-realizo-en-neuquen-el-simposio-de-turismo-salud","status":"publish","type":"post","link":"https:\/\/argentinatermal.com.ar\/?p=1295","title":{"rendered":"Se realiz\u00f3 en Neuqu\u00e9n el Simposio de Turismo Salud"},"content":{"rendered":"<p class=\"bajada\"><strong>El gobernador Omar Guti\u00e9rrez asisti\u00f3 al simposio y destac\u00f3 la importancia de las termas de Copahue, reconocidas a nivel mundial como uno de los centros de mayor relevancia.<\/strong><\/p>\n<p class=\"bajada\">Se desarroll\u00f3 esta tarde en Neuqu\u00e9n capital el Simposio de Turismo Salud. Consisti\u00f3 en una jornada t\u00e9cnica que abord\u00f3 al Termalismo desde una perspectiva multidisciplinaria: tur\u00edstica, m\u00e9dica, ambiental, legal y econ\u00f3mica. Cont\u00f3 con la presencia del gobernador Omar Guti\u00e9rrez, invitados destacados a nivel mundial en termalismo y expertos de la regi\u00f3n.<\/p>\n<p>Durante la misma jornada, que se llev\u00f3 a cabo en el Espacio Duam, se hizo la presentaci\u00f3n del libro \u201cCopahue: la ciencia, lo m\u00e1gico y el arte de curar\u201d. Se trata de una documentaci\u00f3n especial sobre Copahue y sus termas, realizado por m\u00faltiples autores.<\/p>\n<p><a href=\"http:\/\/argentinatermal.com.ar\/wp-content\/uploads\/2017\/11\/Web...-Primera-Neuquen-27-11-2017-Se-realiz\u00f3-en-Neuqu\u00e9n-el-Simposio-de-Turismo-SaludIMG_4678-696x344-1.jpg\"><img decoding=\"async\" class=\"size-medium wp-image-1297 alignleft\" src=\"http:\/\/argentinatermal.com.ar\/wp-content\/uploads\/2017\/11\/Web...-Primera-Neuquen-27-11-2017-Se-realiz\u00f3-en-Neuqu\u00e9n-el-Simposio-de-Turismo-SaludIMG_4678-696x344-1-300x148.jpg\" alt=\"\" width=\"300\" height=\"148\" srcset=\"https:\/\/argentinatermal.com.ar\/wp-content\/uploads\/2017\/11\/Web...-Primera-Neuquen-27-11-2017-Se-realiz\u00f3-en-Neuqu\u00e9n-el-Simposio-de-Turismo-SaludIMG_4678-696x344-1-300x148.jpg 300w, https:\/\/argentinatermal.com.ar\/wp-content\/uploads\/2017\/11\/Web...-Primera-Neuquen-27-11-2017-Se-realiz\u00f3-en-Neuqu\u00e9n-el-Simposio-de-Turismo-SaludIMG_4678-696x344-1-324x160.jpg 324w, https:\/\/argentinatermal.com.ar\/wp-content\/uploads\/2017\/11\/Web...-Primera-Neuquen-27-11-2017-Se-realiz\u00f3-en-Neuqu\u00e9n-el-Simposio-de-Turismo-SaludIMG_4678-696x344-1-533x261.jpg 533w, https:\/\/argentinatermal.com.ar\/wp-content\/uploads\/2017\/11\/Web...-Primera-Neuquen-27-11-2017-Se-realiz\u00f3-en-Neuqu\u00e9n-el-Simposio-de-Turismo-SaludIMG_4678-696x344-1.jpg 696w\" sizes=\"(max-width: 300px) 100vw, 300px\" \/><\/a><span style=\"font-size: 8pt\"><em>\u201cTenemos un gran potencial, pero queremos que nos ayuden; por eso estamos felices de que nos visiten. Es muy importante que hayan podido conocer la intimidad de nuestras termas, lo que hemos hecho y lo que no\u201d, les dijo Guti\u00e9rrez a los especialistas presentes.<\/em><\/span><\/p>\n<p>Agreg\u00f3 que \u201ces muy bueno que quienes aman y trabajan en las termas neuquinas hoy puedan escuchar de boca de ustedes la planificaci\u00f3n y las prioridades que hay que fortalecer para lograr el desarrollo competitivo de nuestras termas\u201d.<\/p>\n<p>A modo de anticipo, Guti\u00e9rrez inform\u00f3 que en pocos d\u00edas m\u00e1s el Poder Ejecutivo presentar\u00e1 una nueva ley de ministerios, \u201cque va a estructurar el gobierno de manera totalmente distinta; y por primera vez en la historia vamos a crear un ministerio que se dedique exclusivamente al desarrollo tur\u00edstico\u201d.<\/p>\n<p>En ese sentido, record\u00f3 que adem\u00e1s de ser un gran desarrollador de la econom\u00eda y de integrarla verticalmente, el turismo \u201cpermite el desarrollo de todas las zonas de la provincia\u201d.<\/p>\n<p>\u201cEstamos poniendo un moj\u00f3n important\u00edsimo con esta actividad. Piensen que el turismo es la segunda activad de importancia en la provincia, por eso estamos felices de que nos transmitan sus experiencias\u201d, culmin\u00f3.<\/p>\n<p>Por su parte, el ministro de Producci\u00f3n y Turismo, Jos\u00e9 Brillo dijo que Neuqu\u00e9n \u201cest\u00e1 orgullosa de nuestras termas. Estamos trabajando luego del duro invierno de cuatro meses, en el que hubo mucha nieve, para recuperar las instalaciones y poder recibir a quienes vienen peri\u00f3dicamente a este lugar\u201d.<\/p>\n<p>El presidente del Ente Provincial del Termas del Neuqu\u00e9n (Eproten), Alberto Moreno cont\u00f3 que se est\u00e1 trabajando \u201cen capacitaci\u00f3n y desarrollo. El trabajo es amplio y tiene que ver con que Neuqu\u00e9n tiene una caracter\u00edstica realmente importante para instalarse como provincia termal. Queremos que nuestro centro termal m\u00e9dico sea un faro en toda Latinoam\u00e9rica\u201d.<\/p>\n<p>Por su parte, la vicepresidenta primera de la Legislatura, Alma Sapag destac\u00f3 la jornada compartida con los especialistas en Copahue. \u201cTengo 65 a\u00f1os y hace un poco m\u00e1s de 65 a\u00f1os que voy a Copahue. Mis abuelos iban desde la d\u00e9cada de 1920, tardaban cinco d\u00edas y viv\u00edan en una especie de carpa, de tienda; donde iba a disfrutar verdaderamente la terma\u201d, relat\u00f3.<\/p>\n<p>\u201cImaginen la pertenencia que tenemos con Copahue, el amor y el reconocimiento como patrimonio natural, que tenemos un gran compromiso los neuquinos y argentinos de preservar\u201d, agreg\u00f3.<\/p>\n<p>Neuqu\u00e9n ser\u00e1 sede en 2018 de un encuentro de investigadores en fangos termales; mientras que en 2019 se realizar\u00e1 en la provincia un congreso iberoamericano en la materia.<\/p>\n<p>De acuerdo con el programa del simposio, hubo presentaciones a cargo de expertos:\u00a0Francisco Maraver Eyzaguirre, especialista en Hidrolog\u00eda m\u00e9dica, tuvo a cargo la presentaci\u00f3n\u00a0\u201cLa necesidad de investigar en la medicina termal\u201d;\u00a0Alejandro Rubin Carballo, director de Termatali, hizo la presentaci\u00f3n \u201cTendencias de turismo salud y bienestar en Am\u00e9rica latina y Europa\u201d; Emma Gonz\u00e1lez Di\u00e9guez, tambi\u00e9n de Termatalia, tuvo a cargo la presentaci\u00f3n de \u201cMarketing termal\u201d; y Mar\u00eda Lorena Vela, directora provincial en Medicina Termal de Termas de Copahue, hizo la disertaci\u00f3n \u201cCopahue para el mundo\u201d.<\/p>\n<p>Esta actividad se enmarca entre las actividades previas al Congreso iberoamericano de Peloides (fango medicinal) que se realizar\u00e1 en la provincia del Neuqu\u00e9n en marzo de 2019, y ser\u00e1 la primera vez que se desarrolle fuera del continente europeo.<\/p>\n<p><a href=\"http:\/\/argentinatermal.com.ar\/wp-content\/uploads\/2017\/11\/Web...Cierre-Neuquen-27-11-2017-Se-realiz\u00f3-en-Neuqu\u00e9n-el-Simposio-de-Turismo-SaludIMG_4724-696x344.jpg\"><img decoding=\"async\" class=\"alignnone  wp-image-1298\" src=\"http:\/\/argentinatermal.com.ar\/wp-content\/uploads\/2017\/11\/Web...Cierre-Neuquen-27-11-2017-Se-realiz\u00f3-en-Neuqu\u00e9n-el-Simposio-de-Turismo-SaludIMG_4724-696x344-300x148.jpg\" alt=\"\" width=\"320\" height=\"158\" srcset=\"https:\/\/argentinatermal.com.ar\/wp-content\/uploads\/2017\/11\/Web...Cierre-Neuquen-27-11-2017-Se-realiz\u00f3-en-Neuqu\u00e9n-el-Simposio-de-Turismo-SaludIMG_4724-696x344-300x148.jpg 300w, https:\/\/argentinatermal.com.ar\/wp-content\/uploads\/2017\/11\/Web...Cierre-Neuquen-27-11-2017-Se-realiz\u00f3-en-Neuqu\u00e9n-el-Simposio-de-Turismo-SaludIMG_4724-696x344-324x160.jpg 324w, https:\/\/argentinatermal.com.ar\/wp-content\/uploads\/2017\/11\/Web...Cierre-Neuquen-27-11-2017-Se-realiz\u00f3-en-Neuqu\u00e9n-el-Simposio-de-Turismo-SaludIMG_4724-696x344-533x261.jpg 533w, https:\/\/argentinatermal.com.ar\/wp-content\/uploads\/2017\/11\/Web...Cierre-Neuquen-27-11-2017-Se-realiz\u00f3-en-Neuqu\u00e9n-el-Simposio-de-Turismo-SaludIMG_4724-696x344.jpg 696w\" sizes=\"(max-width: 320px) 100vw, 320px\" \/><\/a><\/p>\n<p><span style=\"font-size: 8pt;color: #3366ff\">Fuente de la informaci\u00f3n:\u00a0http:\/\/www.neuqueninforma.gob.ar\/<\/span><\/p>\n<p>&nbsp;<\/p>\n","protected":false},"excerpt":{"rendered":"<p>El gobernador Omar Guti\u00e9rrez asisti\u00f3 al simposio y destac\u00f3 la importancia de las termas de Copahue, reconocidas a nivel mundial como uno de los centros de mayor relevancia. Se desarroll\u00f3 esta tarde en Neuqu\u00e9n capital el Simposio de Turismo Salud. Consisti\u00f3 en una jornada t\u00e9cnica que abord\u00f3 al Termalismo desde una perspectiva multidisciplinaria: tur\u00edstica, m\u00e9dica, [&hellip;]<\/p>\n","protected":false},"author":1,"featured_media":1299,"comment_status":"open","ping_status":"open","sticky":false,"template":"","format":"standard","meta":{"footnotes":""},"categories":[7,16,21,14,22,17],"tags":[],"class_list":["post-1295","post","type-post","status-publish","format-standard","has-post-thumbnail","hentry","category-argentina","category-medicina-termal","category-patagonia","category-turismo-salud","category-turismo-sostenible","category-turismo-termal"],"_links":{"self":[{"href":"https:\/\/argentinatermal.com.ar\/index.php?rest_route=\/wp\/v2\/posts\/1295","targetHints":{"allow":["GET"]}}],"collection":[{"href":"https:\/\/argentinatermal.com.ar\/index.php?rest_route=\/wp\/v2\/posts"}],"about":[{"href":"https:\/\/argentinatermal.com.ar\/index.php?rest_route=\/wp\/v2\/types\/post"}],"author":[{"embeddable":true,"href":"https:\/\/argentinatermal.com.ar\/index.php?rest_route=\/wp\/v2\/users\/1"}],"replies":[{"embeddable":true,"href":"https:\/\/argentinatermal.com.ar\/index.php?rest_route=%2Fwp%2Fv2%2Fcomments&post=1295"}],"version-history":[{"count":1,"href":"https:\/\/argentinatermal.com.ar\/index.php?rest_route=\/wp\/v2\/posts\/1295\/revisions"}],"predecessor-version":[{"id":1300,"href":"https:\/\/argentinatermal.com.ar\/index.php?rest_route=\/wp\/v2\/posts\/1295\/revisions\/1300"}],"wp:featuredmedia":[{"embeddable":true,"href":"https:\/\/argentinatermal.com.ar\/index.php?rest_route=\/wp\/v2\/media\/1299"}],"wp:attachment":[{"href":"https:\/\/argentinatermal.com.ar\/index.php?rest_route=%2Fwp%2Fv2%2Fmedia&parent=1295"}],"wp:term":[{"taxonomy":"category","embeddable":true,"href":"https:\/\/argentinatermal.com.ar\/index.php?rest_route=%2Fwp%2Fv2%2Fcategories&post=1295"},{"taxonomy":"post_tag","embeddable":true,"href":"https:\/\/argentinatermal.com.ar\/index.php?rest_route=%2Fwp%2Fv2%2Ftags&post=1295"}],"curies":[{"name":"wp","href":"https:\/\/api.w.org\/{rel}","templated":true}]}}