{"id":1309,"date":"2017-12-14T13:22:14","date_gmt":"2017-12-14T13:22:14","guid":{"rendered":"http:\/\/argentinatermal.com.ar\/?p=1309"},"modified":"2017-12-14T13:22:14","modified_gmt":"2017-12-14T13:22:14","slug":"entre-rios-presento-la-temporada-de-verano-2018-en-buenos-aires","status":"publish","type":"post","link":"https:\/\/argentinatermal.com.ar\/?p=1309","title":{"rendered":"Entre R\u00edos present\u00f3 la temporada de verano 2018 en Buenos Aires"},"content":{"rendered":"<p><em><strong>El gobernador Bordet encabez\u00f3 el lanzamiento. Playas, termas, parques acu\u00e1ticos y carnaval nutren la oferta tur\u00edstica. \u00abLos entrerrianos sabemos tratar muy bien a quienes nos vienen a visitar\u00bb dijo el mandatario.<\/strong><\/em><\/p>\n<p>En el Hotel Meli\u00e1, en la Ciudad Aut\u00f3noma de Buenos Aires, se llev\u00f3 adelante el lanzamiento de la temporada de verano 2018 en Entre R\u00edos. En el evento, se presentaron los cuatro productos principales de la temporada: playas, termas, parques acu\u00e1ticos, y carnaval as\u00ed como tambi\u00e9n el calendario de fiestas populares para toda la temporada de verano a lo largo y ancho de la provincia.<\/p>\n<p>El gobernador Gustavo Bordet expres\u00f3 que \u00ablos entrerrianos sabemos tratar muy bien a quienes nos vienen a visitar. Somos gente sencilla, hospitalaria y generalmente el que viene a visitar Entre R\u00edos siempre vuelve. Creo que este es el desaf\u00edo m\u00e1s importante, m\u00e1s all\u00e1 de que vengan m\u00e1s turistas, que nos sigan visitando porque estamos muy contentos de recibirlos.<\/p>\n<p>Luego coment\u00f3 que \u00abcada pueblo, cada ciudad, tiene fiestas populares durante el verano, como por ejemplo la de la artesan\u00eda en Col\u00f3n, que tiene n\u00fameros de primer nivel, la del lago en Federaci\u00f3n, que tambi\u00e9n tiene n\u00fameros art\u00edsticos de primer nivel y la nacional del chamam\u00e9 del norte entrerriano, que se realiza en Federal y es especial para los que les gustan esta m\u00fasica aut\u00f3ctona\u00bb.<\/p>\n<p>Bordet destac\u00f3 que \u00abcada pueblo, cada localidad tiene su fiesta. Cuando el turista ingresa a Entre R\u00edos va a recibir un folleto donde se detalla cada una de las fiestas populares que tiene y opciones para la familia. Est\u00e1 tambi\u00e9n el circuito de playas sobre la vera del r\u00edo Uruguay que son realmente magn\u00edficas, como las de Gualeguaych\u00fa, de Concepci\u00f3n del Uruguay, Col\u00f3n, San Jos\u00e9, Concordia, Federaci\u00f3n. Y el r\u00edo Paran\u00e1, con todo lo exuberante que es, brinda la posibilidad de pesca deportiva y de avistaje de aves\u00bb.<\/p>\n<p>Entre otros atractivos tambi\u00e9n mencion\u00f3 \u00ablos parques nacionales, como el Pre Delta y El Palmar, un oasis muy cerca de la provincia de Buenos Aires. Entre R\u00edos invita a recorrerla y visitarla\u00bb.<\/p>\n<p>Por su parte, la secretaria de Cultura y Turismo de la provincia, Carolina Gaillard, agradeci\u00f3 la compa\u00f1\u00eda de los medios presentes, \u00aby especialmente a todos los intendentes que se hicieron presentes\u00bb. \u00abHoy estamos mostrando lo que es Entre R\u00edos y estamos invitando a todos a vivir las termas, el carnaval, las playas en las costas del Uruguay y del Paran\u00e1, pero tambi\u00e9n a disfrutar de nuestra gastronom\u00eda, con platos t\u00edpicos que van a poder degustar. Y todo esto acompa\u00f1ado de las fiestas populares que son muchas y cada una habla de la idiosincrasia, de nuestras costumbres, de nuestra cultura, y eso es lo que vamos a trabajar para que la gente venga a visitarnos.<\/p>\n<section class=\"texto\">\u00abComo bien dec\u00eda nuestro gobernador Gustavo Bordet una de las cosas que hace que nuestra provincia sea grandiosa son los entrerrianos por su calidez, su solidaridad. Invitamos a todos a conocer la provincia\u00bb apunt\u00f3 Gaillard.<\/p>\n<p>La funcionaria resalt\u00f3 que \u00abqueremos que el que venga, conozca nuestro acervo cultural, conozca nuestro patrimonio hist\u00f3rico. Entre R\u00edos es tierra de poetas, es tierra de inmigrantes y eso nos hace una provincia muy rica, muy diversa y muy plural\u00bb.<\/p>\n<h5>Seguridad y prevenci\u00f3n<\/h5>\n<p>Bordet indic\u00f3 adem\u00e1s que \u00abAlgunos a\u00f1os atr\u00e1s muchos turistas que visitaban la provincia se encontraban con algunas sorpresas de fotos multas que eran costosas y enga\u00f1osas pero la primera medida de gobierno fue anular ese sistema, para que nadie pase un mal momento si viene a visitarnos, siempre y cuando se respeten los l\u00edmites m\u00e1ximos de velocidad\u00bb.<\/p>\n<p>Finalmente, el mandatario provincial se\u00f1al\u00f3 que Entre R\u00edos \u00abes una provincia muy segura, donde no van a tener nada desagradable durante la estad\u00eda. Esto tambi\u00e9n est\u00e1 garantizado\u00bb.<\/p>\n<h5>Presencias<\/h5>\n<p>El evento cont\u00f3 con la conducci\u00f3n de Tete Coustarot y finaliz\u00f3 con un gran show de Carnaval, producto estrella de la provincia.<\/p>\n<p>Acompa\u00f1aron al gobernador Gustavo Bordet en la presentaci\u00f3n de la temporada de verano el secretario de Turismo de la Naci\u00f3n, Alejandro Eloy Lastra, el vicepresidente de la C\u00e1mara Argentina de la Mediana Empresa (CAME), Diego Guti\u00e9rrez, el secretario general de la Gobernaci\u00f3n, Edgardo Kueider, la secretaria de Turismo y Cultura de la provincia de Entre R\u00edos, Carolina Gaillard, el intendente de Col\u00f3n, Marino Rebord, el intendente de Villa Elisa, Leandro Arribalzaga, el intendente de Paran\u00e1, Sergio Varisco, el intendente de Concordia, Enrique Cresto, el intendente de Federal, Gerardo Chapino, el intendente de Santa Elena, Silvio Moreira, funcionarios y legisladores entrerrianos.<\/section>\n<footer><span class=\"fuente\"><b>Fuente:<\/b>\u00a0Prensa Gobierno de Entre R\u00edos<\/span><\/footer>\n","protected":false},"excerpt":{"rendered":"<p>El gobernador Bordet encabez\u00f3 el lanzamiento. Playas, termas, parques acu\u00e1ticos y carnaval nutren la oferta tur\u00edstica. \u00abLos entrerrianos sabemos tratar muy bien a quienes nos vienen a visitar\u00bb dijo el mandatario. En el Hotel Meli\u00e1, en la Ciudad Aut\u00f3noma de Buenos Aires, se llev\u00f3 adelante el lanzamiento de la temporada de verano 2018 en Entre [&hellip;]<\/p>\n","protected":false},"author":1,"featured_media":1310,"comment_status":"open","ping_status":"open","sticky":false,"template":"","format":"standard","meta":{"footnotes":""},"categories":[7,17],"tags":[],"class_list":["post-1309","post","type-post","status-publish","format-standard","has-post-thumbnail","hentry","category-argentina","category-turismo-termal"],"_links":{"self":[{"href":"https:\/\/argentinatermal.com.ar\/index.php?rest_route=\/wp\/v2\/posts\/1309","targetHints":{"allow":["GET"]}}],"collection":[{"href":"https:\/\/argentinatermal.com.ar\/index.php?rest_route=\/wp\/v2\/posts"}],"about":[{"href":"https:\/\/argentinatermal.com.ar\/index.php?rest_route=\/wp\/v2\/types\/post"}],"author":[{"embeddable":true,"href":"https:\/\/argentinatermal.com.ar\/index.php?rest_route=\/wp\/v2\/users\/1"}],"replies":[{"embeddable":true,"href":"https:\/\/argentinatermal.com.ar\/index.php?rest_route=%2Fwp%2Fv2%2Fcomments&post=1309"}],"version-history":[{"count":1,"href":"https:\/\/argentinatermal.com.ar\/index.php?rest_route=\/wp\/v2\/posts\/1309\/revisions"}],"predecessor-version":[{"id":1311,"href":"https:\/\/argentinatermal.com.ar\/index.php?rest_route=\/wp\/v2\/posts\/1309\/revisions\/1311"}],"wp:featuredmedia":[{"embeddable":true,"href":"https:\/\/argentinatermal.com.ar\/index.php?rest_route=\/wp\/v2\/media\/1310"}],"wp:attachment":[{"href":"https:\/\/argentinatermal.com.ar\/index.php?rest_route=%2Fwp%2Fv2%2Fmedia&parent=1309"}],"wp:term":[{"taxonomy":"category","embeddable":true,"href":"https:\/\/argentinatermal.com.ar\/index.php?rest_route=%2Fwp%2Fv2%2Fcategories&post=1309"},{"taxonomy":"post_tag","embeddable":true,"href":"https:\/\/argentinatermal.com.ar\/index.php?rest_route=%2Fwp%2Fv2%2Ftags&post=1309"}],"curies":[{"name":"wp","href":"https:\/\/api.w.org\/{rel}","templated":true}]}}