{"id":1360,"date":"2018-01-11T16:07:43","date_gmt":"2018-01-11T16:07:43","guid":{"rendered":"http:\/\/argentinatermal.com.ar\/?p=1360"},"modified":"2018-01-11T16:08:38","modified_gmt":"2018-01-11T16:08:38","slug":"salta-participara-de-fitur-la-feria-de-turismo-mas-importante-de-espana","status":"publish","type":"post","link":"https:\/\/argentinatermal.com.ar\/?p=1360","title":{"rendered":"Salta participar\u00e1 de FITUR, la feria de turismo m\u00e1s importante de Espa\u00f1a"},"content":{"rendered":"<p style=\"font-weight: 400\"><strong><em>FITUR es el punto de encuentro global para los profesionales del turismo y la feria l\u00edder para los mercados receptivos y emisores de Iberoam\u00e9rica. La provincia estar\u00e1 representada por el ministro de Cultura, Turismo y Deportes, Juan Manuel Lavallen, invitado por el Ministerio de Turismo de La Naci\u00f3n.<\/em><\/strong><\/p>\n<p style=\"font-weight: 400\">Entre el 17 y el 21 de enero se realizar\u00e1 la Feria Internacional de Turismo, FITUR, en la ciudad de Madrid, donde Salta estar\u00e1 presente desplegando toda su oferta tur\u00edstica.<\/p>\n<p style=\"font-weight: 400\">Por la Provincia participar\u00e1n el ministro de Cultura, Turismo y Deportes, Juan Manuel Lavallen, y el presidente de la Asociaci\u00f3n Salte\u00f1a de Agencias de Viajes, Gustavo Dimecola.<\/p>\n<p style=\"font-weight: 400\">La presencia de Salta tendr\u00e1 lugar dentro del stand de Argentina, donde se planean acciones promocionales dirigidas a operadores, agentes de viajes y periodistas para aumentar el conocimiento y la puesta en valor del destino en el mercado europeo,\u00a0 espec\u00edficamente el espa\u00f1ol.<\/p>\n<p style=\"font-weight: 400\">En el espacio de Salta se distribuir\u00e1 material promocional audiovisual, adem\u00e1s de libros institucionales y revistas promocionando cultura, aventura, gastronom\u00eda, naturaleza, reuniones y atractivos imperdibles, como as\u00ed tambi\u00e9n el manual de ventas de productos y circuitos innovadores.<\/p>\n<p style=\"font-weight: 400\">En tanto, el jueves 18 de enero en el marco de esta participaci\u00f3n ferial, el ministro Lavallen brindar\u00e1 una presentaci\u00f3n del destino \u201cSalta, Argentina, tan linda que enamora\u201d destinada a los profesionales del sector, cuyo objetivo ser\u00e1 capacitar al trade sobre los atributos diferenciadores del destino y contribuir a aumentar el n\u00famero de turistas espa\u00f1oles que visitan el destino durante sus viajes a Argentina.<\/p>\n<p style=\"font-weight: 400\">Posteriormente se realizar\u00e1 una degustaci\u00f3n de vinos de altura destinada al p\u00fablico presente, para promocionar la Ruta del Vino de Salta, uno de los principales productos tur\u00edsticos demandados por los espa\u00f1oles que visitan la provincia y que seg\u00fan las \u00faltimas estad\u00edsticas del Ministerio de Cultura, Turismo y Deportes, representan el 7,7% del total de turistas extranjeros que visitaron Salta.<\/p>\n<p style=\"font-weight: 400\">Como novedad, este a\u00f1o el stand de Argentina en FITUR contar\u00e1 con un espacio que identificar\u00e1 a nuestro pa\u00eds como destino sostenible, y en ese marco, Salta promocionar\u00e1 su producto Observaci\u00f3n de Aves y el circuito integrado dise\u00f1ado en forma conjunta con Misiones, Corrientes y Tierra del Fuego, que propone recorrer estas 4 provincias y observar el 95% del total de aves del pa\u00eds en 24 d\u00edas.<\/p>\n<p style=\"font-weight: 400\">Entre las actividades enmarcadas en la feria, el ministro Lavallen participar\u00e1 de diferentes de reuniones con operadores tur\u00edsticos, l\u00edneas a\u00e9reas y medios de prensa.\u00a0 Adem\u00e1s Salta estar\u00e1 presente en la Noche Argentina en Madrid organizada por el Instituto Nacional de Promoci\u00f3n Tur\u00edstica y en un encuentro con empresarios organizado por la C\u00e1mara Argentina de Turismo.<\/p>\n<p><span style=\"font-weight: 400\">&#8212;\u00a0<\/span>Prensa<\/p>\n<p>Ministerio de Cultura, Turismo y Deportes de Salta<\/p>\n<p>0800-222-2752 | 0800-222-3752<\/p>\n<p>Salta &#8211; Argentina<\/p>\n<p>Email:\u00a0<a href=\"mailto:prensa@turismosalta.gov.ar\">prensa@turismosalta.gov.ar<\/a><\/p>\n<p>Web:\u00a0<a href=\"http:\/\/www.turismosalta.gov.ar\/\">www.turismosalta.gov.ar<\/a><\/p>\n","protected":false},"excerpt":{"rendered":"<p>FITUR es el punto de encuentro global para los profesionales del turismo y la feria l\u00edder para los mercados receptivos y emisores de Iberoam\u00e9rica. La provincia estar\u00e1 representada por el ministro de Cultura, Turismo y Deportes, Juan Manuel Lavallen, invitado por el Ministerio de Turismo de La Naci\u00f3n. Entre el 17 y el 21 de [&hellip;]<\/p>\n","protected":false},"author":1,"featured_media":1361,"comment_status":"open","ping_status":"open","sticky":false,"template":"","format":"standard","meta":{"footnotes":""},"categories":[12,30,22],"tags":[],"class_list":["post-1360","post","type-post","status-publish","format-standard","has-post-thumbnail","hentry","category-internacionales","category-temas-relacionados","category-turismo-sostenible"],"_links":{"self":[{"href":"https:\/\/argentinatermal.com.ar\/index.php?rest_route=\/wp\/v2\/posts\/1360","targetHints":{"allow":["GET"]}}],"collection":[{"href":"https:\/\/argentinatermal.com.ar\/index.php?rest_route=\/wp\/v2\/posts"}],"about":[{"href":"https:\/\/argentinatermal.com.ar\/index.php?rest_route=\/wp\/v2\/types\/post"}],"author":[{"embeddable":true,"href":"https:\/\/argentinatermal.com.ar\/index.php?rest_route=\/wp\/v2\/users\/1"}],"replies":[{"embeddable":true,"href":"https:\/\/argentinatermal.com.ar\/index.php?rest_route=%2Fwp%2Fv2%2Fcomments&post=1360"}],"version-history":[{"count":1,"href":"https:\/\/argentinatermal.com.ar\/index.php?rest_route=\/wp\/v2\/posts\/1360\/revisions"}],"predecessor-version":[{"id":1362,"href":"https:\/\/argentinatermal.com.ar\/index.php?rest_route=\/wp\/v2\/posts\/1360\/revisions\/1362"}],"wp:featuredmedia":[{"embeddable":true,"href":"https:\/\/argentinatermal.com.ar\/index.php?rest_route=\/wp\/v2\/media\/1361"}],"wp:attachment":[{"href":"https:\/\/argentinatermal.com.ar\/index.php?rest_route=%2Fwp%2Fv2%2Fmedia&parent=1360"}],"wp:term":[{"taxonomy":"category","embeddable":true,"href":"https:\/\/argentinatermal.com.ar\/index.php?rest_route=%2Fwp%2Fv2%2Fcategories&post=1360"},{"taxonomy":"post_tag","embeddable":true,"href":"https:\/\/argentinatermal.com.ar\/index.php?rest_route=%2Fwp%2Fv2%2Ftags&post=1360"}],"curies":[{"name":"wp","href":"https:\/\/api.w.org\/{rel}","templated":true}]}}