{"id":1424,"date":"2018-02-07T04:30:10","date_gmt":"2018-02-07T04:30:10","guid":{"rendered":"http:\/\/argentinatermal.com.ar\/?p=1424"},"modified":"2018-02-07T04:30:10","modified_gmt":"2018-02-07T04:30:10","slug":"federacion-sin-techo-en-enero-vendieron-109-421-entradas-en-termas","status":"publish","type":"post","link":"https:\/\/argentinatermal.com.ar\/?p=1424","title":{"rendered":"Federacion sin techo: En enero vendieron 109.421 entradas en termas"},"content":{"rendered":"<p><a href=\"http:\/\/argentinatermal.com.ar\/wp-content\/uploads\/2018\/02\/par-2-300x198.jpg\"><img decoding=\"async\" class=\"size-medium wp-image-1425 alignleft\" src=\"http:\/\/argentinatermal.com.ar\/wp-content\/uploads\/2018\/02\/par-2-300x198-300x198.jpg\" alt=\"\" width=\"300\" height=\"198\" \/><\/a><\/p>\n<p>Sin lugar a dudas que el balance del mes de enero; en la ciudad de federaci\u00f3n, se difiere bastante de lo que ocurri\u00f3 en el resto de los destinos que tiene Entre R\u00edos, para ofrecer al turismo. El parque termal, incluido el acu\u00e1tico, registro la venta de 109.421 entradas, las que comparadas con el mismo mes del 2017, supera en 219. \u201cEsto es furo de un trabajo constante\u201d, menciono el intendente Carlos Cecco, mientras que la secretaria de turismo, Graciela Racedo, le anticipo a 7Paginas, que el mes de febrero viene con un muy buen nivel de reservas.<\/p>\n<p>\u201cHoy temprano conoc\u00ed los n\u00fameros que dejaron el mes de enero, donde hemos superado lo que paso en enero del a\u00f1o pasado, as\u00ed que considero que este es el fruto del trabajo constante que se viene haciendo\u201d, destaco, Carlos Cecco, quien tras esto le apunto a las campa\u00f1as publicitarias, \u201csobre las cuales fuimos cuestionados, cuando realizamos esos viajes a congresos como el de Espa\u00f1a, Brasil, y las diferentes ferias que se realizan en nuestro pa\u00eds, donde lo han puesto a Federacion en un nivel, que eso sirve para que la gente lo elija\u201d, expreso.<\/p>\n<p>Y luego considero que estos n\u00fameros son parte \u201cde los servicios que se prestan, porque la eficiencia de nuestros servicios hacen que el turista vuelva a nuestra ciudad, as\u00ed que ahora tenemos que seguir super\u00e1ndonos\u201d, aventuro.<\/p>\n<p>Por su parte Graciela Racedo, coincidi\u00f3 con los dichos vertidos por Cecco, cuando opino que Federaci\u00f3n sigue manteniendo el liderazgo en el verano de Entre R\u00edos, \u201cporque trabajamos todo el a\u00f1o en una promoci\u00f3n permanente, con un alt\u00edsimo nivel de repitencia y nuevos turistas que llegan en busqueda de tranquilidad, buena atenci\u00f3n y servicios de calidad\u201d, afirmo.<\/p>\n<p>En cuanto a que las termas y el parque acu\u00e1tico logran seguir liderando entre los atractivos que tiene esta provincia para el verano, Racedo, manifest\u00f3, que \u201ces indudablemente que la clave est\u00e1 en la relaci\u00f3n precio \u2013 calidad, en todo lo que la ciudad propone y eso es parte fundamental, junto al nivel de satisfacci\u00f3n logrado por una multiplicidad de factores\u201d, grafico.<\/p>\n<p>Fotos: Fabian Saucedo<\/p>\n<p>Fuente:http:\/\/www.7paginas.com.ar\/<\/p>\n","protected":false},"excerpt":{"rendered":"<p>Sin lugar a dudas que el balance del mes de enero; en la ciudad de federaci\u00f3n, se difiere bastante de lo que ocurri\u00f3 en el resto de los destinos que tiene Entre R\u00edos, para ofrecer al turismo. El parque termal, incluido el acu\u00e1tico, registro la venta de 109.421 entradas, las que comparadas con el mismo [&hellip;]<\/p>\n","protected":false},"author":1,"featured_media":1426,"comment_status":"open","ping_status":"open","sticky":false,"template":"","format":"standard","meta":{"footnotes":""},"categories":[7,29,15,17],"tags":[],"class_list":["post-1424","post","type-post","status-publish","format-standard","has-post-thumbnail","hentry","category-argentina","category-datos-utiles","category-turismo-de-bienestar","category-turismo-termal"],"_links":{"self":[{"href":"https:\/\/argentinatermal.com.ar\/index.php?rest_route=\/wp\/v2\/posts\/1424","targetHints":{"allow":["GET"]}}],"collection":[{"href":"https:\/\/argentinatermal.com.ar\/index.php?rest_route=\/wp\/v2\/posts"}],"about":[{"href":"https:\/\/argentinatermal.com.ar\/index.php?rest_route=\/wp\/v2\/types\/post"}],"author":[{"embeddable":true,"href":"https:\/\/argentinatermal.com.ar\/index.php?rest_route=\/wp\/v2\/users\/1"}],"replies":[{"embeddable":true,"href":"https:\/\/argentinatermal.com.ar\/index.php?rest_route=%2Fwp%2Fv2%2Fcomments&post=1424"}],"version-history":[{"count":1,"href":"https:\/\/argentinatermal.com.ar\/index.php?rest_route=\/wp\/v2\/posts\/1424\/revisions"}],"predecessor-version":[{"id":1427,"href":"https:\/\/argentinatermal.com.ar\/index.php?rest_route=\/wp\/v2\/posts\/1424\/revisions\/1427"}],"wp:featuredmedia":[{"embeddable":true,"href":"https:\/\/argentinatermal.com.ar\/index.php?rest_route=\/wp\/v2\/media\/1426"}],"wp:attachment":[{"href":"https:\/\/argentinatermal.com.ar\/index.php?rest_route=%2Fwp%2Fv2%2Fmedia&parent=1424"}],"wp:term":[{"taxonomy":"category","embeddable":true,"href":"https:\/\/argentinatermal.com.ar\/index.php?rest_route=%2Fwp%2Fv2%2Fcategories&post=1424"},{"taxonomy":"post_tag","embeddable":true,"href":"https:\/\/argentinatermal.com.ar\/index.php?rest_route=%2Fwp%2Fv2%2Ftags&post=1424"}],"curies":[{"name":"wp","href":"https:\/\/api.w.org\/{rel}","templated":true}]}}