{"id":1444,"date":"2018-02-28T13:34:40","date_gmt":"2018-02-28T13:34:40","guid":{"rendered":"http:\/\/argentinatermal.com.ar\/?p=1444"},"modified":"2018-02-28T13:34:40","modified_gmt":"2018-02-28T13:34:40","slug":"exitosa-presentacion-de-termatalia-brasil-2018-en-vitrina-turistica-la-feria-organizada-por-la-asociacion-colombiana-de-agencias-de-viajes-de-turismo-anato","status":"publish","type":"post","link":"https:\/\/argentinatermal.com.ar\/?p=1444","title":{"rendered":"Exitosa presentaci\u00f3n de Termatalia Brasil 2018 en Vitrina Tur\u00edstica, la feria organizada por la Asociaci\u00f3n Colombiana de Agencias de Viajes de Turismo, ANATO"},"content":{"rendered":"<div><em>&gt;&gt; La embajada de Brasil en Colombia invit\u00f3 a medios de comunicaci\u00f3n y agentes del sector a asistir a este acto<\/em><\/div>\n<div><\/div>\n<div><em>&gt;&gt; Los directivos de Termatalia visitaron el stand de municipalidades y entidades estrechamente vinculadas a la feria.<\/em><\/div>\n<div>\n<div>Termatalia Brasil 2018 se present\u00f3 ayer en Vitrina Tur\u00edstica, el punto de encuentro profesional del sector tur\u00edstico m\u00e1s importante de Colombia organizado por la Asociaci\u00f3n Colombiana de Agencias de Viajes de Turismo, ANATO. La convocatoria profesional lanzada por la Embajada de Brasil en Bogot\u00e1 y que cont\u00f3 con el apoyo de la agencia ColombiaSky, fue un \u00e9xito y la sala de presentaci\u00f3n registr\u00f3 un lleno completo.<\/div>\n<div><\/div>\n<div>La presentaci\u00f3n de la pr\u00f3xima edici\u00f3n de Termatalia corri\u00f3 a cargo de su director, Alejandro Rub\u00edn, que estuvo acompa\u00f1ado por los delegados de la feria en Colombia, Ricardo Ramirez, y en Ecuador, Guido Calder\u00f3n. Acompa\u00f1aron tambi\u00e9n esta presentaci\u00f3n la agregada comercial de Turismo de Embajada de Brasil en Colombia, Bertha Abreu, y la directora de Marketing de la Secretaria de Turismo de Foz do Igua\u00e7u, Jinmara Cordeiro.<\/div>\n<div><\/div>\n<div>El director dio los detalles de la pr\u00f3xima edici\u00f3n que se celebrar\u00e1 en Foz do Igua\u00e7u, en el estado brasile\u00f1o de Paran\u00e1, entre el 12 y el 14 de septiembre pr\u00f3ximos y que se convertir\u00e1 en un importante centro de negocios de la industria y el turismo de salud a nivel mundial pero con especial atenci\u00f3n al mercado latino.<\/div>\n<div><\/div>\n<div>Durante esta presentaci\u00f3n se proyect\u00f3 el video promocional de la pr\u00f3xima edici\u00f3n que incluye la invitaci\u00f3n del secretario de Turismo de Foz do Igua\u00e7u, Gilmar Piolla, uno de los principales impulsores de la candidatura para convertirse en sede.<\/div>\n<div>Se espera que un a\u00f1o m\u00e1s sea muy destacada en Termatalia la participaci\u00f3n de profesionales de Colombia, de los \u00e1mbitos p\u00fablico y privado. Hace ya varias ediciones que son una de las delegaciones internacionales m\u00e1s numerosas y activas en la feria.<\/div>\n<div><\/div>\n<div>La promoci\u00f3n de Termatalia en Colombia tiene especial relevancia ya que este pa\u00eds se postul\u00f3 como sede de la edici\u00f3n 2018 que finalmente gan\u00f3 Brasil. Distintas autoridades, como el alcalde de Santa Rosa de Cabal, en el departamento de Risaralda, Henry Arias Mej\u00eda, han mostrado ya su inter\u00e9s por postularse de nuevo para ser sede de la feria en el a\u00f1o 2020.<\/div>\n<div><\/div>\n<div>Durante su presencia en ANATO, los directivos de Termatalia visitaron los stands de entidades y empresas estrechamente vinculadas con la feria como el stand de Turismo de Bienestar promovido por el propio gobierno de Colombia, o los de los departamentos de Risaralda y Boyac\u00e1.<\/div>\n<div>www.termatalia.com<\/div>\n<\/div>\n","protected":false},"excerpt":{"rendered":"<p>&gt;&gt; La embajada de Brasil en Colombia invit\u00f3 a medios de comunicaci\u00f3n y agentes del sector a asistir a este acto &gt;&gt; Los directivos de Termatalia visitaron el stand de municipalidades y entidades estrechamente vinculadas a la feria. Termatalia Brasil 2018 se present\u00f3 ayer en Vitrina Tur\u00edstica, el punto de encuentro profesional del sector tur\u00edstico [&hellip;]<\/p>\n","protected":false},"author":1,"featured_media":1445,"comment_status":"open","ping_status":"open","sticky":false,"template":"","format":"standard","meta":{"footnotes":""},"categories":[12,16,15,14,22,17],"tags":[],"class_list":["post-1444","post","type-post","status-publish","format-standard","has-post-thumbnail","hentry","category-internacionales","category-medicina-termal","category-turismo-de-bienestar","category-turismo-salud","category-turismo-sostenible","category-turismo-termal"],"_links":{"self":[{"href":"https:\/\/argentinatermal.com.ar\/index.php?rest_route=\/wp\/v2\/posts\/1444","targetHints":{"allow":["GET"]}}],"collection":[{"href":"https:\/\/argentinatermal.com.ar\/index.php?rest_route=\/wp\/v2\/posts"}],"about":[{"href":"https:\/\/argentinatermal.com.ar\/index.php?rest_route=\/wp\/v2\/types\/post"}],"author":[{"embeddable":true,"href":"https:\/\/argentinatermal.com.ar\/index.php?rest_route=\/wp\/v2\/users\/1"}],"replies":[{"embeddable":true,"href":"https:\/\/argentinatermal.com.ar\/index.php?rest_route=%2Fwp%2Fv2%2Fcomments&post=1444"}],"version-history":[{"count":1,"href":"https:\/\/argentinatermal.com.ar\/index.php?rest_route=\/wp\/v2\/posts\/1444\/revisions"}],"predecessor-version":[{"id":1446,"href":"https:\/\/argentinatermal.com.ar\/index.php?rest_route=\/wp\/v2\/posts\/1444\/revisions\/1446"}],"wp:featuredmedia":[{"embeddable":true,"href":"https:\/\/argentinatermal.com.ar\/index.php?rest_route=\/wp\/v2\/media\/1445"}],"wp:attachment":[{"href":"https:\/\/argentinatermal.com.ar\/index.php?rest_route=%2Fwp%2Fv2%2Fmedia&parent=1444"}],"wp:term":[{"taxonomy":"category","embeddable":true,"href":"https:\/\/argentinatermal.com.ar\/index.php?rest_route=%2Fwp%2Fv2%2Fcategories&post=1444"},{"taxonomy":"post_tag","embeddable":true,"href":"https:\/\/argentinatermal.com.ar\/index.php?rest_route=%2Fwp%2Fv2%2Ftags&post=1444"}],"curies":[{"name":"wp","href":"https:\/\/api.w.org\/{rel}","templated":true}]}}