{"id":1447,"date":"2018-02-28T13:39:46","date_gmt":"2018-02-28T13:39:46","guid":{"rendered":"http:\/\/argentinatermal.com.ar\/?p=1447"},"modified":"2018-02-28T15:16:14","modified_gmt":"2018-02-28T15:16:14","slug":"termatalia-brasil-2018-se-celebrara-entre-el-12-y-el-14-de-septiembre","status":"publish","type":"post","link":"https:\/\/argentinatermal.com.ar\/?p=1447","title":{"rendered":"Termatalia Brasil 2018 se celebrar\u00e1 entre el 12 y el 14 de septiembre"},"content":{"rendered":"<ul>\n<li class=\"subtit\"><em>&gt;&gt; Tendr\u00e1 lugar en el Centro de Convenciones Maestra del Hotel Recanto Cataratas de Foz do Igua\u00e7u<\/em><\/li>\n<\/ul>\n<div>Foz do Igua\u00e7u (Brasil), 26\/02\/2018.- Termatalia Brasil 2018 se celebrar\u00e1 entre el 12 y el 14 de septiembre en el Centro de Convenciones Maestra del Hotel Recanto Cataratas de Foz do Igua\u00e7u bajo el lema \u201cLa Energ\u00eda de las Aguas\u201d. Estas nuevas fechas suponen un adelanto de una semana con respecto a las que se hicieron p\u00fablicas al inicio de la promoci\u00f3n de esta edici\u00f3n y tiene el objetivo de desconcentrarla y separarla en el tiempo de unos d\u00edas intensa actividad de eventos en Foz do Igua\u00e7u.<\/div>\n<div><\/div>\n<div>La celebraci\u00f3n de la feria entre el 12 y el 14 de septiembre permitir\u00e1 prestar mejor servicio a los profesionales que participen en Termatalia y facilitar\u00e1 las conexiones a\u00e9reas hasta la ciudad sede desde los m\u00e1s de 25 pa\u00edses que est\u00e1 previsto participen en la feria. El Centro de Convenciones Maestra del Hotel Recanto Cataratas es un espacio moderno y equipado de la \u00faltima tecnolog\u00eda para la organizaci\u00f3n de cualquier tipo de evento.<\/div>\n<div><\/div>\n<div>Tanto el cambio de fechas como el lugar de celebraci\u00f3n de la feria fueron anunciados esta ma\u00f1ana en un acto que tuvo lugar en el propio Hotel Recanto Cataratas y en el que participaron el director de Termatalia, Alejandro Rub\u00edn; el secretario de Turismo de Foz do Igua\u00e7u, Gimar Piolla; el director ejecutivo de la Asociaci\u00f3n de Hoteles y Restaurantes Sinhoteis de Igua\u00e7u, Placido Jos\u00e9 de Oliveira; el presidente del Consejo Municipal de Turismo, Felipe Gonzales; el director propietario del Hotel Recanto Cataratas, Altino Voltolini; el operador local y delegado comercial de Terrmatalia en Brasil, Paulo Angeli; y la directora de Relaciones Internacionales de Termatalia, Emma Gonz\u00e1lez.<\/div>\n<div><\/div>\n<div>Durante este acto se present\u00f3 tambi\u00e9n el cronograma general de actividades la denominada \u201cSemana Termatalia\u201d en la que se organizar\u00e1n acciones profesionales desde el d\u00eda 10 hasta el 15 de septiembre (aunque la feria en si se celebrar\u00e1 los d\u00edas 13 y 14 de septiembre). El cronograma ser\u00eda el siguiente:<\/div>\n<div><\/div>\n<div>&#8211; D\u00edas 10 y 11 de septiembre: Cursos de capacitaci\u00f3n profesional.<\/div>\n<div><\/div>\n<div>&#8211; D\u00eda 12 de septiembre: Jornada de apertura del XIII Encuentro Internacional sobre Agua y Salud.<\/div>\n<div><\/div>\n<div>&#8211; D\u00edas 13 y 14 de septiembre: celebraci\u00f3n de la Feria Internacional de Turismo de Salud y Bienestar Termatalia Brasil 2018. Durante estos d\u00edas se celebrar\u00e1 el Workshop de Turismo de Salud \u2013 Bolsa de Contrataci\u00f3n Tur\u00edstica y continuar\u00e1 el XIII Encuentro Internacional sobre Agua y Salud.<\/div>\n<div><\/div>\n<div>&#8211; D\u00eda 15 de septiembre: Rutas termales y Networking.<\/div>\n<div><\/div>\n<div>La elecci\u00f3n de Brasil como sede estuvo liderada por el Fondo Iguaz\u00fa de Desarrollo y Promoci\u00f3n Tur\u00edstica y la Prefeitura de Foz do Igua\u00e7u y est\u00e1 apoyada por las principales entidades p\u00fablicas y privadas vinculadas al turismo en esta regi\u00f3n y tambi\u00e9n en el pa\u00eds (Estado de Paran\u00e1 y el propio Ministerio de Turismo de Brasil) para posicionarla a nivel internacional, tambi\u00e9n como destino termal. Termatalia Brasil 2018 cuenta adem\u00e1s con compromiso de la Itaip\u00fa Binacional, la central hidroel\u00e9ctrica m\u00e1s grande del mundo en generaci\u00f3n de energ\u00eda limpia y renovable.<\/div>\n<div>Fuente: www.termatalia.com<\/div>\n<div><\/div>\n<div><\/div>\n<div><\/div>\n<div><\/div>\n<div><\/div>\n","protected":false},"excerpt":{"rendered":"<p>&gt;&gt; Tendr\u00e1 lugar en el Centro de Convenciones Maestra del Hotel Recanto Cataratas de Foz do Igua\u00e7u Foz do Igua\u00e7u (Brasil), 26\/02\/2018.- Termatalia Brasil 2018 se celebrar\u00e1 entre el 12 y el 14 de septiembre en el Centro de Convenciones Maestra del Hotel Recanto Cataratas de Foz do Igua\u00e7u bajo el lema \u201cLa Energ\u00eda de [&hellip;]<\/p>\n","protected":false},"author":1,"featured_media":1448,"comment_status":"open","ping_status":"open","sticky":false,"template":"","format":"standard","meta":{"footnotes":""},"categories":[12],"tags":[],"class_list":["post-1447","post","type-post","status-publish","format-standard","has-post-thumbnail","hentry","category-internacionales"],"_links":{"self":[{"href":"https:\/\/argentinatermal.com.ar\/index.php?rest_route=\/wp\/v2\/posts\/1447","targetHints":{"allow":["GET"]}}],"collection":[{"href":"https:\/\/argentinatermal.com.ar\/index.php?rest_route=\/wp\/v2\/posts"}],"about":[{"href":"https:\/\/argentinatermal.com.ar\/index.php?rest_route=\/wp\/v2\/types\/post"}],"author":[{"embeddable":true,"href":"https:\/\/argentinatermal.com.ar\/index.php?rest_route=\/wp\/v2\/users\/1"}],"replies":[{"embeddable":true,"href":"https:\/\/argentinatermal.com.ar\/index.php?rest_route=%2Fwp%2Fv2%2Fcomments&post=1447"}],"version-history":[{"count":4,"href":"https:\/\/argentinatermal.com.ar\/index.php?rest_route=\/wp\/v2\/posts\/1447\/revisions"}],"predecessor-version":[{"id":1456,"href":"https:\/\/argentinatermal.com.ar\/index.php?rest_route=\/wp\/v2\/posts\/1447\/revisions\/1456"}],"wp:featuredmedia":[{"embeddable":true,"href":"https:\/\/argentinatermal.com.ar\/index.php?rest_route=\/wp\/v2\/media\/1448"}],"wp:attachment":[{"href":"https:\/\/argentinatermal.com.ar\/index.php?rest_route=%2Fwp%2Fv2%2Fmedia&parent=1447"}],"wp:term":[{"taxonomy":"category","embeddable":true,"href":"https:\/\/argentinatermal.com.ar\/index.php?rest_route=%2Fwp%2Fv2%2Fcategories&post=1447"},{"taxonomy":"post_tag","embeddable":true,"href":"https:\/\/argentinatermal.com.ar\/index.php?rest_route=%2Fwp%2Fv2%2Ftags&post=1447"}],"curies":[{"name":"wp","href":"https:\/\/api.w.org\/{rel}","templated":true}]}}