{"id":146,"date":"2017-04-01T17:00:18","date_gmt":"2017-04-01T17:00:18","guid":{"rendered":"http:\/\/td_uid_91_58d478c6ad7fc"},"modified":"2017-04-03T00:55:14","modified_gmt":"2017-04-03T00:55:14","slug":"health-star-ratings-kellogg-reveals-the-cereal","status":"publish","type":"post","link":"https:\/\/argentinatermal.com.ar\/?p=146","title":{"rendered":"Termatalia 2017 se present\u00f3 en la BTL de Lisboa"},"content":{"rendered":"<div class=\"td-paragraph-padding-1\">\n<p style=\"text-align: justify;\"><em>El stand de Porto e Norte acogi\u00f3 este acto al que acudieron representantes de importantes instituciones vinculadas al turismo, empresarios del sector y medios de comunicaci\u00f3n.<\/em><\/p>\n<h3 style=\"text-align: justify;\">Termatalia 2017 se present\u00f3 ayer en la BTL de Lisboa, la Feria Internacional de Turismo m\u00e1s importante de Portugal.<\/h3>\n<p style=\"text-align: justify;\">La directora de Relaciones Internacionales de la feria, Emma Gonz\u00e1lez, present\u00f3 las novedades de la pr\u00f3xima edici\u00f3n que se celebrar\u00e1 en Ourense, capital termal espa\u00f1ola, entre el 20 y el 23 de septiembre. El lugar elegido para este acto fue el stand de la Entidad de Turismo Porto e Norte, principal socio estrat\u00e9gico de Termatalia en el pa\u00eds vecino.<\/p>\n<p><a href=\"http:\/\/argentinatermal.com.ar\/wp-content\/uploads\/2017\/03\/termatalia_lisboa_1.jpg\"><img decoding=\"async\" class=\" td-modal-image aligncenter wp-image-157\" src=\"http:\/\/argentinatermal.com.ar\/wp-content\/uploads\/2017\/03\/termatalia_lisboa_1-300x200.jpg\" alt=\"\" width=\"703\" height=\"469\" srcset=\"https:\/\/argentinatermal.com.ar\/wp-content\/uploads\/2017\/03\/termatalia_lisboa_1-300x200.jpg 300w, https:\/\/argentinatermal.com.ar\/wp-content\/uploads\/2017\/03\/termatalia_lisboa_1-768x511.jpg 768w, https:\/\/argentinatermal.com.ar\/wp-content\/uploads\/2017\/03\/termatalia_lisboa_1-696x463.jpg 696w, https:\/\/argentinatermal.com.ar\/wp-content\/uploads\/2017\/03\/termatalia_lisboa_1-631x420.jpg 631w, https:\/\/argentinatermal.com.ar\/wp-content\/uploads\/2017\/03\/termatalia_lisboa_1.jpg 786w\" sizes=\"(max-width: 703px) 100vw, 703px\" \/><\/a><\/p>\n<p style=\"text-align: justify;\">La directora de RR.II. de Termatalia estuvo acompa\u00f1ada por importantes representantes institucionales del pa\u00eds y empresarios del sector del turismo a nivel europeo. Participaron en esta presentaci\u00f3n el presidente de la Entidad de Turismo Porto e Norte de Portugal, Melchior Moreira; el representante de la Asociaci\u00f3n Europea de Balnearios (ESPA), Joao Barbosa; el presidente de la C\u00e1mara Municipal de Lamego, Francisco Lopes; la profesional del turismo Carmen Pardo o el director del TT.OO Yu Travel, Jes\u00fas Ares. Emma Gonz\u00e1lez estuvo arropada en esta presentaci\u00f3n por los dos delegados de Termatalia en el Portugal peninsular, Antonio Garcia, delegado de Portugal Norte y Adriano Barreto, de la parte Centro. Asistieron adem\u00e1s medios de comunicaci\u00f3n del pa\u00eds como la televisi\u00f3n online especializada en turismo Turiviajat.tv o Noticias de Viseu.<\/p>\n<h3 style=\"text-align: justify;\">Durante la estancia en la BTL de Lisboa tambi\u00e9n se realizaron encuentros con representantes del turismo de otras zonas de Portugal como Turismo do Centro o las Islas Azores o con el director del Festival Internacional de Cine y Turismo ART &amp; TUR del que Termatalia es partner.<\/h3>\n<p style=\"text-align: justify;\">Termatalia sirve tambi\u00e9n el punto de encuentro y promoci\u00f3n de los principales destinos termales del pa\u00eds luso como las Islas Azores y de las instituciones que los promueven como la Associa\u00e7ao Termas de Portugal o la Entidad Regional de Turismo Porto e Norte, todos ellos habituales expositores y colaboradores de la feria. Es un pa\u00eds que apuesta por el termalismo y por su internacionalizaci\u00f3n, confiando en el efecto llamada del \u201cTurismo de salud\u201d y en su papel como dinamizador del turismo interno y externo.<\/p>\n<p style=\"text-align: justify;\"><a href=\"http:\/\/argentinatermal.com.ar\/wp-content\/uploads\/2017\/03\/termatalia_lisboa_3.jpg\"><img decoding=\"async\" class=\" td-modal-image aligncenter wp-image-161\" src=\"http:\/\/argentinatermal.com.ar\/wp-content\/uploads\/2017\/03\/termatalia_lisboa_3-300x200.jpg\" alt=\"\" width=\"653\" height=\"435\" srcset=\"https:\/\/argentinatermal.com.ar\/wp-content\/uploads\/2017\/03\/termatalia_lisboa_3-300x200.jpg 300w, https:\/\/argentinatermal.com.ar\/wp-content\/uploads\/2017\/03\/termatalia_lisboa_3-768x512.jpg 768w, https:\/\/argentinatermal.com.ar\/wp-content\/uploads\/2017\/03\/termatalia_lisboa_3-696x464.jpg 696w, https:\/\/argentinatermal.com.ar\/wp-content\/uploads\/2017\/03\/termatalia_lisboa_3-630x420.jpg 630w, https:\/\/argentinatermal.com.ar\/wp-content\/uploads\/2017\/03\/termatalia_lisboa_3.jpg 800w\" sizes=\"(max-width: 653px) 100vw, 653px\" \/><\/a>De hecho, ha estado presente en todas las ediciones de Termatalia, ya que los pa\u00edses que cada a\u00f1o participan en esta cita son mercados estrat\u00e9gicos para consolidar a Portugal como destino termal de calidad. Sus centros termales cuentan con gran diversidad de equipamientos, infraestructuras y tratamientos de calidad y trabajan para posicionar el producto \u201csalud y bienestar\u201d como prioritario en su campa\u00f1a tur\u00edstica, una promoci\u00f3n que se complementa con otros atractivos como su gastronom\u00eda o su paisaje. Porto e Norte, Sao Pedro do Sul y Termas de Monchique, Termas de Felgueira o la Eurocidade Ver\u00edn-Chaves fueron expositores en la anterior edici\u00f3n.<\/p>\n<p style=\"text-align: justify;\"><a href=\"http:\/\/argentinatermal.com.ar\/wp-content\/uploads\/2017\/03\/termatalia_lisboa_2.jpg\"><img decoding=\"async\" class=\" td-modal-image aligncenter wp-image-160\" src=\"http:\/\/argentinatermal.com.ar\/wp-content\/uploads\/2017\/03\/termatalia_lisboa_2-300x200.jpg\" alt=\"\" width=\"666\" height=\"444\" srcset=\"https:\/\/argentinatermal.com.ar\/wp-content\/uploads\/2017\/03\/termatalia_lisboa_2-300x200.jpg 300w, https:\/\/argentinatermal.com.ar\/wp-content\/uploads\/2017\/03\/termatalia_lisboa_2-768x512.jpg 768w, https:\/\/argentinatermal.com.ar\/wp-content\/uploads\/2017\/03\/termatalia_lisboa_2-696x464.jpg 696w, https:\/\/argentinatermal.com.ar\/wp-content\/uploads\/2017\/03\/termatalia_lisboa_2-630x420.jpg 630w, https:\/\/argentinatermal.com.ar\/wp-content\/uploads\/2017\/03\/termatalia_lisboa_2.jpg 800w\" sizes=\"(max-width: 666px) 100vw, 666px\" \/><\/a><\/p>\n<p style=\"text-align: justify;\">\n<\/div>\n","protected":false},"excerpt":{"rendered":"<p>El stand de Porto e Norte acogi\u00f3 este acto al que acudieron representantes de importantes instituciones vinculadas al turismo, empresarios del sector y medios de comunicaci\u00f3n. Termatalia 2017 se present\u00f3 ayer en la BTL de Lisboa, la Feria Internacional de Turismo m\u00e1s importante de Portugal. La directora de Relaciones Internacionales de la feria, Emma Gonz\u00e1lez, [&hellip;]<\/p>\n","protected":false},"author":1,"featured_media":156,"comment_status":"open","ping_status":"open","sticky":false,"template":"","format":"standard","meta":{"footnotes":""},"categories":[17],"tags":[],"class_list":["post-146","post","type-post","status-publish","format-standard","has-post-thumbnail","hentry","category-turismo-termal"],"_links":{"self":[{"href":"https:\/\/argentinatermal.com.ar\/index.php?rest_route=\/wp\/v2\/posts\/146","targetHints":{"allow":["GET"]}}],"collection":[{"href":"https:\/\/argentinatermal.com.ar\/index.php?rest_route=\/wp\/v2\/posts"}],"about":[{"href":"https:\/\/argentinatermal.com.ar\/index.php?rest_route=\/wp\/v2\/types\/post"}],"author":[{"embeddable":true,"href":"https:\/\/argentinatermal.com.ar\/index.php?rest_route=\/wp\/v2\/users\/1"}],"replies":[{"embeddable":true,"href":"https:\/\/argentinatermal.com.ar\/index.php?rest_route=%2Fwp%2Fv2%2Fcomments&post=146"}],"version-history":[{"count":4,"href":"https:\/\/argentinatermal.com.ar\/index.php?rest_route=\/wp\/v2\/posts\/146\/revisions"}],"predecessor-version":[{"id":162,"href":"https:\/\/argentinatermal.com.ar\/index.php?rest_route=\/wp\/v2\/posts\/146\/revisions\/162"}],"wp:featuredmedia":[{"embeddable":true,"href":"https:\/\/argentinatermal.com.ar\/index.php?rest_route=\/wp\/v2\/media\/156"}],"wp:attachment":[{"href":"https:\/\/argentinatermal.com.ar\/index.php?rest_route=%2Fwp%2Fv2%2Fmedia&parent=146"}],"wp:term":[{"taxonomy":"category","embeddable":true,"href":"https:\/\/argentinatermal.com.ar\/index.php?rest_route=%2Fwp%2Fv2%2Fcategories&post=146"},{"taxonomy":"post_tag","embeddable":true,"href":"https:\/\/argentinatermal.com.ar\/index.php?rest_route=%2Fwp%2Fv2%2Ftags&post=146"}],"curies":[{"name":"wp","href":"https:\/\/api.w.org\/{rel}","templated":true}]}}