{"id":1481,"date":"2018-03-16T14:12:42","date_gmt":"2018-03-16T14:12:42","guid":{"rendered":"http:\/\/argentinatermal.com.ar\/?p=1481"},"modified":"2018-03-16T14:12:42","modified_gmt":"2018-03-16T14:12:42","slug":"termatalia-brasil-2018-se-promociona-en-la-itb-berlin","status":"publish","type":"post","link":"https:\/\/argentinatermal.com.ar\/?p=1481","title":{"rendered":"Termatalia Brasil 2018 se promociona en la ITB Berl\u00edn"},"content":{"rendered":"<div>#TermataliaBrasil2018 se present\u00f3 esta ma\u00f1ana en el marco de la ITB de Berl\u00edn. La directora de Relaciones Internacionales de la feria, Emma Gonz\u00e1lez, present\u00f3 la pr\u00f3xima edici\u00f3n de la feria en el Encuentro sobre Mercados Internacionales del Turismo de Salud promovido por la asociaci\u00f3n \u00abQuality in Health Prevention\u00bb. El presidente de esta entidad, Joachim Lieber, y la directora general de Fit-Reisen, Claudia Wagner, acompa\u00f1aron a Termatalia en su presentaci\u00f3n ante profesionales del sector de distintos pa\u00edses de Europa.<\/div>\n<div><\/div>\n<div>Termatalia particip\u00f3 en la ITB de Berl\u00edn en una misi\u00f3n empresarial promovida por el Cluster de Turismo de Galicia. Los directivos de la feria mantuvieron una intensa agenda de trabajo que incluy\u00f3 contactos con las principales autoridades del turismo a nivel mundial. Durante la jornada inaugural de la feria, mantuvieron un encuentro con el ministro de Turismo de Espa\u00f1a, \u00c1lvaro Nadal, y la Secretaria de Estado de Turismo, Matilde Asian, acompa\u00f1ados por la directora de Turismo de Galicia, Nava Castro. Por otro lado, en la recepci\u00f3n ofrecida por el embajador de Espa\u00f1a en Alemania, los directivos de Termatalia conversaron con el secretario general de la Organizaci\u00f3n Mundial del Turismo (OMT), Zurab Pololikashvili.<\/div>\n<div><\/div>\n<div>Durante su estancia en la ITB Berl\u00edn, Termatalia se reuni\u00f3 con representantes de regiones y pa\u00edses termales que ya han mostrado su inter\u00e9s por participar en la pr\u00f3xima edici\u00f3n de la feria que se celebrar\u00e1 em Foz do Igua\u00e7u, Brasil, entre el 12 y el 14 de septiembre de 2018. Este es el caso de El Salvador o de la regi\u00f3n de Tarapac\u00e1 en Chile. Por otro lado, dentro del stand de Brasil, en el \u00e1rea de Foz do Iguacu ofrece informaci\u00f3n de la feria a todos los visitantes profesionales que la demanden.<\/div>\n<div>Fuente: www.termatalia.com<\/div>\n","protected":false},"excerpt":{"rendered":"<p>#TermataliaBrasil2018 se present\u00f3 esta ma\u00f1ana en el marco de la ITB de Berl\u00edn. La directora de Relaciones Internacionales de la feria, Emma Gonz\u00e1lez, present\u00f3 la pr\u00f3xima edici\u00f3n de la feria en el Encuentro sobre Mercados Internacionales del Turismo de Salud promovido por la asociaci\u00f3n \u00abQuality in Health Prevention\u00bb. El presidente de esta entidad, Joachim Lieber, [&hellip;]<\/p>\n","protected":false},"author":1,"featured_media":1482,"comment_status":"open","ping_status":"open","sticky":false,"template":"","format":"standard","meta":{"footnotes":""},"categories":[12],"tags":[],"class_list":["post-1481","post","type-post","status-publish","format-standard","has-post-thumbnail","hentry","category-internacionales"],"_links":{"self":[{"href":"https:\/\/argentinatermal.com.ar\/index.php?rest_route=\/wp\/v2\/posts\/1481","targetHints":{"allow":["GET"]}}],"collection":[{"href":"https:\/\/argentinatermal.com.ar\/index.php?rest_route=\/wp\/v2\/posts"}],"about":[{"href":"https:\/\/argentinatermal.com.ar\/index.php?rest_route=\/wp\/v2\/types\/post"}],"author":[{"embeddable":true,"href":"https:\/\/argentinatermal.com.ar\/index.php?rest_route=\/wp\/v2\/users\/1"}],"replies":[{"embeddable":true,"href":"https:\/\/argentinatermal.com.ar\/index.php?rest_route=%2Fwp%2Fv2%2Fcomments&post=1481"}],"version-history":[{"count":1,"href":"https:\/\/argentinatermal.com.ar\/index.php?rest_route=\/wp\/v2\/posts\/1481\/revisions"}],"predecessor-version":[{"id":1483,"href":"https:\/\/argentinatermal.com.ar\/index.php?rest_route=\/wp\/v2\/posts\/1481\/revisions\/1483"}],"wp:featuredmedia":[{"embeddable":true,"href":"https:\/\/argentinatermal.com.ar\/index.php?rest_route=\/wp\/v2\/media\/1482"}],"wp:attachment":[{"href":"https:\/\/argentinatermal.com.ar\/index.php?rest_route=%2Fwp%2Fv2%2Fmedia&parent=1481"}],"wp:term":[{"taxonomy":"category","embeddable":true,"href":"https:\/\/argentinatermal.com.ar\/index.php?rest_route=%2Fwp%2Fv2%2Fcategories&post=1481"},{"taxonomy":"post_tag","embeddable":true,"href":"https:\/\/argentinatermal.com.ar\/index.php?rest_route=%2Fwp%2Fv2%2Ftags&post=1481"}],"curies":[{"name":"wp","href":"https:\/\/api.w.org\/{rel}","templated":true}]}}