{"id":1484,"date":"2018-03-16T14:17:37","date_gmt":"2018-03-16T14:17:37","guid":{"rendered":"http:\/\/argentinatermal.com.ar\/?p=1484"},"modified":"2018-03-16T14:17:37","modified_gmt":"2018-03-16T14:17:37","slug":"termatalia-brasil-2018-se-promociona-en-gran-canaria-me-gusta","status":"publish","type":"post","link":"https:\/\/argentinatermal.com.ar\/?p=1484","title":{"rendered":"Termatalia Brasil 2018 se promociona en \u201cGran Canaria Me Gusta\u201d"},"content":{"rendered":"<ul>\n<li class=\"subtit\">&gt;&gt; Este evento est\u00e1 organizado por INFECAR quien distingui\u00f3 a su director, Alejandro Rub\u00edn, por su trayectoria al frente de la Fundaci\u00f3n Expourense, la entidad que organiza Termatalia<\/li>\n<\/ul>\n<div>El Instituto Ferial de Canarias, INFECAR (Ferias y Eventos del Cabildo de Gran Canaria) reconoci\u00f3 este fin de semana la trayectoria profesional del director gerente de Expourense y director de Termatalia, Alejandro Rub\u00edn. Esta distinci\u00f3n le fue entregada por el presidente del comit\u00e9 ejecutivo de INFECAR, Ra\u00fal Garc\u00eda Brink, y por el director general de INFECAR, Manuel Mora Lourido, a los que despu\u00e9s se uni\u00f3 el resto del equipo directivo.<\/div>\n<div><\/div>\n<div>La entrega de este reconocimiento tuvo lugar durante uno de los actos oficiales de la quinta edici\u00f3n de \u201cGran Canaria Me Gusta\u201d, un evento que pone en valor la calidad de la gastronom\u00eda y los productos aut\u00f3ctonos de la isla. El director gerente de Expourense participaba en este evento para presentar sus dos citas internacionales vinculadas al turismo: Xantar (Sal\u00f3n Internacional de Turismo Gastron\u00f3mico) y Termatalia (Feria Internacional de Turismo Termal, Salud y Bienestar). Termatalia Brasil 2018 fue presentada ante profesionales del sector y medios de comunicaci\u00f3n. Esta isla cuenta con una gran oferta en wellness y talasoterapia, de hecho fue uno de los expositores de la \u00faltima edici\u00f3n de la feria representada por Gran Canaria Wellness. El director de Termatalia estuvo arropado en este acto por el director general de INFECAR, Manuel Mora Lourido.<\/div>\n<div><\/div>\n<div>La 5\u00aa Feria Gran Canaria Me Gusta fue un certamen promovido por el Cabildo de Gran Canaria y organizado por la Instituci\u00f3n Ferial de Canarias (INFECAR) que se celebr\u00f3 entre el 9 y el 11 de marzo. Fue una muestra de los distintos sectores de Gran Canaria: agricultura, ganader\u00eda y pesca; gastronom\u00eda; industria y artesan\u00eda; cultura y folclore; flores, plantas, paisaje y medio ambiente, deportes; y turismo local y rural. La Feria Gran Canaria Me Gusta tiene como objetivo dar a conocer las diversas caracter\u00edsticas y aspectos de Gran Canaria entre la poblaci\u00f3n de la isla, organiz\u00e1ndose tambi\u00e9n encuentros profesionales para la promoci\u00f3n de los productos locales. Super\u00f3 las 10.000 visitas.<\/div>\n<div><\/div>\n<div>INFECAR y Expourense mantienen un convenio de colaboraci\u00f3n que potencia las ya estrechas relaciones entre ambas instituciones en materia ferial.<\/div>\n<div>Fuente:www.termatalia.com<\/div>\n","protected":false},"excerpt":{"rendered":"<p>&gt;&gt; Este evento est\u00e1 organizado por INFECAR quien distingui\u00f3 a su director, Alejandro Rub\u00edn, por su trayectoria al frente de la Fundaci\u00f3n Expourense, la entidad que organiza Termatalia El Instituto Ferial de Canarias, INFECAR (Ferias y Eventos del Cabildo de Gran Canaria) reconoci\u00f3 este fin de semana la trayectoria profesional del director gerente de Expourense [&hellip;]<\/p>\n","protected":false},"author":1,"featured_media":1485,"comment_status":"open","ping_status":"open","sticky":false,"template":"","format":"standard","meta":{"footnotes":""},"categories":[12],"tags":[],"class_list":["post-1484","post","type-post","status-publish","format-standard","has-post-thumbnail","hentry","category-internacionales"],"_links":{"self":[{"href":"https:\/\/argentinatermal.com.ar\/index.php?rest_route=\/wp\/v2\/posts\/1484","targetHints":{"allow":["GET"]}}],"collection":[{"href":"https:\/\/argentinatermal.com.ar\/index.php?rest_route=\/wp\/v2\/posts"}],"about":[{"href":"https:\/\/argentinatermal.com.ar\/index.php?rest_route=\/wp\/v2\/types\/post"}],"author":[{"embeddable":true,"href":"https:\/\/argentinatermal.com.ar\/index.php?rest_route=\/wp\/v2\/users\/1"}],"replies":[{"embeddable":true,"href":"https:\/\/argentinatermal.com.ar\/index.php?rest_route=%2Fwp%2Fv2%2Fcomments&post=1484"}],"version-history":[{"count":1,"href":"https:\/\/argentinatermal.com.ar\/index.php?rest_route=\/wp\/v2\/posts\/1484\/revisions"}],"predecessor-version":[{"id":1486,"href":"https:\/\/argentinatermal.com.ar\/index.php?rest_route=\/wp\/v2\/posts\/1484\/revisions\/1486"}],"wp:featuredmedia":[{"embeddable":true,"href":"https:\/\/argentinatermal.com.ar\/index.php?rest_route=\/wp\/v2\/media\/1485"}],"wp:attachment":[{"href":"https:\/\/argentinatermal.com.ar\/index.php?rest_route=%2Fwp%2Fv2%2Fmedia&parent=1484"}],"wp:term":[{"taxonomy":"category","embeddable":true,"href":"https:\/\/argentinatermal.com.ar\/index.php?rest_route=%2Fwp%2Fv2%2Fcategories&post=1484"},{"taxonomy":"post_tag","embeddable":true,"href":"https:\/\/argentinatermal.com.ar\/index.php?rest_route=%2Fwp%2Fv2%2Ftags&post=1484"}],"curies":[{"name":"wp","href":"https:\/\/api.w.org\/{rel}","templated":true}]}}