{"id":1493,"date":"2018-03-20T14:24:00","date_gmt":"2018-03-20T14:24:00","guid":{"rendered":"http:\/\/argentinatermal.com.ar\/?p=1493"},"modified":"2018-03-20T14:42:52","modified_gmt":"2018-03-20T14:42:52","slug":"entrevistamos-a-la-lic-teresita-van-strate-quien-nos-hablo-del-mundo-termal","status":"publish","type":"post","link":"https:\/\/argentinatermal.com.ar\/?p=1493","title":{"rendered":"Entrevistamos a la Lic. Teresita Van Strate, quien nos habl\u00f3 del mundo Termal"},"content":{"rendered":"<p><iframe title=\"Teresita Catamarca nuevo\" width=\"640\" height=\"360\" src=\"https:\/\/www.youtube.com\/embed\/nnT4bFf-Kjw?feature=oembed\" frameborder=\"0\" allow=\"accelerometer; autoplay; clipboard-write; encrypted-media; gyroscope; picture-in-picture; web-share\" referrerpolicy=\"strict-origin-when-cross-origin\" allowfullscreen><\/iframe><\/p>\n<p><a href=\"http:\/\/argentinatermal.com.ar\/wp-content\/uploads\/2018\/03\/Foto-Tere.jpg\"><img decoding=\"async\" class=\"size-medium wp-image-1501 alignleft\" src=\"http:\/\/argentinatermal.com.ar\/wp-content\/uploads\/2018\/03\/Foto-Tere-239x300.jpg\" alt=\"\" width=\"239\" height=\"300\" srcset=\"https:\/\/argentinatermal.com.ar\/wp-content\/uploads\/2018\/03\/Foto-Tere-239x300.jpg 239w, https:\/\/argentinatermal.com.ar\/wp-content\/uploads\/2018\/03\/Foto-Tere-335x420.jpg 335w, https:\/\/argentinatermal.com.ar\/wp-content\/uploads\/2018\/03\/Foto-Tere.jpg 400w\" sizes=\"(max-width: 239px) 100vw, 239px\" \/><\/a><\/p>\n<p>El pasado martes trece viajamos a la ciudad aut\u00f3noma de Buenos Aires para concretar una entrevista con la Lic. Teresita Van Strate,\u00a0 delegada de Termatalia en Argentina, quien nos cont\u00f3 sobre los valores termales en nuestro pa\u00eds!!!<\/p>\n<p>Tambi\u00e9n nos dio un panorama de lo que sera Termatalia Brasil 2018 quien nos informo que dicho evento se adelanto para los d\u00edas 12 al 14 de Septiembre en Foz de Iguazu.<\/p>\n<p>Se destaco la puesta en valor de los puntos termales de la provincia de Catamarca la cual este a\u00f1o har\u00e1 una puesta importante en Termatalia Brasil 2018<\/p>\n<p>La direcci\u00f3n Argentina Termal, agradece a directivos de la casa de Catamarca, Valeria Zavaleta directora de Relaciones P\u00fablicas e Institucionales y a la\u00a0Dra. Yanina Martinez\u00a0Subsecretaria.<\/p>\n<p>&nbsp;<\/p>\n<p>&nbsp;<\/p>\n","protected":false},"excerpt":{"rendered":"<p>El pasado martes trece viajamos a la ciudad aut\u00f3noma de Buenos Aires para concretar una entrevista con la Lic. Teresita Van Strate,\u00a0 delegada de Termatalia en Argentina, quien nos cont\u00f3 sobre los valores termales en nuestro pa\u00eds!!! Tambi\u00e9n nos dio un panorama de lo que sera Termatalia Brasil 2018 quien nos informo que dicho evento [&hellip;]<\/p>\n","protected":false},"author":1,"featured_media":1504,"comment_status":"open","ping_status":"open","sticky":false,"template":"","format":"standard","meta":{"footnotes":""},"categories":[7,27,8,18],"tags":[],"class_list":["post-1493","post","type-post","status-publish","format-standard","has-post-thumbnail","hentry","category-argentina","category-enlaces-y-revistas","category-noa","category-video"],"_links":{"self":[{"href":"https:\/\/argentinatermal.com.ar\/index.php?rest_route=\/wp\/v2\/posts\/1493","targetHints":{"allow":["GET"]}}],"collection":[{"href":"https:\/\/argentinatermal.com.ar\/index.php?rest_route=\/wp\/v2\/posts"}],"about":[{"href":"https:\/\/argentinatermal.com.ar\/index.php?rest_route=\/wp\/v2\/types\/post"}],"author":[{"embeddable":true,"href":"https:\/\/argentinatermal.com.ar\/index.php?rest_route=\/wp\/v2\/users\/1"}],"replies":[{"embeddable":true,"href":"https:\/\/argentinatermal.com.ar\/index.php?rest_route=%2Fwp%2Fv2%2Fcomments&post=1493"}],"version-history":[{"count":4,"href":"https:\/\/argentinatermal.com.ar\/index.php?rest_route=\/wp\/v2\/posts\/1493\/revisions"}],"predecessor-version":[{"id":1505,"href":"https:\/\/argentinatermal.com.ar\/index.php?rest_route=\/wp\/v2\/posts\/1493\/revisions\/1505"}],"wp:featuredmedia":[{"embeddable":true,"href":"https:\/\/argentinatermal.com.ar\/index.php?rest_route=\/wp\/v2\/media\/1504"}],"wp:attachment":[{"href":"https:\/\/argentinatermal.com.ar\/index.php?rest_route=%2Fwp%2Fv2%2Fmedia&parent=1493"}],"wp:term":[{"taxonomy":"category","embeddable":true,"href":"https:\/\/argentinatermal.com.ar\/index.php?rest_route=%2Fwp%2Fv2%2Fcategories&post=1493"},{"taxonomy":"post_tag","embeddable":true,"href":"https:\/\/argentinatermal.com.ar\/index.php?rest_route=%2Fwp%2Fv2%2Ftags&post=1493"}],"curies":[{"name":"wp","href":"https:\/\/api.w.org\/{rel}","templated":true}]}}