{"id":1509,"date":"2018-03-21T13:37:59","date_gmt":"2018-03-21T13:37:59","guid":{"rendered":"http:\/\/argentinatermal.com.ar\/?p=1509"},"modified":"2018-03-21T13:39:27","modified_gmt":"2018-03-21T13:39:27","slug":"feria-de-turismo-sos","status":"publish","type":"post","link":"https:\/\/argentinatermal.com.ar\/?p=1509","title":{"rendered":"Feria de turismo SOS"},"content":{"rendered":"<p>Por Guido Calder\u00f3n<\/p>\n<p>Hace 15 a\u00f1os ten\u00edamos tres ferias de turismo: en Quito, Guayaquil y Cuenca. Era demasiado, cada cuatro meses montar un estand, pagar hotel y dem\u00e1s, pero cuando se asiste a una feria: siempre se gana algo. Nadie regresaba con las manos vac\u00edas.<\/p>\n<p>Fue una \u00e9poca forzada pero fruct\u00edfera. Ning\u00fan gobierno seccional generaba noticias tur\u00edsticas ni ten\u00edan personal calificado. Los municipios asist\u00edan a las ferias al inicio solos, pero se dieron cuenta que era casi rid\u00edculo exponer sin poder vender, as\u00ed que en las siguientes llevaron empresarios privados \u2013era un orgullo serlo- quienes vend\u00edan el destino, que es lo \u00fanico que genera turistas y fuentes de trabajo.<\/p>\n<p>La agresi\u00f3n permanente al empresariado, desmotiv\u00f3 lo que justamente es una feria: un encuentro internacional de empresarios y entidades estatales nacionales y extranjeras que promueven sus pa\u00edses. El sector debi\u00f3 maquillarse y cambiar el nombre a \u201cemprendedores\u201d, m\u00e1s af\u00edn a la jerga seudorevolucionaria.<\/p>\n<p>La famosa colaboraci\u00f3n p\u00fablico-privada, esencia de una feria, fue asesinada poco a poco por parte del gobierno, por inanici\u00f3n econ\u00f3mica, estos eventos sin el apoyo estatal est\u00e1n condenados a desaparecer.<\/p>\n<p>En Brasil abundan ferias exitosas porque el gobierno les paga por cada asistente, el cual gasta en hospedaje, traslados, etc., pero fundamentalmente promociona y vende el destino anfitri\u00f3n, esa es la gran ganancia.<\/p>\n<p>Es cierto que la explosi\u00f3n de las redes sociales mat\u00f3 los mecanismos para eternizarse del populismo izquierdista y podr\u00eda creerse que tambi\u00e9n acab\u00f3 con las ferias de turismo, pero en esta actividad es dif\u00edcil hacer negocios sin verse la cara. No vendemos objetos, vendemos experiencias a nuestros clientes que solo podemos confiarles a quienes conocemos, por ello el \u00e9xito imparable de las ferias y el turismo espa\u00f1ol.<\/p>\n<p>Actualmente Ecuador no tiene una feria internacional, el gobierno anterior no la hizo porque sus resultados son medibles no solo en el volumen de negocios que pronostican, sino por el n\u00famero de stands, la inversi\u00f3n por metro cuadrado, los turoperadores extranjeros asistentes, incluso por los medios invitados.<\/p>\n<p>En vez de ferias, los ministros anteriores se esmeraron en fastuosas campa\u00f1as publicitarias que jam\u00e1s se midi\u00f3 su efectividad, gastos ni retorno.<\/p>\n<p>Los abundantes recursos petroleros tambi\u00e9n se canalizaron a presentar Ecuador en ferias importantes, aunque siempre los \u201cemprendedores\u201d privados eran los mismos y las j\u00f3venes funcionarias estatales no ten\u00edan idea de su rol en el evento.<\/p>\n<p>Cre\u00ed que esta presencia en ferias, animar\u00eda al gobierno a armar un evento que internacionalice al Ecuador, pero desde la \u201cmarca pa\u00eds\u201d termin\u00f3 asaltada y convertida en s\u00edmbolo de un partido con pr\u00e1cticas de un cartel que, para ajustar sus cuentas, en vez de balas usan jueces.<\/p>\n<p>Ojal\u00e1 recordemos al actual ministro de turismo, como el organizador de la feria que tanto necesitamos y que sus antecesores evadieron.<\/p>\n<p>Fuente:\u00a0https:\/\/trafficamerican.com\/feria-de-turismo-sos\/<\/p>\n<p><small>Publicado originalmente en<strong>:<a href=\"http:\/\/www.elcomercio.com\/opinion\/columna-guidocalderon-feria-turismo-opinion.html\">http:\/\/www.elcomercio.com\/opinion\/columna-guidocalderon-feria-turismo-opinion.html.\u00a0<\/a><\/strong><\/small><\/p>\n","protected":false},"excerpt":{"rendered":"<p>Por Guido Calder\u00f3n Hace 15 a\u00f1os ten\u00edamos tres ferias de turismo: en Quito, Guayaquil y Cuenca. Era demasiado, cada cuatro meses montar un estand, pagar hotel y dem\u00e1s, pero cuando se asiste a una feria: siempre se gana algo. Nadie regresaba con las manos vac\u00edas. Fue una \u00e9poca forzada pero fruct\u00edfera. Ning\u00fan gobierno seccional generaba [&hellip;]<\/p>\n","protected":false},"author":1,"featured_media":1510,"comment_status":"open","ping_status":"open","sticky":false,"template":"","format":"standard","meta":{"footnotes":""},"categories":[12,30],"tags":[],"class_list":["post-1509","post","type-post","status-publish","format-standard","has-post-thumbnail","hentry","category-internacionales","category-temas-relacionados"],"_links":{"self":[{"href":"https:\/\/argentinatermal.com.ar\/index.php?rest_route=\/wp\/v2\/posts\/1509","targetHints":{"allow":["GET"]}}],"collection":[{"href":"https:\/\/argentinatermal.com.ar\/index.php?rest_route=\/wp\/v2\/posts"}],"about":[{"href":"https:\/\/argentinatermal.com.ar\/index.php?rest_route=\/wp\/v2\/types\/post"}],"author":[{"embeddable":true,"href":"https:\/\/argentinatermal.com.ar\/index.php?rest_route=\/wp\/v2\/users\/1"}],"replies":[{"embeddable":true,"href":"https:\/\/argentinatermal.com.ar\/index.php?rest_route=%2Fwp%2Fv2%2Fcomments&post=1509"}],"version-history":[{"count":2,"href":"https:\/\/argentinatermal.com.ar\/index.php?rest_route=\/wp\/v2\/posts\/1509\/revisions"}],"predecessor-version":[{"id":1512,"href":"https:\/\/argentinatermal.com.ar\/index.php?rest_route=\/wp\/v2\/posts\/1509\/revisions\/1512"}],"wp:featuredmedia":[{"embeddable":true,"href":"https:\/\/argentinatermal.com.ar\/index.php?rest_route=\/wp\/v2\/media\/1510"}],"wp:attachment":[{"href":"https:\/\/argentinatermal.com.ar\/index.php?rest_route=%2Fwp%2Fv2%2Fmedia&parent=1509"}],"wp:term":[{"taxonomy":"category","embeddable":true,"href":"https:\/\/argentinatermal.com.ar\/index.php?rest_route=%2Fwp%2Fv2%2Fcategories&post=1509"},{"taxonomy":"post_tag","embeddable":true,"href":"https:\/\/argentinatermal.com.ar\/index.php?rest_route=%2Fwp%2Fv2%2Ftags&post=1509"}],"curies":[{"name":"wp","href":"https:\/\/api.w.org\/{rel}","templated":true}]}}