{"id":1547,"date":"2018-04-10T03:07:05","date_gmt":"2018-04-10T03:07:05","guid":{"rendered":"http:\/\/argentinatermal.com.ar\/?p=1547"},"modified":"2018-04-10T03:09:08","modified_gmt":"2018-04-10T03:09:08","slug":"profesional-de-espana-capacitara-a-empresarios-de-termas-de-rio-hondo-sobre-comercializacion-del-turismo-salud-y-bienestar","status":"publish","type":"post","link":"https:\/\/argentinatermal.com.ar\/?p=1547","title":{"rendered":"Profesional de Espa\u00f1a, capacitar\u00e1 a empresarios de Termas de R\u00edo Hondo, sobre comercializaci\u00f3n del turismo salud y bienestar\u2026"},"content":{"rendered":"<p>En el marco del convenio firmado el a\u00f1o pasado en Espa\u00f1a entre el Gobierno de la Provincia a trav\u00e9s de la Subsecretar\u00eda de Turismo y la Fundaci\u00f3n Expourense, organizadora de la Feria Mundial Termatalia, el 12 y 13 de abril se realizar\u00e1 la primera de una serie de capacitaciones para empresarios hoteleros de la ciudad de Termas de R\u00edo Hondo con inscripci\u00f3n gratuita.<br \/>\nDic<span class=\"text_exposed_show\">ha capacitaci\u00f3n estar\u00e1 a cargo del Lic. <a class=\"profileLink\" href=\"https:\/\/www.facebook.com\/jesusfrancisco.aresvazquez?fref=mentions\">Jes\u00fas Francisco Ares Vazquez<\/a>, Director General de YU TRAVEL, agencia mayorista de viajes en Espa\u00f1a, quien estar\u00e1 acompa\u00f1ado por <a class=\"profileLink\" href=\"https:\/\/www.facebook.com\/alejandrorubin?fref=mentions\">Alejandro Rubin Carballo<\/a>, director general de Termatalia.<br \/>\nEl experto conocedor del producto realizar\u00e1 una visita a diferentes establecimientos hoteleros el 12 de abril, mientras que el 13 a la ma\u00f1ana brindar\u00e1 una capacitaci\u00f3n y diagn\u00f3stico precisamente en base a ese recorrido bajo la tem\u00e1tica \u00abComercializaci\u00f3n del Turismo de Salud y Bienestar\u00bb. El profesional estuvo en Termas de R\u00edo Hondo en 2014 durante la realizaci\u00f3n de la Feria Termatalia, por lo que tiene los elementos necesarios para observar la evoluci\u00f3n del destino.<br \/>\nAres Vazquez tuvo a su cargo el desarrollo y creaci\u00f3n de productos tur\u00edsticos de la ruta de los Embalses (Ribeira Sacra) en la empresa Galicia Tours, adem\u00e1s fue Delegado para la zona Norte de Espa\u00f1a y Portugal en la empresa Nogal Tour, mientras que fue Director Comercial de Costas Galicia y Costas Portugal para el norte de Espa\u00f1a, Portugal, Azores, Madeira, Cabo Verde y Brasil. Es socio fundador de su compa\u00f1ia Yu Travel.<br \/>\nEl profesional tambi\u00e9n es miembro de AEITEGAL de Galicia, integra el Consejo Gallego de Turismo, miembro del Comit\u00e9 Asesor de Termatalia y de la Feria Xantar, adem\u00e1s es colaborador docente en Direcci\u00f3n y Planificaci\u00f3n de Turismo en la Universidad de Santiago del Compostela, Ingafor, Galatermal, Mensula ITC, Next. Arez Vazquez tambi\u00e9n miembro fundador de la Asociaci\u00f3n de Tour Operadores Receptivos de Galicia.<br \/>\nEl profesional que capacitar\u00e1 a los empreesarios termenses tambi\u00e9n elabor\u00f3 el Plan de Comercializaci\u00f3n para el mercado espa\u00f1ol de Turismo Azores 2008-2018; elabor\u00f3 el Plan Estrat\u00e9gico para el Mercado Espa\u00f1o del Centro de Portugal 2009-2010 y Plan de marketing tur\u00edstitco de Portugal 2010; Desarrollo y Comercializaci\u00f3n de las Aldes Hist\u00f3ricos del Centro de Portugal en 2012 y elabor\u00f3 el Plan de Desarrollo y Comercializaci\u00f3n Termal de la zona Huetar Norte (La Fortuna, Costa Rica) en 2015.<br \/>\nLos interesados pueden inscribirse telef\u00f3nicamente de 07 a 13 hs. llamando al tel\u00e9fono 0385 4213253, \u00e1rea de Capacitaci\u00f3n de la Subsecretar\u00eda de Turismo de la Provincia.<\/span><\/p>\n<p>Fuente:\u00a0https:\/\/bit.ly\/2H7k3dz<\/p>\n<p>&nbsp;<\/p>\n","protected":false},"excerpt":{"rendered":"<p>En el marco del convenio firmado el a\u00f1o pasado en Espa\u00f1a entre el Gobierno de la Provincia a trav\u00e9s de la Subsecretar\u00eda de Turismo y la Fundaci\u00f3n Expourense, organizadora de la Feria Mundial Termatalia, el 12 y 13 de abril se realizar\u00e1 la primera de una serie de capacitaciones para empresarios hoteleros de la ciudad [&hellip;]<\/p>\n","protected":false},"author":1,"featured_media":1548,"comment_status":"open","ping_status":"open","sticky":false,"template":"","format":"standard","meta":{"footnotes":""},"categories":[7,8,15,14,17],"tags":[],"class_list":["post-1547","post","type-post","status-publish","format-standard","has-post-thumbnail","hentry","category-argentina","category-noa","category-turismo-de-bienestar","category-turismo-salud","category-turismo-termal"],"_links":{"self":[{"href":"https:\/\/argentinatermal.com.ar\/index.php?rest_route=\/wp\/v2\/posts\/1547","targetHints":{"allow":["GET"]}}],"collection":[{"href":"https:\/\/argentinatermal.com.ar\/index.php?rest_route=\/wp\/v2\/posts"}],"about":[{"href":"https:\/\/argentinatermal.com.ar\/index.php?rest_route=\/wp\/v2\/types\/post"}],"author":[{"embeddable":true,"href":"https:\/\/argentinatermal.com.ar\/index.php?rest_route=\/wp\/v2\/users\/1"}],"replies":[{"embeddable":true,"href":"https:\/\/argentinatermal.com.ar\/index.php?rest_route=%2Fwp%2Fv2%2Fcomments&post=1547"}],"version-history":[{"count":3,"href":"https:\/\/argentinatermal.com.ar\/index.php?rest_route=\/wp\/v2\/posts\/1547\/revisions"}],"predecessor-version":[{"id":1551,"href":"https:\/\/argentinatermal.com.ar\/index.php?rest_route=\/wp\/v2\/posts\/1547\/revisions\/1551"}],"wp:featuredmedia":[{"embeddable":true,"href":"https:\/\/argentinatermal.com.ar\/index.php?rest_route=\/wp\/v2\/media\/1548"}],"wp:attachment":[{"href":"https:\/\/argentinatermal.com.ar\/index.php?rest_route=%2Fwp%2Fv2%2Fmedia&parent=1547"}],"wp:term":[{"taxonomy":"category","embeddable":true,"href":"https:\/\/argentinatermal.com.ar\/index.php?rest_route=%2Fwp%2Fv2%2Fcategories&post=1547"},{"taxonomy":"post_tag","embeddable":true,"href":"https:\/\/argentinatermal.com.ar\/index.php?rest_route=%2Fwp%2Fv2%2Ftags&post=1547"}],"curies":[{"name":"wp","href":"https:\/\/api.w.org\/{rel}","templated":true}]}}