{"id":1561,"date":"2018-04-16T04:48:04","date_gmt":"2018-04-16T04:48:04","guid":{"rendered":"http:\/\/argentinatermal.com.ar\/?p=1561"},"modified":"2018-04-16T04:51:18","modified_gmt":"2018-04-16T04:51:18","slug":"entrevista-a-don-alejandro-r-carballo-director-general-de-termatalia-en-su-visita-a-termas-de-rio-hondo","status":"publish","type":"post","link":"https:\/\/argentinatermal.com.ar\/?p=1561","title":{"rendered":"Entrevista a don Alejandro R. Carballo, director general de Termatalia, en su visita a Termas de R\u00edo Hondo"},"content":{"rendered":"<p>El pasado viernes 13 de Abril, en el Centro Cultural San Mart\u00edn de Termas de R\u00edo Hondo, tuvimos la oportunidad \u00a0de entrevistar al se\u00f1or director general de Termatalia, quien nos cuenta los motivos de su visita.<\/p>\n<p>Su presencia y la del consultor internacional el se\u00f1or Francisco Ares V\u00e1zquez se da en el marco del convenio firmado oportunamente entre la fundaci\u00f3n Expourense y la direcci\u00f3n ejecutiva de Termatalia con la Subsecretaria de Turismo de la provincia de Santiago del Estero.<\/p>\n<p><iframe title=\"Alejandro Carballo en Termas de R\u00edo Hondo\" width=\"640\" height=\"360\" src=\"https:\/\/www.youtube.com\/embed\/qF2cGLAJSMo?feature=oembed\" frameborder=\"0\" allow=\"accelerometer; autoplay; clipboard-write; encrypted-media; gyroscope; picture-in-picture; web-share\" referrerpolicy=\"strict-origin-when-cross-origin\" allowfullscreen><\/iframe><\/p>\n","protected":false},"excerpt":{"rendered":"<p>El pasado viernes 13 de Abril, en el Centro Cultural San Mart\u00edn de Termas de R\u00edo Hondo, tuvimos la oportunidad \u00a0de entrevistar al se\u00f1or director general de Termatalia, quien nos cuenta los motivos de su visita. Su presencia y la del consultor internacional el se\u00f1or Francisco Ares V\u00e1zquez se da en el marco del convenio [&hellip;]<\/p>\n","protected":false},"author":1,"featured_media":1562,"comment_status":"open","ping_status":"open","sticky":false,"template":"","format":"standard","meta":{"footnotes":""},"categories":[23,12,3,18],"tags":[],"class_list":["post-1561","post","type-post","status-publish","format-standard","has-post-thumbnail","hentry","category-entrevistas","category-internacionales","category-multimedia","category-video"],"_links":{"self":[{"href":"https:\/\/argentinatermal.com.ar\/index.php?rest_route=\/wp\/v2\/posts\/1561","targetHints":{"allow":["GET"]}}],"collection":[{"href":"https:\/\/argentinatermal.com.ar\/index.php?rest_route=\/wp\/v2\/posts"}],"about":[{"href":"https:\/\/argentinatermal.com.ar\/index.php?rest_route=\/wp\/v2\/types\/post"}],"author":[{"embeddable":true,"href":"https:\/\/argentinatermal.com.ar\/index.php?rest_route=\/wp\/v2\/users\/1"}],"replies":[{"embeddable":true,"href":"https:\/\/argentinatermal.com.ar\/index.php?rest_route=%2Fwp%2Fv2%2Fcomments&post=1561"}],"version-history":[{"count":2,"href":"https:\/\/argentinatermal.com.ar\/index.php?rest_route=\/wp\/v2\/posts\/1561\/revisions"}],"predecessor-version":[{"id":1564,"href":"https:\/\/argentinatermal.com.ar\/index.php?rest_route=\/wp\/v2\/posts\/1561\/revisions\/1564"}],"wp:featuredmedia":[{"embeddable":true,"href":"https:\/\/argentinatermal.com.ar\/index.php?rest_route=\/wp\/v2\/media\/1562"}],"wp:attachment":[{"href":"https:\/\/argentinatermal.com.ar\/index.php?rest_route=%2Fwp%2Fv2%2Fmedia&parent=1561"}],"wp:term":[{"taxonomy":"category","embeddable":true,"href":"https:\/\/argentinatermal.com.ar\/index.php?rest_route=%2Fwp%2Fv2%2Fcategories&post=1561"},{"taxonomy":"post_tag","embeddable":true,"href":"https:\/\/argentinatermal.com.ar\/index.php?rest_route=%2Fwp%2Fv2%2Ftags&post=1561"}],"curies":[{"name":"wp","href":"https:\/\/api.w.org\/{rel}","templated":true}]}}