{"id":1578,"date":"2018-04-24T01:38:17","date_gmt":"2018-04-24T01:38:17","guid":{"rendered":"http:\/\/argentinatermal.com.ar\/?p=1578"},"modified":"2018-04-24T01:38:17","modified_gmt":"2018-04-24T01:38:17","slug":"presentacion-de-termatalia-brasil-en-el-tianguis-turistico-de-mexico","status":"publish","type":"post","link":"https:\/\/argentinatermal.com.ar\/?p=1578","title":{"rendered":"Presentaci\u00f3n de Termatalia Brasil en el Tianguis Tur\u00edstico de M\u00e9xico"},"content":{"rendered":"<ul>\n<li class=\"subtit\">\n<div><em>&gt;&gt; El stand del Gobierno de Estado de Coahuila acogi\u00f3 la presentaci\u00f3n de la feria ante representantes institucionales, empresarios y medios de comunicaci\u00f3n\u00a0<\/em><\/div>\n<div><\/div>\n<div><em>&gt;&gt; El Tianguis, que este a\u00f1o se celebra en Mazatl\u00e1n en el Estado de Sinaloa, es la cita tur\u00edstica m\u00e1s importante del pa\u00eds, ya que re\u00fane a sus 32 estados<\/em><\/div>\n<div><\/div>\n<div><em>&gt;&gt; El director de Termatalia ha mantenido una intensa agenda de reuniones con los responsables de turismo de varios estados en los que el turismo de salud juega un papel importante en su promoci\u00f3n como destino<\/em><\/div>\n<\/li>\n<\/ul>\n<table border=\"0\" width=\"100%\" cellspacing=\"0\" cellpadding=\"0\">\n<tbody>\n<tr>\n<td class=\"noticia\">\n<div class=\"imagen\"><img decoding=\"async\" src=\"http:\/\/www.termatalia.com\/xerp\/noticias\/redimensionar.php?ruta=imagenes\/K6mc3\/98G1QA4.jpeg&amp;max_ancho=300&amp;max_alto=300\" alt=\"\" border=\"0\" hspace=\"5\" \/><\/div>\n<div>El stand del Estado del Gobierno de Coahuila acogi\u00f3 un a\u00f1o m\u00e1s la presentaci\u00f3n de Termatalia en el marco del Tianguis Tur\u00edstico de M\u00e9xico que se est\u00e1 celebrando en Mazatl\u00e1n, en el Estado de Sinaloa. Se trata de la cita tur\u00edstica m\u00e1s importante del pa\u00eds, ya que re\u00fane a sus 32 estados. El director de la feria, Alejandro Rub\u00edn, realiz\u00f3 la presentaci\u00f3n de Termatalia Brasil que se celebrar\u00e1 en Foz do Igua\u00e7u entre el 12 y el 14 de septiembre pr\u00f3ximos. Tambi\u00e9n se proyect\u00f3 el v\u00eddeo promocional de la feria que incluye una invitaci\u00f3n a participar del secretario de turismo de Foz do Igua\u00e7u, Gilmar Piolla.<\/div>\n<div><\/div>\n<div>El director de Termatalia estuvo arropado por el subsecretario de Turismo de Coahuila, Jos\u00e9 Carlos Riojas, que ejerci\u00f3 de anfitri\u00f3n; por el director de Termas de San Joaqu\u00edn y delegado de Termatalia en M\u00e9xico Norte, Antonio Garza; por el director general de la mayorista de viajes Yu Travel y miembro del comit\u00e9 asesor de la feria, Jes\u00fas Ares; y por el presidente de la Asociaci\u00f3n Mexicana de Agencias de Viaje Filial Noroeste, Jos\u00e9 Pedro Morales. La presentaci\u00f3n tuvo lugar ante numeroso p\u00fablico entre los que se encontraban representantes institucionales, empresarios del sector tur\u00edstico y hotelero y medios de comunicaci\u00f3n.<\/div>\n<div><\/div>\n<div>Durante su estancia en el Tianguis Tur\u00edstico de Mazatl\u00e1n, el director de Termatalia mantuvo una intensa agenda de reuniones con los responsables de turismo de distintos estados y ciudades mexicanas. Este es el caso del encuentro mantenido con el secretario de Turismo de Coahuila, Jaime Guerra; con el secretario de Turismo de Oaxaca, Juan Carlos Rivera Castellanos; o con el subsecretario de Promoci\u00f3n Tur\u00edstica de Puebla, Ignacio de Pablo Cajal, o de la reuni\u00f3n con el subsecretario de turismo de Michoac\u00e1n, Luis Nahum Pedraza.<\/div>\n<div><\/div>\n<div>M\u00e9xico lleva muchas ediciones participando de forma destacada y aumentando su papel protagonista a\u00f1o tras a\u00f1o hasta conseguir convertirse en sede del evento, como sucedi\u00f3 en 2016 con la celebraci\u00f3n de Termatalia en Arteaga &#8211; Saltillo, en el Estado de Coahuila, o en 2017 con la participaci\u00f3n como pa\u00eds invitado.<\/div>\n<\/td>\n<\/tr>\n<\/tbody>\n<\/table>\n","protected":false},"excerpt":{"rendered":"<p>&gt;&gt; El stand del Gobierno de Estado de Coahuila acogi\u00f3 la presentaci\u00f3n de la feria ante representantes institucionales, empresarios y medios de comunicaci\u00f3n\u00a0 &gt;&gt; El Tianguis, que este a\u00f1o se celebra en Mazatl\u00e1n en el Estado de Sinaloa, es la cita tur\u00edstica m\u00e1s importante del pa\u00eds, ya que re\u00fane a sus 32 estados &gt;&gt; El [&hellip;]<\/p>\n","protected":false},"author":1,"featured_media":1579,"comment_status":"open","ping_status":"open","sticky":false,"template":"","format":"standard","meta":{"footnotes":""},"categories":[12],"tags":[],"class_list":["post-1578","post","type-post","status-publish","format-standard","has-post-thumbnail","hentry","category-internacionales"],"_links":{"self":[{"href":"https:\/\/argentinatermal.com.ar\/index.php?rest_route=\/wp\/v2\/posts\/1578","targetHints":{"allow":["GET"]}}],"collection":[{"href":"https:\/\/argentinatermal.com.ar\/index.php?rest_route=\/wp\/v2\/posts"}],"about":[{"href":"https:\/\/argentinatermal.com.ar\/index.php?rest_route=\/wp\/v2\/types\/post"}],"author":[{"embeddable":true,"href":"https:\/\/argentinatermal.com.ar\/index.php?rest_route=\/wp\/v2\/users\/1"}],"replies":[{"embeddable":true,"href":"https:\/\/argentinatermal.com.ar\/index.php?rest_route=%2Fwp%2Fv2%2Fcomments&post=1578"}],"version-history":[{"count":1,"href":"https:\/\/argentinatermal.com.ar\/index.php?rest_route=\/wp\/v2\/posts\/1578\/revisions"}],"predecessor-version":[{"id":1580,"href":"https:\/\/argentinatermal.com.ar\/index.php?rest_route=\/wp\/v2\/posts\/1578\/revisions\/1580"}],"wp:featuredmedia":[{"embeddable":true,"href":"https:\/\/argentinatermal.com.ar\/index.php?rest_route=\/wp\/v2\/media\/1579"}],"wp:attachment":[{"href":"https:\/\/argentinatermal.com.ar\/index.php?rest_route=%2Fwp%2Fv2%2Fmedia&parent=1578"}],"wp:term":[{"taxonomy":"category","embeddable":true,"href":"https:\/\/argentinatermal.com.ar\/index.php?rest_route=%2Fwp%2Fv2%2Fcategories&post=1578"},{"taxonomy":"post_tag","embeddable":true,"href":"https:\/\/argentinatermal.com.ar\/index.php?rest_route=%2Fwp%2Fv2%2Ftags&post=1578"}],"curies":[{"name":"wp","href":"https:\/\/api.w.org\/{rel}","templated":true}]}}