{"id":1585,"date":"2018-04-25T00:18:40","date_gmt":"2018-04-25T00:18:40","guid":{"rendered":"http:\/\/argentinatermal.com.ar\/?p=1585"},"modified":"2018-04-25T00:18:40","modified_gmt":"2018-04-25T00:18:40","slug":"el-gobernador-gustavo-bordet-firmo-el-decreto-que-autoriza-la-exploracion-termal-en-ubajay","status":"publish","type":"post","link":"https:\/\/argentinatermal.com.ar\/?p=1585","title":{"rendered":"El Gobernador Gustavo Bordet firm\u00f3 el decreto que autoriza la exploraci\u00f3n termal en Ubajay"},"content":{"rendered":"<p><b><strong>El gobernador Bordet le entreg\u00f3 al intendente de Ubajay el decreto que autoriza la exploraci\u00f3n termal en esa ciudad, en el marco de una visita oficial que realizara el pasado viernes, de la cual participaron el Presidente y el Vocal del ERRTER, Ing. Ricardo Arguello y Lic. Walter Magri.<\/strong><\/b><\/p>\n<p>La disposici\u00f3n obedece a los tr\u00e1mites que realizara el municipio ante el Ente Regulador de los Recursos Termales, en virtud que para perforar con el fin de captar aguas termales es requisito indispensable obtener previamente el Permiso de Exploraci\u00f3n del Recurso expedido por el Poder Ejecutivo y la solicitud de dicho permiso debe tramitarse ante el E.R.R.T.E.R.<\/p>\n<p>El gobernador, al momento de la entrega del Decreto, manifest\u00f3 \u201cSabemos que sobre este corredor del r\u00edo Uruguay la calidad del agua es \u00f3ptima y excelente para poder desarrollar un emprendimiento de estas caracter\u00edsticas que va a cambiar la matriz econ\u00f3mica y productiva de Ubajay. Ver hoy el crecimiento exponencial que ha tenido esta ciudad habla de una comunidad que progresa, que se desarrolla junto a las organizaciones civiles y el sector productivo\u201d.<\/p>\n<p>Fuente: https:\/\/bit.ly\/2I2hZlf<\/p>\n","protected":false},"excerpt":{"rendered":"<p>El gobernador Bordet le entreg\u00f3 al intendente de Ubajay el decreto que autoriza la exploraci\u00f3n termal en esa ciudad, en el marco de una visita oficial que realizara el pasado viernes, de la cual participaron el Presidente y el Vocal del ERRTER, Ing. Ricardo Arguello y Lic. Walter Magri. La disposici\u00f3n obedece a los tr\u00e1mites [&hellip;]<\/p>\n","protected":false},"author":1,"featured_media":1586,"comment_status":"open","ping_status":"open","sticky":false,"template":"","format":"standard","meta":{"footnotes":""},"categories":[7,17],"tags":[],"class_list":["post-1585","post","type-post","status-publish","format-standard","has-post-thumbnail","hentry","category-argentina","category-turismo-termal"],"_links":{"self":[{"href":"https:\/\/argentinatermal.com.ar\/index.php?rest_route=\/wp\/v2\/posts\/1585","targetHints":{"allow":["GET"]}}],"collection":[{"href":"https:\/\/argentinatermal.com.ar\/index.php?rest_route=\/wp\/v2\/posts"}],"about":[{"href":"https:\/\/argentinatermal.com.ar\/index.php?rest_route=\/wp\/v2\/types\/post"}],"author":[{"embeddable":true,"href":"https:\/\/argentinatermal.com.ar\/index.php?rest_route=\/wp\/v2\/users\/1"}],"replies":[{"embeddable":true,"href":"https:\/\/argentinatermal.com.ar\/index.php?rest_route=%2Fwp%2Fv2%2Fcomments&post=1585"}],"version-history":[{"count":1,"href":"https:\/\/argentinatermal.com.ar\/index.php?rest_route=\/wp\/v2\/posts\/1585\/revisions"}],"predecessor-version":[{"id":1587,"href":"https:\/\/argentinatermal.com.ar\/index.php?rest_route=\/wp\/v2\/posts\/1585\/revisions\/1587"}],"wp:featuredmedia":[{"embeddable":true,"href":"https:\/\/argentinatermal.com.ar\/index.php?rest_route=\/wp\/v2\/media\/1586"}],"wp:attachment":[{"href":"https:\/\/argentinatermal.com.ar\/index.php?rest_route=%2Fwp%2Fv2%2Fmedia&parent=1585"}],"wp:term":[{"taxonomy":"category","embeddable":true,"href":"https:\/\/argentinatermal.com.ar\/index.php?rest_route=%2Fwp%2Fv2%2Fcategories&post=1585"},{"taxonomy":"post_tag","embeddable":true,"href":"https:\/\/argentinatermal.com.ar\/index.php?rest_route=%2Fwp%2Fv2%2Ftags&post=1585"}],"curies":[{"name":"wp","href":"https:\/\/api.w.org\/{rel}","templated":true}]}}