{"id":1672,"date":"2018-05-31T02:09:13","date_gmt":"2018-05-31T02:09:13","guid":{"rendered":"http:\/\/argentinatermal.com.ar\/?p=1672"},"modified":"2018-05-31T02:09:13","modified_gmt":"2018-05-31T02:09:13","slug":"ya-esta-disponible-la-acreditacion-profesional-para-visitar-termatalia-brasil-2018","status":"publish","type":"post","link":"https:\/\/argentinatermal.com.ar\/?p=1672","title":{"rendered":"Ya est\u00e1 disponible la acreditaci\u00f3n profesional para visitar Termatalia Brasil 2018"},"content":{"rendered":"<div>Los profesionales del sector del turismo de salud, industria termal, spa o talasoterapia, viajes, equipamiento, hoteler\u00eda, etc. pueden acreditarse ya para visitar la pr\u00f3xima edici\u00f3n de Termatalia que se celebrar\u00e1 en Foz do Igua\u00e7u, Brasil, entre el 12 y el 14 de septiembre de 2018.<\/div>\n<div><\/div>\n<div>Si desea visitar la feria puede inscribirse a trav\u00e9s del banner que aparece en la portada de esta web (www.termatalia.com) con la leyenda \u00abACREDITACI\u00d3N PROFESIONAL\u00bb.<\/div>\n<div><\/div>\n<div>Acceder\u00e1n a un formulario que deben de cubrir con sus datos y recibir\u00e1n en su email un c\u00f3digo que deber\u00e1 imprimir y presentar en la entrada del Centro de Convenciones Maestra del Hotel Recanto Cataratas de Foz do Igua\u00e7u para acceder de forma gratuita a Termatalia Brasil 2018. Esta acreditaci\u00f3n ser\u00e1 v\u00e1lida para todos los d\u00edas de la feria.<\/div>\n<div><\/div>\n<div>Semanas antes de la feria estar\u00e1 disponible tambi\u00e9n la agenda de citas on line a trav\u00e9s de la cual, una vez acreditado, podr\u00e1 solicitar citas de negocio con los expositores de la feria.<\/div>\n<div>http:\/\/www.termatalia.com\/<\/div>\n","protected":false},"excerpt":{"rendered":"<p>Los profesionales del sector del turismo de salud, industria termal, spa o talasoterapia, viajes, equipamiento, hoteler\u00eda, etc. pueden acreditarse ya para visitar la pr\u00f3xima edici\u00f3n de Termatalia que se celebrar\u00e1 en Foz do Igua\u00e7u, Brasil, entre el 12 y el 14 de septiembre de 2018. Si desea visitar la feria puede inscribirse a trav\u00e9s del [&hellip;]<\/p>\n","protected":false},"author":1,"featured_media":1673,"comment_status":"open","ping_status":"open","sticky":false,"template":"","format":"standard","meta":{"footnotes":""},"categories":[12],"tags":[],"class_list":["post-1672","post","type-post","status-publish","format-standard","has-post-thumbnail","hentry","category-internacionales"],"_links":{"self":[{"href":"https:\/\/argentinatermal.com.ar\/index.php?rest_route=\/wp\/v2\/posts\/1672","targetHints":{"allow":["GET"]}}],"collection":[{"href":"https:\/\/argentinatermal.com.ar\/index.php?rest_route=\/wp\/v2\/posts"}],"about":[{"href":"https:\/\/argentinatermal.com.ar\/index.php?rest_route=\/wp\/v2\/types\/post"}],"author":[{"embeddable":true,"href":"https:\/\/argentinatermal.com.ar\/index.php?rest_route=\/wp\/v2\/users\/1"}],"replies":[{"embeddable":true,"href":"https:\/\/argentinatermal.com.ar\/index.php?rest_route=%2Fwp%2Fv2%2Fcomments&post=1672"}],"version-history":[{"count":1,"href":"https:\/\/argentinatermal.com.ar\/index.php?rest_route=\/wp\/v2\/posts\/1672\/revisions"}],"predecessor-version":[{"id":1674,"href":"https:\/\/argentinatermal.com.ar\/index.php?rest_route=\/wp\/v2\/posts\/1672\/revisions\/1674"}],"wp:featuredmedia":[{"embeddable":true,"href":"https:\/\/argentinatermal.com.ar\/index.php?rest_route=\/wp\/v2\/media\/1673"}],"wp:attachment":[{"href":"https:\/\/argentinatermal.com.ar\/index.php?rest_route=%2Fwp%2Fv2%2Fmedia&parent=1672"}],"wp:term":[{"taxonomy":"category","embeddable":true,"href":"https:\/\/argentinatermal.com.ar\/index.php?rest_route=%2Fwp%2Fv2%2Fcategories&post=1672"},{"taxonomy":"post_tag","embeddable":true,"href":"https:\/\/argentinatermal.com.ar\/index.php?rest_route=%2Fwp%2Fv2%2Ftags&post=1672"}],"curies":[{"name":"wp","href":"https:\/\/api.w.org\/{rel}","templated":true}]}}