{"id":1689,"date":"2018-06-01T00:59:39","date_gmt":"2018-06-01T03:59:39","guid":{"rendered":"http:\/\/argentinatermal.com.ar\/?p=1689"},"modified":"2018-06-01T22:18:09","modified_gmt":"2018-06-02T01:18:09","slug":"foro-nacional-de-turismo-de-bienestar-salud-y-termalismo-uso-terapeutico-del-agua-termal","status":"publish","type":"post","link":"https:\/\/argentinatermal.com.ar\/?p=1689","title":{"rendered":"Foro Nacional de Turismo de Bienestar &#8211; Salud y Termalismo \u00abUSO TERAP\u00c9UTICO DEL AGUA TERMAL\u00bb"},"content":{"rendered":"<p>Jueves 7 de junio de 2018<\/p>\n<p>Centro de Convenciones de Concordia<\/p>\n<p>San Lorenzo 101 Oeste &#8211; Concordia &#8211; Entre R\u00ecos &#8211; Argentina<\/p>\n<p>Programa Tentativo<br \/>\n10:00 hs Acreditaciones<\/p>\n<p>10:30 hs Apertura Oficial a cargo de las autoridades<\/p>\n<p>11.00 hs Panel 1 &#8211; Uso Terap\u00e9utico del Agua Termal.<br \/>\nPonentes:<br \/>\n&#8211; Dr. Daniel Demichelis &#8211; Director de la Carrera de especializaci\u00f3n en Termalismo e Hidrolog\u00eda M\u00e9dica de la Universidad Nacional de Entre R\u00edos<\/p>\n<p>&#8211; Dr. Nicol\u00e1s Gurnik Director General de Medicina Termal del Ente provincial de Termas de Neuqu\u00e9n (Eproten)<\/p>\n<p>&#8211; Lic. Teresita Van Strate, Lic en Turismo, especializada en Turismo de Salud y Bienestar, (Wellness, Termalismo y Talasoterapia)<\/p>\n<p>12:20 hs Panel 2 &#8211; Presentaci\u00f3n del proyecto de ley: Reconocimiento de los tratamientos termales dentro de la medicina preventiva<br \/>\nPonentes:<br \/>\n&#8211; Dra. Ana Carolina Gaillard, Secretaria de Turismo y Cultura de la Provincia de Entre R\u00edos, Diputada M\/C Impulsora del proyecto de ley \u201cReconocimiento de los tratamientos termales dentro de la medicina preventiva\u201d<\/p>\n<p>&#8211; Dra. Mayda Cresto, Diputada Nacional<\/p>\n<p>12:40 hs. Panel 3 &#8211; Gastronom\u00eda Saludable como complemento necesario del turismo de bienestar<\/p>\n<p>Ponente:<br \/>\n&#8211; Lic. Nut. Manuel Aucejo, Chef especializado en gastronom\u00eda saludable<\/p>\n<p>13:00 hs Pausa para el almuerzo<\/p>\n<p>14:00 hs Panel 4 &#8211; Presentaci\u00f3n de experiencias de complejos termales de la Regi\u00f3n NEA orientados al turismo salud.<br \/>\nPonentes:<br \/>\n&#8211; Complejo termal de Presidencia Roque S\u00e1enz Pe\u00f1a, Chaco; a cargo del Qf. N\u00e9stor Federico Dudik, Director Carrera Farmacia en UNCAUS (A CONFIRMAR)<\/p>\n<p>&#8211; Complejo Termal de Villaguay, Entre R\u00edos; a cargo del Dr. Hugo Ficosecco.<\/p>\n<p>14:40 hs Panel 5 &#8211; La calidad como eje del turismo de bienestar. Las directrices de SPA como herramienta para la mejora de la experiencia.<br \/>\nPonentes:<br \/>\n&#8211; Ministerio de Turismo de Naci\u00f3n Lic. Silvina Estevez. Profesional Analista del Sistema Argentino de Calidad Tur\u00edstica en MINISTERIO DE TURISMO DE LA NACI\u00d3N<\/p>\n<p>&#8211; Posada del Qenti, Miguel Can\u00e9, Gerente General Grupo Qenti. Ingeniero, Diplomado en conducci\u00f3n gerencial y management estrat\u00e9gico; Embajador en C\u00f3rdoba de la Red Global de Mentores y Gerente General de La Posada del Qenti Medical Wellness.<\/p>\n<p>&#8211; La experiencia Entrerriana, Nerol\u00ed SPA de la ciudad de Federaci\u00f3n. Nicol\u00e1s Racedo y Leonardo<\/p>\n<p>&#8211; Tratamientos de relax en SPA, M\u00f3nica Gabil\u00e1n. Masajista y cosmet\u00f3loga.<\/p>\n<p>15:40 hs Panel 6 &#8211; Termatalia<br \/>\nPonente:<br \/>\n&#8211; Alejandro Rub\u00edn &#8211; Director Gerente de Expourense<\/p>\n<p>16:00 hs Cierre del Evento a cargo de la Secretaria de Turismo y Cultura de la Provincia de Entre R\u00edos, Dra. Ana Carolina Gaillard<\/p>\n<p>Pre inscripciones: <a href=\"https:\/\/www.google.com\/url?q=https:\/\/goo.gl\/forms\/CXFbONTWRsOGcUZ23&amp;sa=D&amp;ust=1527903933146000&amp;usg=AFQjCNGrRdxovN_q60ESH8SLYYph5tbj9w\">https:\/\/goo.gl\/forms\/CXFbONTWRsOGcUZ23<\/a><br \/>\nConsultas: <a href=\"mailto:relacionesinstitucionaleser@gmail.com\">relacionesinstitucionaleser@gmail.com<\/a><\/p>\n","protected":false},"excerpt":{"rendered":"<p>Jueves 7 de junio de 2018 Centro de Convenciones de Concordia San Lorenzo 101 Oeste &#8211; Concordia &#8211; Entre R\u00ecos &#8211; Argentina Programa Tentativo 10:00 hs Acreditaciones 10:30 hs Apertura Oficial a cargo de las autoridades 11.00 hs Panel 1 &#8211; Uso Terap\u00e9utico del Agua Termal. Ponentes: &#8211; Dr. Daniel Demichelis &#8211; Director de la [&hellip;]<\/p>\n","protected":false},"author":1,"featured_media":1690,"comment_status":"open","ping_status":"open","sticky":false,"template":"","format":"standard","meta":{"footnotes":""},"categories":[7,15,22,17],"tags":[],"class_list":["post-1689","post","type-post","status-publish","format-standard","has-post-thumbnail","hentry","category-argentina","category-turismo-de-bienestar","category-turismo-sostenible","category-turismo-termal"],"_links":{"self":[{"href":"https:\/\/argentinatermal.com.ar\/index.php?rest_route=\/wp\/v2\/posts\/1689","targetHints":{"allow":["GET"]}}],"collection":[{"href":"https:\/\/argentinatermal.com.ar\/index.php?rest_route=\/wp\/v2\/posts"}],"about":[{"href":"https:\/\/argentinatermal.com.ar\/index.php?rest_route=\/wp\/v2\/types\/post"}],"author":[{"embeddable":true,"href":"https:\/\/argentinatermal.com.ar\/index.php?rest_route=\/wp\/v2\/users\/1"}],"replies":[{"embeddable":true,"href":"https:\/\/argentinatermal.com.ar\/index.php?rest_route=%2Fwp%2Fv2%2Fcomments&post=1689"}],"version-history":[{"count":1,"href":"https:\/\/argentinatermal.com.ar\/index.php?rest_route=\/wp\/v2\/posts\/1689\/revisions"}],"predecessor-version":[{"id":1691,"href":"https:\/\/argentinatermal.com.ar\/index.php?rest_route=\/wp\/v2\/posts\/1689\/revisions\/1691"}],"wp:featuredmedia":[{"embeddable":true,"href":"https:\/\/argentinatermal.com.ar\/index.php?rest_route=\/wp\/v2\/media\/1690"}],"wp:attachment":[{"href":"https:\/\/argentinatermal.com.ar\/index.php?rest_route=%2Fwp%2Fv2%2Fmedia&parent=1689"}],"wp:term":[{"taxonomy":"category","embeddable":true,"href":"https:\/\/argentinatermal.com.ar\/index.php?rest_route=%2Fwp%2Fv2%2Fcategories&post=1689"},{"taxonomy":"post_tag","embeddable":true,"href":"https:\/\/argentinatermal.com.ar\/index.php?rest_route=%2Fwp%2Fv2%2Ftags&post=1689"}],"curies":[{"name":"wp","href":"https:\/\/api.w.org\/{rel}","templated":true}]}}