{"id":1708,"date":"2018-06-05T12:02:10","date_gmt":"2018-06-05T15:02:10","guid":{"rendered":"http:\/\/argentinatermal.com.ar\/?p=1708"},"modified":"2018-06-05T12:02:10","modified_gmt":"2018-06-05T15:02:10","slug":"argentina-termal-adhiere-al-dia-mundial-del-medio-ambiente-2018-el-ano-en-que-el-fin-de-los-plasticos-se-hizo-lema","status":"publish","type":"post","link":"https:\/\/argentinatermal.com.ar\/?p=1708","title":{"rendered":"Argentina Termal adhiere al: D\u00eda Mundial del Medio Ambiente: 2018, el a\u00f1o en que el fin de los pl\u00e1sticos se hizo lema"},"content":{"rendered":"<h2 class=\"news-header-opening-txt\"><span style=\"font-size: 14pt\"><em>Cada a\u00f1o se celebra el 5 de junio el D\u00eda Mundial del Medio Ambiente. Refrendado por la ONU, la jornada en 2018 se dedica a la necesidad de poner fin al uso de pl\u00e1sticos.<\/em><\/span><\/h2>\n<div class=\"news-body-left\">\n<div class=\"news-body-info\">\n<div class=\"news-body-info-box\">\n<div class=\"news-body-info-box info-box-tags\">\n<ul class=\"news-default-tags-list\">\n<li class=\"news-def-tags\">\n<h3 class=\"news-def-tags\"><a class=\"news-def-tag-link\" title=\"Noticia archivada en: Bolsas\" href=\"https:\/\/www.elconfidencial.com\/tags\/temas\/bolsas-15919\/\">BOLSAS<\/a><\/h3>\n<\/li>\n<\/ul>\n<\/div>\n<\/div>\n<\/div>\n<\/div>\n<div id=\"news-body-center\" class=\"news-body-center cms-format \">\n<p>La guerra contra el pl\u00e1stico no ha hecho m\u00e1s que empezar. Despu\u00e9s de que la Comisi\u00f3n Europea lanzara en 2015 su normativa para reducir el uso de las bolsas de pl\u00e1stico ligeras, el organismo anunci\u00f3 nuevas medidas para <strong>continuar menguando el uso de este material dif\u00edcilmente degradable<\/strong> con la intenci\u00f3n de frenar sus efectos en el medio ambiente.<\/p>\n<p><strong>Bolsas de pl\u00e1stico<\/strong>, pajitas y platos reutilizables, cubiertos para el picnic y bastoncillos para los o\u00eddos: todo este pl\u00e1stico tiene los d\u00edas contados. El vicepresidente primero de la Comisi\u00f3n Europea, Frans Timmermans, asegur\u00f3 hace solo una semana que son necesarias<strong>medidas contundentes <\/strong>para <a href=\"https:\/\/www.elconfidencial.com\/tecnologia\/ciencia\/2018-05-28\/plasticos-bruselas-pajitas-medioambiente_1570156\/\" target=\"_self\">frenar el consumo de pl\u00e1sticos<\/a>, que no solo contaminan sino que tambi\u00e9n penetran en nuestros cuerpos en forma de micropl\u00e1sticos. Y precisamente esta necesidad es la que se presenta en <strong>2018 como lema del D\u00eda Mundial del Medio Ambiente<\/strong>, que se celebra cada a\u00f1o el 5 de junio.<\/p>\n<p>\u00bfPor qu\u00e9 en esta fecha? Porque era una fecha para celebrar: el <a href=\"http:\/\/www.un.org\/es\/events\/environmentday\/background.shtml\" target=\"_blank\" rel=\"noopener\">5 de junio de 1972<\/a> se celebr\u00f3 en la capital de Suecia la primera gran conferencia sobre cuestiones relativas al medio ambiente, auspiciada bajo el paraguas de las Naciones Unidas y conocida como la<strong>Conferencia sobre el Medio Humano, <\/strong>cuyo objetivo era forjar una visi\u00f3n com\u00fan sobre los aspectos b\u00e1sicos de la protecci\u00f3n y la mejora del medio humano.<\/p>\n<p><a href=\"http:\/\/argentinatermal.com.ar\/wp-content\/uploads\/2018\/06\/surfista-de-aguas-residuales-de-justin-hofman.jpg\"><img decoding=\"async\" class=\"size-medium wp-image-1709 alignleft\" src=\"http:\/\/argentinatermal.com.ar\/wp-content\/uploads\/2018\/06\/surfista-de-aguas-residuales-de-justin-hofman-208x300.jpg\" alt=\"\" width=\"208\" height=\"300\" srcset=\"https:\/\/argentinatermal.com.ar\/wp-content\/uploads\/2018\/06\/surfista-de-aguas-residuales-de-justin-hofman-208x300.jpg 208w, https:\/\/argentinatermal.com.ar\/wp-content\/uploads\/2018\/06\/surfista-de-aguas-residuales-de-justin-hofman-292x420.jpg 292w, https:\/\/argentinatermal.com.ar\/wp-content\/uploads\/2018\/06\/surfista-de-aguas-residuales-de-justin-hofman.jpg 585w\" sizes=\"(max-width: 208px) 100vw, 208px\" \/><\/a><\/p>\n<p>La Asamblea General de la ONU aprob\u00f3 ese mismo a\u00f1o, en el mes de diciembre, que se dedicara esa jornada a la promoci\u00f3n de actividades que reafirmen la preocupaci\u00f3n global por <strong>la protecci\u00f3n del medio ambiente<\/strong>. Este a\u00f1o el lema del d\u00eda es &#8216;<strong>Sin contaminaci\u00f3n por pl\u00e1stico&#8217;<\/strong>, muy apropiado si se tiene en cuenta que el <a href=\"https:\/\/www.elconfidencial.com\/tecnologia\/ciencia\/2018-05-18\/gobierno-bolsas-plastico-cobrar-julio_1565804\/\" target=\"_self\">1 de julio ser\u00e1 el \u00faltimo d\u00eda que los comercios podr\u00e1n dar bolsas de pl\u00e1stico gratis<\/a> en Espa\u00f1a. Tambi\u00e9n si se recuerdan las muchas fotos que se han publicado en los \u00faltimos a\u00f1os de multitud de animales enganchados a bolsas o jugando con art\u00edculos de pl\u00e1stico. Los datos recogidos por la ONU no son nada alentadores:<\/p>\n<p>\u2192 Cada a\u00f1o se vierten a los oc\u00e9anos <strong><a href=\"https:\/\/www.elconfidencial.com\/tecnologia\/ciencia\/2018-06-05\/bolsas-plastico-historia-entorno-natural-dia-mundial-medio-ambiente_1573763\/\" target=\"_self\">13 millones de toneladas de pl\u00e1sticos<\/a><\/strong>, lo que amenaza a la vida marina y humana y destruye los ecosistemas naturales.<\/p>\n<p>\u2192 En total, cada a\u00f1o se utilizan <strong>cinco billones de bolsas de pl\u00e1stico.<\/strong><\/p>\n<p><strong>\u2192 <\/strong>Cada minuto se compran en todo el mundo <strong>un mill\u00f3n de botellas de pl\u00e1stico.<\/strong><\/p>\n<p>Adem\u00e1s, m\u00e1s de <strong>100.000 animales marinos mueren al a\u00f1o<\/strong> a causa del pl\u00e1stico, que necesita hasta un siglo para degradarse en el medio ambiente. El objetivo del D\u00eda Mundial del Medio Ambiente de 2018 es el de inspirar soluciones que lleven a un cambio sostenible en las actividades iniciales de la cadena de suministro.<\/p>\n<h4>Bolsas de rafia y botellas de cristal<\/h4>\n<p>Entre muchas otras iniciativas que se pueden llevar a cabo para conseguir este objetivo, ONU Medio Ambiente propone un <strong>cambio de h\u00e1bitos en el d\u00eda a d\u00eda<\/strong> que pueden ayudar a reducir \u00abla pesada carga de la contaminaci\u00f3n de los pl\u00e1sticos en la naturaleza, en la vida silvestre y sobre la propia salud\u00bb. Desde el organismo sostienen que el <strong>ser humano depende \u00abdemasiado\u00bb del pl\u00e1stico de un solo uso<\/strong> o desechable, y que esto tiene \u00abgraves consecuencias medioambientales\u00bb. \u00bfC\u00f3mo se puede hacer?<\/p>\n<p>Rechazando todo lo que no se puede volver a utilizar: los vasos y botellas de pl\u00e1stico, que se pueden cambiar por <strong>botellas de cristal o tazas<\/strong>; los envases de un solo uso \u2014como los yogures\u2014 o las bolsas no reutilizables. Ante la inminencia de la prohibici\u00f3n del uso de bolsas de pl\u00e1stico en los comercios, algunas superficies como Lidl han propuesto como <a href=\"https:\/\/www.elconfidencial.com\/economia\/2018-05-30\/rafia-papel-bolsas-plastico-lidl-espana_1571437\/\" target=\"_self\">alternativas las grandes bolsas de rafia<\/a> \u2014una fibra sint\u00e9tica de usos m\u00faltiples\u2014 o las bolsas de papel.<\/p>\n<p><iframe title=\"Clean Seas PSA 2min Spanish\" width=\"640\" height=\"360\" src=\"https:\/\/www.youtube.com\/embed\/zCNPbHuOO0o?feature=oembed\" frameborder=\"0\" allow=\"accelerometer; autoplay; clipboard-write; encrypted-media; gyroscope; picture-in-picture; web-share\" referrerpolicy=\"strict-origin-when-cross-origin\" allowfullscreen><\/iframe><\/p>\n<p>Fuente: www.elconfidencial.com<\/p>\n<p>&nbsp;<\/p>\n<\/div>\n","protected":false},"excerpt":{"rendered":"<p>Cada a\u00f1o se celebra el 5 de junio el D\u00eda Mundial del Medio Ambiente. Refrendado por la ONU, la jornada en 2018 se dedica a la necesidad de poner fin al uso de pl\u00e1sticos. BOLSAS La guerra contra el pl\u00e1stico no ha hecho m\u00e1s que empezar. Despu\u00e9s de que la Comisi\u00f3n Europea lanzara en 2015 [&hellip;]<\/p>\n","protected":false},"author":1,"featured_media":1710,"comment_status":"open","ping_status":"open","sticky":false,"template":"","format":"standard","meta":{"footnotes":""},"categories":[12,3,25],"tags":[],"class_list":["post-1708","post","type-post","status-publish","format-standard","has-post-thumbnail","hentry","category-internacionales","category-multimedia","category-videos-relacionados"],"_links":{"self":[{"href":"https:\/\/argentinatermal.com.ar\/index.php?rest_route=\/wp\/v2\/posts\/1708","targetHints":{"allow":["GET"]}}],"collection":[{"href":"https:\/\/argentinatermal.com.ar\/index.php?rest_route=\/wp\/v2\/posts"}],"about":[{"href":"https:\/\/argentinatermal.com.ar\/index.php?rest_route=\/wp\/v2\/types\/post"}],"author":[{"embeddable":true,"href":"https:\/\/argentinatermal.com.ar\/index.php?rest_route=\/wp\/v2\/users\/1"}],"replies":[{"embeddable":true,"href":"https:\/\/argentinatermal.com.ar\/index.php?rest_route=%2Fwp%2Fv2%2Fcomments&post=1708"}],"version-history":[{"count":1,"href":"https:\/\/argentinatermal.com.ar\/index.php?rest_route=\/wp\/v2\/posts\/1708\/revisions"}],"predecessor-version":[{"id":1711,"href":"https:\/\/argentinatermal.com.ar\/index.php?rest_route=\/wp\/v2\/posts\/1708\/revisions\/1711"}],"wp:featuredmedia":[{"embeddable":true,"href":"https:\/\/argentinatermal.com.ar\/index.php?rest_route=\/wp\/v2\/media\/1710"}],"wp:attachment":[{"href":"https:\/\/argentinatermal.com.ar\/index.php?rest_route=%2Fwp%2Fv2%2Fmedia&parent=1708"}],"wp:term":[{"taxonomy":"category","embeddable":true,"href":"https:\/\/argentinatermal.com.ar\/index.php?rest_route=%2Fwp%2Fv2%2Fcategories&post=1708"},{"taxonomy":"post_tag","embeddable":true,"href":"https:\/\/argentinatermal.com.ar\/index.php?rest_route=%2Fwp%2Fv2%2Ftags&post=1708"}],"curies":[{"name":"wp","href":"https:\/\/api.w.org\/{rel}","templated":true}]}}