{"id":1736,"date":"2018-06-08T14:50:28","date_gmt":"2018-06-08T17:50:28","guid":{"rendered":"http:\/\/argentinatermal.com.ar\/?p=1736"},"modified":"2018-06-08T14:50:28","modified_gmt":"2018-06-08T17:50:28","slug":"termatalia-participo-en-el-foro-nacional-de-turismo-de-bienestar-salud-y-termalismo-celebrado-en-la-provincia-argentina-de-entre-rios","status":"publish","type":"post","link":"https:\/\/argentinatermal.com.ar\/?p=1736","title":{"rendered":"Termatalia particip\u00f3 en el Foro Nacional de Turismo de Bienestar, Salud y Termalismo celebrado en la provincia argentina de Entre R\u00edos"},"content":{"rendered":"<ul>\n<li class=\"subtit\"><em>&gt;&gt; Se celebr\u00f3 ayer en el Centro de Convenciones de Concordia y cont\u00f3 con la participaci\u00f3n activa del director de la feria, Alejandro Rub\u00edn Carballo, que imparti\u00f3 una conferencia y present\u00f3 la pr\u00f3xima edici\u00f3n de la feria<\/em><\/li>\n<\/ul>\n<div>El director de Termatalia, Alejandro Rub\u00edn, particip\u00f3 ayer en el\u00a0 Foro Nacional de Turismo de Bienestar organizado por el Gobierno de Entre R\u00edos con la colaboraci\u00f3n de FEHGRA, la Federaci\u00f3n de Empresarios Hoteleros y Gastron\u00f3micos de la Rep\u00fablica Argentina. El director de Termatalia present\u00f3 la pr\u00f3xima edici\u00f3n de la feria que se celebrar\u00e1 en Foz do Igua\u00e7u en Brasil entre el 12 y el 14 de septiembre de 2018. Adem\u00e1s de esto, fue uno de los ponentes de este foro con una conferencia sobre \u201cProgramas de Termalismo Terap\u00e9utico y Social. Experiencias en Europa\u201d.<\/div>\n<div><a href=\"http:\/\/argentinatermal.com.ar\/wp-content\/uploads\/2018\/06\/safe_image.jpg\"><img decoding=\"async\" class=\"size-medium wp-image-1738 alignleft\" src=\"http:\/\/argentinatermal.com.ar\/wp-content\/uploads\/2018\/06\/safe_image-300x300.jpg\" alt=\"\" width=\"300\" height=\"300\" srcset=\"https:\/\/argentinatermal.com.ar\/wp-content\/uploads\/2018\/06\/safe_image-300x300.jpg 300w, https:\/\/argentinatermal.com.ar\/wp-content\/uploads\/2018\/06\/safe_image-150x150.jpg 150w, https:\/\/argentinatermal.com.ar\/wp-content\/uploads\/2018\/06\/safe_image-420x420.jpg 420w, https:\/\/argentinatermal.com.ar\/wp-content\/uploads\/2018\/06\/safe_image.jpg 450w\" sizes=\"(max-width: 300px) 100vw, 300px\" \/><\/a><\/div>\n<div><\/div>\n<div>Termatalia fue una de las entidades presentes en la mesa inaugural de apertura en la que Alejandro Rub\u00edn particip\u00f3 junto a los representantes de FEHGRAClaudio Aguilar y Marcelo Barsuglia, junto a la secretaria de Turismo de #EntreR\u00edos Carolina Gaillard, la diputada Mayda Cresto, el intendente de la Ciudad de Concordia, Enrique Tom\u00e1s Cresto.<\/div>\n<div><\/div>\n<div>Este Foro abor\u00f3 el uso terap\u00e9utico del agua termal que fue abordado por tres especialistas: el doctor Daniel Demichelis; director de la Carrera de especializaci\u00f3n en Termalismo e Hidrolog\u00eda M\u00e9dica de la Universidad Nacional de Entre R\u00edos; el doctor Nicol\u00e1s Gurnik, director General de Medicina Termal del Ente provincial de Termas de Neuqu\u00e9n (Eproten); y la Lic. Teresita Van Strate, Licenciada en Turismo, especializada en Turismo de Salud y Bienestar, (Wellness, Termalismo y Talasoterapia) y delegada de Termatalia en Argentina.<\/div>\n<div><\/div>\n<div>El segundo panel de este foro incluy\u00f3 la presentaci\u00f3n del proyecto de ley: \u201cReconocimiento de los tratamientos termales dentro de la medicina preventiva\u201d. All\u00ed expusieron\u00a0 la doctora Ana Carolina Gaillard, Secretaria de Turismo y Cultura de la Provincia de Entre R\u00edos, Diputada M\/C Impulsora del proyecto de ley \u201cReconocimiento de los tratamientos termales dentro de la medicina preventiva\u201d; y la doctora Mayda Cresto, Diputada Nacional.<\/div>\n<div><\/div>\n<div>A continuaci\u00f3n, se abord\u00f3 la siguiente tem\u00e1tica: \u201cGastronom\u00eda Saludable como complemento necesario del turismo de bienestar\u201d, que tuvo como ponente al Licenciado en Nutrici\u00f3n Manuel Aucejo, chef especializado en gastronom\u00eda saludable.<\/div>\n<div><\/div>\n<div>Luego del intervalo para el almuerzo, en el cuarto panel de la jornada, se realiz\u00f3 la presentaci\u00f3n de experiencias de complejos termales de la Regi\u00f3n NEA orientados al turismo salud. Expuso Gerardo Ariel S\u00e1nchez, del Complejo termal de Presidencia Roque S\u00e1enz Pe\u00f1a, Chaco; y el doctor Hugo Ficosecco, del Complejo Termal de Villaguay, Entre R\u00edos.<\/div>\n<div><\/div>\n<div>\u201cLa calidad como eje del turismo de bienestar. Las directrices de SPA como herramienta para la mejora de la experiencia\u201d fue el eje del quinto panel que estuvo a cargo de la Licenciada Silvina Estevez, profesional Analista del Sistema Argentino de Calidad Tur\u00edstica del Ministerio de Turismo de la Naci\u00f3n.<\/div>\n<div>No fue la \u00fanica ponente, ya que tambi\u00e9n habl\u00f3 el Ingeniero Miguel Can\u00e9, Diplomado en conducci\u00f3n gerencial y management estrat\u00e9gico; Embajador en C\u00f3rdoba de la Red Global de Mentores y Gerente General de La Posada del Qenti Medical Wellness. En tanto, la experiencia Entrerriana fue contada por Nicol\u00e1s Racedo y el Licenciado en kinesiolog\u00eda Leonardo Olavarriaga, de Nerol\u00ed SPA de la ciudad de Federaci\u00f3n.<\/div>\n<div><\/div>\n<div>Los dos \u00faltimos panales fueron el de \u201cTerapias Alternativas para el bienestar\u201d, con la participaci\u00f3n de M\u00f3nica Gabil\u00e1n, masajista y cosmet\u00f3loga, que habl\u00f3 sobre tratamientos de relax en SPA; Mar\u00eda Riestra, que tratar\u00e1 el tema Tai chi como m\u00e9todo de meditaci\u00f3n; Mariana Keoroglanian, que habl\u00f3 sobre Isha, una metodolog\u00eda de meditaci\u00f3n; y finalmente Lorena Ballay que se refiri\u00f3 a \u201cEl arte de vivir\u201d.<\/div>\n","protected":false},"excerpt":{"rendered":"<p>&gt;&gt; Se celebr\u00f3 ayer en el Centro de Convenciones de Concordia y cont\u00f3 con la participaci\u00f3n activa del director de la feria, Alejandro Rub\u00edn Carballo, que imparti\u00f3 una conferencia y present\u00f3 la pr\u00f3xima edici\u00f3n de la feria El director de Termatalia, Alejandro Rub\u00edn, particip\u00f3 ayer en el\u00a0 Foro Nacional de Turismo de Bienestar organizado por [&hellip;]<\/p>\n","protected":false},"author":1,"featured_media":1737,"comment_status":"open","ping_status":"open","sticky":false,"template":"","format":"standard","meta":{"footnotes":""},"categories":[7,12,15,14,22,17],"tags":[],"class_list":["post-1736","post","type-post","status-publish","format-standard","has-post-thumbnail","hentry","category-argentina","category-internacionales","category-turismo-de-bienestar","category-turismo-salud","category-turismo-sostenible","category-turismo-termal"],"_links":{"self":[{"href":"https:\/\/argentinatermal.com.ar\/index.php?rest_route=\/wp\/v2\/posts\/1736","targetHints":{"allow":["GET"]}}],"collection":[{"href":"https:\/\/argentinatermal.com.ar\/index.php?rest_route=\/wp\/v2\/posts"}],"about":[{"href":"https:\/\/argentinatermal.com.ar\/index.php?rest_route=\/wp\/v2\/types\/post"}],"author":[{"embeddable":true,"href":"https:\/\/argentinatermal.com.ar\/index.php?rest_route=\/wp\/v2\/users\/1"}],"replies":[{"embeddable":true,"href":"https:\/\/argentinatermal.com.ar\/index.php?rest_route=%2Fwp%2Fv2%2Fcomments&post=1736"}],"version-history":[{"count":1,"href":"https:\/\/argentinatermal.com.ar\/index.php?rest_route=\/wp\/v2\/posts\/1736\/revisions"}],"predecessor-version":[{"id":1739,"href":"https:\/\/argentinatermal.com.ar\/index.php?rest_route=\/wp\/v2\/posts\/1736\/revisions\/1739"}],"wp:featuredmedia":[{"embeddable":true,"href":"https:\/\/argentinatermal.com.ar\/index.php?rest_route=\/wp\/v2\/media\/1737"}],"wp:attachment":[{"href":"https:\/\/argentinatermal.com.ar\/index.php?rest_route=%2Fwp%2Fv2%2Fmedia&parent=1736"}],"wp:term":[{"taxonomy":"category","embeddable":true,"href":"https:\/\/argentinatermal.com.ar\/index.php?rest_route=%2Fwp%2Fv2%2Fcategories&post=1736"},{"taxonomy":"post_tag","embeddable":true,"href":"https:\/\/argentinatermal.com.ar\/index.php?rest_route=%2Fwp%2Fv2%2Ftags&post=1736"}],"curies":[{"name":"wp","href":"https:\/\/api.w.org\/{rel}","templated":true}]}}