{"id":1740,"date":"2018-06-12T11:06:30","date_gmt":"2018-06-12T14:06:30","guid":{"rendered":"http:\/\/argentinatermal.com.ar\/?p=1740"},"modified":"2018-06-12T11:06:30","modified_gmt":"2018-06-12T14:06:30","slug":"entre-rios-presenta-su-candidatura-para-ser-sede-de-termatalia-en-2020","status":"publish","type":"post","link":"https:\/\/argentinatermal.com.ar\/?p=1740","title":{"rendered":"Entre R\u00edos presenta su candidatura para ser sede de Termatalia en 2020"},"content":{"rendered":"<div><strong><em>&gt;&gt; La secretaria de Turismo, Carolina Gaillard, entreg\u00f3 al director de la Feria el documento que recoge su inter\u00e9s por ser sede durante la celebraci\u00f3n del Foro Nacional de Turismo de Bienestar, Salud y Termalismo en el que Alejandro Rub\u00edn fue el \u00fanico ponente extranjero<\/em><\/strong><\/div>\n<div><\/div>\n<div><strong><em>&gt;&gt; Esta provincia argentina ha confirmado ya su participaci\u00f3n Termatalia Brasil 2018<\/em><\/strong><\/div>\n<div><\/div>\n<div>\n<div>La provincia argentina de Entre R\u00edos se ha postulado como candidata para convertirse en la sede de Termatalia para el a\u00f1o 2020. La secretaria de Turismo y Cultura del Gobierno Provincial de Entre R\u00edos, Carolina Gaillard, le hizo entrega al director de Termatalia, Alejandro Rub\u00edn, del documento que recoge la intenci\u00f3n de acoger la pr\u00f3xima edici\u00f3n que la feria en ese a\u00f1o. En 2018 se celebrar\u00e1 en Foz do Igua\u00e7u en Brasil y en 2019 se celebrar\u00e1 en Ourense, Espa\u00f1a.<\/div>\n<div><\/div>\n<div>El marco elegido para la presentaci\u00f3n de esta candidatura fue el Foro Nacional de Turismo de Bienestar, Salud y Termalismo, celebrado el pasado 7 de junio en Concordia y organizado por el Gobierno Provincial de Entre R\u00edos con la colaboraci\u00f3n de FEHGRA, la Federaci\u00f3n de Empresarios Hoteleros y Gastron\u00f3micos de la Rep\u00fablica Argentina. Este foro reuni\u00f3 a expertos en turismo de salud de todo el pa\u00eds y cont\u00f3 con la participaci\u00f3n activa del director de Termatalia como el \u00fanico ponente internacional invitado.<\/div>\n<div><\/div>\n<div>Durante su participaci\u00f3n en este importante Foro, Alejandro Rub\u00edn imparti\u00f3 una ponencia sobre \u201cProgramas de Termalismo Terap\u00e9utico y Social. Experiencias en Europa\u201d y present\u00f3 la pr\u00f3xima edici\u00f3n de la feria que se celebrar\u00e1 en Foz do Igua\u00e7u en Brasil entre el 12 y el 14 de septiembre de 2018 y en la que el Gobierno de Entre R\u00edos participar\u00e1 de nuevo como expositor aprovechando adem\u00e1s para defender su candidatura como sede de la feria internacional.<\/div>\n<div><\/div>\n<div>La provincia de Entre R\u00edos ha participado en Termatalia en numerosas ediciones, tambi\u00e9n en las tres \u00faltimas, que es una de las condiciones requeridas para poder convertirse en sede de la feria en Am\u00e9rica Latina. Se trata de la provincia argentina que acumula mayor cantidad de aguas termales con quince centros termales que promueven el turismo de salud, el relax y el bienestar distrubuidos en trece localidades. El turismo termal es uno de los que m\u00e1s ha crecido en el mundo y en particular en Argentina. Dos millones de argentinos se desplazan por a\u00f1o para aprovechar los beneficios de las aguas termales.<\/div>\n<div><\/div>\n<div>Entre R\u00edos es la Capital Nacional del Termalismo, sus termas se distribuyen en Basavilbaso, Chajar\u00ed, Col\u00f3n, Concepci\u00f3n del Uruguay, Concordia, Federaci\u00f3n, Gualeguaych\u00fa, La Paz, Mar\u00eda Grande, San Jos\u00e9, Victoria, Villa Elisa y Villaguay, en las costas de los r\u00edos Paran\u00e1 y Uruguay. Son reconocidos en el pa\u00eds los complejos de Entre R\u00edos por su infraestructura, con centros que tienen piscinas con aguas termales cubiertas y aire libre, como as\u00ed tambi\u00e9n de agua dulce. Muchos incluyen parques acu\u00e1ticos, juegos para ni\u00f1os, sectores de parrillas y una variada oferta de hospedaje y gastronom\u00eda regional.<\/div>\n<\/div>\n","protected":false},"excerpt":{"rendered":"<p>&gt;&gt; La secretaria de Turismo, Carolina Gaillard, entreg\u00f3 al director de la Feria el documento que recoge su inter\u00e9s por ser sede durante la celebraci\u00f3n del Foro Nacional de Turismo de Bienestar, Salud y Termalismo en el que Alejandro Rub\u00edn fue el \u00fanico ponente extranjero &gt;&gt; Esta provincia argentina ha confirmado ya su participaci\u00f3n Termatalia [&hellip;]<\/p>\n","protected":false},"author":1,"featured_media":1741,"comment_status":"open","ping_status":"open","sticky":false,"template":"","format":"standard","meta":{"footnotes":""},"categories":[7,16,9,15,14,22,17],"tags":[],"class_list":["post-1740","post","type-post","status-publish","format-standard","has-post-thumbnail","hentry","category-argentina","category-medicina-termal","category-nea","category-turismo-de-bienestar","category-turismo-salud","category-turismo-sostenible","category-turismo-termal"],"_links":{"self":[{"href":"https:\/\/argentinatermal.com.ar\/index.php?rest_route=\/wp\/v2\/posts\/1740","targetHints":{"allow":["GET"]}}],"collection":[{"href":"https:\/\/argentinatermal.com.ar\/index.php?rest_route=\/wp\/v2\/posts"}],"about":[{"href":"https:\/\/argentinatermal.com.ar\/index.php?rest_route=\/wp\/v2\/types\/post"}],"author":[{"embeddable":true,"href":"https:\/\/argentinatermal.com.ar\/index.php?rest_route=\/wp\/v2\/users\/1"}],"replies":[{"embeddable":true,"href":"https:\/\/argentinatermal.com.ar\/index.php?rest_route=%2Fwp%2Fv2%2Fcomments&post=1740"}],"version-history":[{"count":1,"href":"https:\/\/argentinatermal.com.ar\/index.php?rest_route=\/wp\/v2\/posts\/1740\/revisions"}],"predecessor-version":[{"id":1742,"href":"https:\/\/argentinatermal.com.ar\/index.php?rest_route=\/wp\/v2\/posts\/1740\/revisions\/1742"}],"wp:featuredmedia":[{"embeddable":true,"href":"https:\/\/argentinatermal.com.ar\/index.php?rest_route=\/wp\/v2\/media\/1741"}],"wp:attachment":[{"href":"https:\/\/argentinatermal.com.ar\/index.php?rest_route=%2Fwp%2Fv2%2Fmedia&parent=1740"}],"wp:term":[{"taxonomy":"category","embeddable":true,"href":"https:\/\/argentinatermal.com.ar\/index.php?rest_route=%2Fwp%2Fv2%2Fcategories&post=1740"},{"taxonomy":"post_tag","embeddable":true,"href":"https:\/\/argentinatermal.com.ar\/index.php?rest_route=%2Fwp%2Fv2%2Ftags&post=1740"}],"curies":[{"name":"wp","href":"https:\/\/api.w.org\/{rel}","templated":true}]}}