{"id":1757,"date":"2018-06-20T22:08:28","date_gmt":"2018-06-21T01:08:28","guid":{"rendered":"http:\/\/argentinatermal.com.ar\/?p=1757"},"modified":"2018-06-20T22:08:28","modified_gmt":"2018-06-21T01:08:28","slug":"ecuador-confirma-su-participacion-en-termatalia-brasil-2018","status":"publish","type":"post","link":"https:\/\/argentinatermal.com.ar\/?p=1757","title":{"rendered":"Ecuador confirma su participaci\u00f3n en Termatalia Brasil 2018"},"content":{"rendered":"<div><em>&gt;&gt; El ministro de Turismo del pa\u00eds, Enrique Ponce de Le\u00f3n, particip\u00f3 de forma activa en la presentaci\u00f3n de la feria celebrada ayer en Quito y que convoc\u00f3 a numerosos empresarios del sector y medios de comunicaci\u00f3n especializados<\/em><\/div>\n<div><\/div>\n<div><em>&gt;&gt; Durante la edici\u00f3n de Brasil, Ecuador oficializar\u00e1 su candidatura a ser sede de Termatalia 2020<\/em><\/div>\n<div>\n<div><\/div>\n<div>Ecuador participar\u00e1 a nivel pa\u00eds para promocionarse destino de salud y bienestar en la pr\u00f3xima edici\u00f3n que tendr\u00e1 lugar del 12 al 14 de septiembre de 2018 en Foz do Iguaz\u00fa, Brasil. As\u00ed lo anunci\u00f3 ayer lunes 18 de junio el ministro de Turismo, Enrique Ponce de Le\u00f3n, durante la presentaci\u00f3n de la feria celebrada en la sede de Ministerio en Quito. \u201cEn el pa\u00eds tenemos 105 concesiones termales. Vamos a ir a la feria como pa\u00eds, para ofertar nuestra gastronom\u00eda y rutas\u201d, se\u00f1al\u00f3. La principal novedad de esta participaci\u00f3n de Ecuador en Brasil es que aprovechar\u00e1n la presencia en la feria para postularse de manera oficial como candidato a acoger Termatalia 2020.<\/div>\n<div><\/div>\n<div>En esta presentaci\u00f3n a la que acudieron numerosos empresarios del sector y medios de comunicaci\u00f3n especializados, el director de Termatalia, Alejandro Rub\u00edn estuvo arropado, adem\u00e1s de por el ministro, por el embajador de Espa\u00f1a en Ecuador, Carlos Abella; por el embajador de Brasil en Ecuador, Carlos Lazary, y por el delegado de Termatalia en el pa\u00eds, Guido Calder\u00f3n, quien indic\u00f3 que \u201cel termalismo sobrepasa al tema tur\u00edstico\u201d poniendo de ejemplo al programa espa\u00f1ol Imserso, creado en 1989, para las personas que padecen alguna dolencia f\u00edsica, como un tratamiento alternativo al uso de qu\u00edmicos desinflamantes. \u201cEl termalismo como una pol\u00edtica de salud p\u00fablica, ha logrado una reducci\u00f3n de hasta un 35% en el consumo de medicamentos\u201d, explic\u00f3.<\/div>\n<div><\/div>\n<div>Por su parte, el director de Termatalia, Alejandro Rub\u00edn, indic\u00f3 que \u201cEcuador tiene enormes potencialidades para desarrollar este segmento tur\u00edstico\u201d. A\u00f1adi\u00f3 que esta actividad crecer\u00e1 el doble que el turismo convencional. Propuso que el pa\u00eds desarrolle carreras universitarias entorno al termalismo, como lo hacen en Espa\u00f1a. \u201cEn Galicia tenemos el campus del agua, para que se realicen investigaciones sobre los beneficios del uso del agua termal. Tenemos, adem\u00e1s, un posgrado en termalismo en la Universidad de Vigo. En la facultad de Medicina de la Universidad de Santiago de Compostela se dicta la c\u00e1tedra de Hidrolog\u00eda M\u00e9dica. En Ecuador, el recurso lo tienen, lo que deben hacer es acompa\u00f1arlo desde la Academia con sus investigaciones, ya que la investigaci\u00f3n es b\u00e1sica como eje de desarrollo en este modelo de negocio\u201d.<\/div>\n<div><\/div>\n<div>Ecuador participar\u00e1 como pa\u00eds para dar cobertura tambi\u00e9n a aquellos destinos termales que ya han participado en otras ediciones como es el caso de Cuenca, Ba\u00f1os de Agua Santa o Chachimbiro o la C\u00e1mara de Turismo de Pichincha (CAPTUR). Estos destinos apoyaron ayer la presentaci\u00f3n de la feria en Quito con la presencia de sus representantes institucionales o empresariales.<\/div>\n<div>Fuente: www.termatalia.com.ar<\/div>\n<\/div>\n","protected":false},"excerpt":{"rendered":"<p>&gt;&gt; El ministro de Turismo del pa\u00eds, Enrique Ponce de Le\u00f3n, particip\u00f3 de forma activa en la presentaci\u00f3n de la feria celebrada ayer en Quito y que convoc\u00f3 a numerosos empresarios del sector y medios de comunicaci\u00f3n especializados &gt;&gt; Durante la edici\u00f3n de Brasil, Ecuador oficializar\u00e1 su candidatura a ser sede de Termatalia 2020 Ecuador [&hellip;]<\/p>\n","protected":false},"author":1,"featured_media":1758,"comment_status":"open","ping_status":"open","sticky":false,"template":"","format":"standard","meta":{"footnotes":""},"categories":[12],"tags":[],"class_list":["post-1757","post","type-post","status-publish","format-standard","has-post-thumbnail","hentry","category-internacionales"],"_links":{"self":[{"href":"https:\/\/argentinatermal.com.ar\/index.php?rest_route=\/wp\/v2\/posts\/1757","targetHints":{"allow":["GET"]}}],"collection":[{"href":"https:\/\/argentinatermal.com.ar\/index.php?rest_route=\/wp\/v2\/posts"}],"about":[{"href":"https:\/\/argentinatermal.com.ar\/index.php?rest_route=\/wp\/v2\/types\/post"}],"author":[{"embeddable":true,"href":"https:\/\/argentinatermal.com.ar\/index.php?rest_route=\/wp\/v2\/users\/1"}],"replies":[{"embeddable":true,"href":"https:\/\/argentinatermal.com.ar\/index.php?rest_route=%2Fwp%2Fv2%2Fcomments&post=1757"}],"version-history":[{"count":1,"href":"https:\/\/argentinatermal.com.ar\/index.php?rest_route=\/wp\/v2\/posts\/1757\/revisions"}],"predecessor-version":[{"id":1759,"href":"https:\/\/argentinatermal.com.ar\/index.php?rest_route=\/wp\/v2\/posts\/1757\/revisions\/1759"}],"wp:featuredmedia":[{"embeddable":true,"href":"https:\/\/argentinatermal.com.ar\/index.php?rest_route=\/wp\/v2\/media\/1758"}],"wp:attachment":[{"href":"https:\/\/argentinatermal.com.ar\/index.php?rest_route=%2Fwp%2Fv2%2Fmedia&parent=1757"}],"wp:term":[{"taxonomy":"category","embeddable":true,"href":"https:\/\/argentinatermal.com.ar\/index.php?rest_route=%2Fwp%2Fv2%2Fcategories&post=1757"},{"taxonomy":"post_tag","embeddable":true,"href":"https:\/\/argentinatermal.com.ar\/index.php?rest_route=%2Fwp%2Fv2%2Ftags&post=1757"}],"curies":[{"name":"wp","href":"https:\/\/api.w.org\/{rel}","templated":true}]}}