{"id":1773,"date":"2018-06-25T11:23:08","date_gmt":"2018-06-25T14:23:08","guid":{"rendered":"http:\/\/argentinatermal.com.ar\/?p=1773"},"modified":"2018-06-25T11:23:40","modified_gmt":"2018-06-25T14:23:40","slug":"el-festival-internacional-de-cataratas-de-iguacu-distingue-a-termatalia","status":"publish","type":"post","link":"https:\/\/argentinatermal.com.ar\/?p=1773","title":{"rendered":"El Festival Internacional de Cataratas de Igua\u00e7u distingue a Termatalia"},"content":{"rendered":"<div><strong><em>&gt;&gt; El director de la Feria Internacional de Turismo Termal, Alejandro Rub\u00edn, recibi\u00f3 durante el acto inaugural el premio de manos del presidente del Consejo Municipal de Turismo de Foz do Igua\u00e7u, Felipe Gonz\u00e1lez<\/em><\/strong><\/div>\n<div><\/div>\n<div><strong><em>&gt;&gt; Rub\u00edn fue distinguido junto al ministro de Turismo, Vinicius Lummerrtz; el director general brasile\u00f1o de la Itaipu Binacional, Marcos Stamm; la gobernadora de Paran\u00e1, Cida Borghetti, y el presidente de Infraero, Ant\u00f4nio Claret<\/em><\/strong><\/div>\n<div>\n<div>El Festival Internacional das Cataratas de Foz de Igua\u00e7u, uno de los eventos tur\u00edsticos m\u00e1s importantes del a\u00f1o en Brasil, distingui\u00f3 al director de Termatalia, Alejandro Rub\u00edn, haci\u00e9ndole entrega del trofeo \u201cAmigo del Festival\u201d, un reconocimiento que la organizaci\u00f3n concede para poner el valor el trabajo realizado para promover el turismo en general y el turismo en Igua\u00e7u de forma particular. Esta distinci\u00f3n fue entregada durante el acto inaugural del 13\u00ba Festival Internacional celebrado entre el 20 y el 22 de junio. Esta inauguraci\u00f3n fue seguida por m\u00e1s de 1.200 asistentes.<\/div>\n<div><\/div>\n<div>El presidente del Consejo Municipal de Turismo de Foz do Igua\u00e7u, Felipe Gonz\u00e1lez, fue el encargado de entregar al director de Termatalia el \u201cTrofeo Amigo del festival\u201d que tambi\u00e9n recibieron personalidades como el ministro de Turismo, Vinicius Lummerrtz; el director general brasile\u00f1o de la Itaipu Binacional, Marcos Stamm; la gobernadora de Paran\u00e1, Cida Borghetti, y el presidente de Infraero, Ant\u00f4nio Claret.<\/div>\n<div><\/div>\n<div>El Festival reconoce as\u00ed la promoci\u00f3n de Igua\u00e7u como destino tur\u00edstico que est\u00e1 realizando Termatalia por todo el Mundo, ya que es precisamente Foz do Igua\u00e7u la sede elegida para la celebraci\u00f3n de la pr\u00f3xima edici\u00f3n de la Feria Internacional de Turismo Termal, Salud y Bienestar que tendr\u00e1 lugar en el Centro de Convenciones Maestra del Hotel Recanto Cataratas entre el 12 y el 14 de septiembre de 2018.<\/div>\n<div><\/div>\n<div>Durante su participaci\u00f3n en el 13\u00ba Festival Internacional das Cataratas, el director de Termatalia mantuvo distintos encuentros con autoridades como el alcalde de Foz de Igua\u00e7u, Chico Brasileiro, o el director general brasile\u00f1o de la Itaipu Binacional, Marcos Stamm.<\/div>\n<div><\/div>\n<div>El Festival das Cataratas cerr\u00f3 su 13\u00aa edici\u00f3n con resultados muy positivos y habiendo recibido a 8.430 visitantes de 10 pa\u00edses.<\/div>\n<\/div>\n","protected":false},"excerpt":{"rendered":"<p>&gt;&gt; El director de la Feria Internacional de Turismo Termal, Alejandro Rub\u00edn, recibi\u00f3 durante el acto inaugural el premio de manos del presidente del Consejo Municipal de Turismo de Foz do Igua\u00e7u, Felipe Gonz\u00e1lez &gt;&gt; Rub\u00edn fue distinguido junto al ministro de Turismo, Vinicius Lummerrtz; el director general brasile\u00f1o de la Itaipu Binacional, Marcos Stamm; [&hellip;]<\/p>\n","protected":false},"author":1,"featured_media":1774,"comment_status":"open","ping_status":"open","sticky":false,"template":"","format":"standard","meta":{"footnotes":""},"categories":[12,15,14,22,17],"tags":[],"class_list":["post-1773","post","type-post","status-publish","format-standard","has-post-thumbnail","hentry","category-internacionales","category-turismo-de-bienestar","category-turismo-salud","category-turismo-sostenible","category-turismo-termal"],"_links":{"self":[{"href":"https:\/\/argentinatermal.com.ar\/index.php?rest_route=\/wp\/v2\/posts\/1773","targetHints":{"allow":["GET"]}}],"collection":[{"href":"https:\/\/argentinatermal.com.ar\/index.php?rest_route=\/wp\/v2\/posts"}],"about":[{"href":"https:\/\/argentinatermal.com.ar\/index.php?rest_route=\/wp\/v2\/types\/post"}],"author":[{"embeddable":true,"href":"https:\/\/argentinatermal.com.ar\/index.php?rest_route=\/wp\/v2\/users\/1"}],"replies":[{"embeddable":true,"href":"https:\/\/argentinatermal.com.ar\/index.php?rest_route=%2Fwp%2Fv2%2Fcomments&post=1773"}],"version-history":[{"count":1,"href":"https:\/\/argentinatermal.com.ar\/index.php?rest_route=\/wp\/v2\/posts\/1773\/revisions"}],"predecessor-version":[{"id":1775,"href":"https:\/\/argentinatermal.com.ar\/index.php?rest_route=\/wp\/v2\/posts\/1773\/revisions\/1775"}],"wp:featuredmedia":[{"embeddable":true,"href":"https:\/\/argentinatermal.com.ar\/index.php?rest_route=\/wp\/v2\/media\/1774"}],"wp:attachment":[{"href":"https:\/\/argentinatermal.com.ar\/index.php?rest_route=%2Fwp%2Fv2%2Fmedia&parent=1773"}],"wp:term":[{"taxonomy":"category","embeddable":true,"href":"https:\/\/argentinatermal.com.ar\/index.php?rest_route=%2Fwp%2Fv2%2Fcategories&post=1773"},{"taxonomy":"post_tag","embeddable":true,"href":"https:\/\/argentinatermal.com.ar\/index.php?rest_route=%2Fwp%2Fv2%2Ftags&post=1773"}],"curies":[{"name":"wp","href":"https:\/\/api.w.org\/{rel}","templated":true}]}}