{"id":17831,"date":"2025-12-11T08:06:16","date_gmt":"2025-12-11T11:06:16","guid":{"rendered":"https:\/\/argentinatermal.com.ar\/?p=17831"},"modified":"2025-12-11T08:06:16","modified_gmt":"2025-12-11T11:06:16","slug":"colonia-carlos-pellegrini-celebro-su-102-aniversario-y-recibio-oficialmente-la-distincion-best-tourism-villages","status":"publish","type":"post","link":"https:\/\/argentinatermal.com.ar\/?p=17831","title":{"rendered":"Colonia Carlos Pellegrini celebr\u00f3 su 102\u00b0 aniversario y recibi\u00f3 oficialmente la distinci\u00f3n Best Tourism Villages"},"content":{"rendered":"\n<p class=\"has-white-color has-text-color has-background has-link-color wp-elements-ea160f315d98d3028954721ae2b5834c\" style=\"background-color:#02446a\"><strong><em>Reconocimiento de la ONU Turismo que la consagra como uno de los mejores pueblos tur\u00edsticos del mundo.<\/em><\/strong><\/p>\n\n\n\n<p>La\u00a0<strong>Secretar\u00eda de Turismo y Ambiente de la Naci\u00f3n<\/strong>\u00a0particip\u00f3 de las actividades realizadas en\u00a0<strong>Colonia Carlos Pellegrini<\/strong>, emblema de la provincia de Corrientes, que celebr\u00f3 su 102\u00b0 aniversario con un festejo doble: la conmemoraci\u00f3n de su fundaci\u00f3n y la recepci\u00f3n oficial de la distinci\u00f3n\u00a0<a href=\"https:\/\/www.argentina.gob.ar\/interior\/turismo\/best-tourism-villages-argentina\">Best Tourism Villages<\/a>, otorgada por la ONU Turismo.<\/p>\n\n\n\n<p>La comunidad ubicada en uno de los principales portales de acceso a los&nbsp;<strong>Esteros del Iber\u00e1<\/strong>&nbsp;celebr\u00f3 no s\u00f3lo un nuevo aniversario, sino tambi\u00e9n el hist\u00f3rico reconocimiento internacional obtenido en China, donde&nbsp;<strong>Carlos Pellegrini<\/strong>&nbsp;fue seleccionada \u2014junto a otras 51 localidades del mundo\u2014 como uno de los mejores pueblos tur\u00edsticos. Ese orgullo colectivo atraves\u00f3 toda la jornada y se hizo presente en cada mensaje de las autoridades durante las celebraciones.<\/p>\n\n\n\n<p>Entre los funcionarios presentes estuvieron el intendente Colonia Carlos Pellegrini,&nbsp;<strong>Juan de la Cruz Fraga<\/strong>; la ministra de Turismo de Corrientes,&nbsp;<strong>Alejandra Eliciri<\/strong>; la intendenta del Parque Nacional Iber\u00e1,&nbsp;<strong>Gimena Mart\u00ednez<\/strong>; y autoridades provinciales y locales. En este marco, el Ministerio de Turismo de Corrientes y la Secretar\u00eda de Turismo y Ambiente de la Naci\u00f3n hicieron&nbsp;<strong>entrega formal de la distinci\u00f3n<\/strong>&nbsp;al intendente municipal.<\/p>\n\n\n\n<figure class=\"wp-block-image\"><img decoding=\"async\" src=\"https:\/\/www.argentina.gob.ar\/sites\/default\/files\/whatsapp_image_2025-12-01_at_13.43.56.jpeg\" alt=\"\"\/><\/figure>\n\n\n\n<p>Adem\u00e1s, se dedic\u00f3 un emotivo reconocimiento a&nbsp;<strong>Vicente \u201cPico\u201d Fraga<\/strong>, uno de los pioneros del proceso que llev\u00f3 a la&nbsp;<em>creaci\u00f3n de la Reserva Provincial Iber\u00e1 en 1983<\/em>. La jornada continu\u00f3 con un desfile de las escuelas locales, agrupaciones gauchas y representantes del Parque Nacional y Provincial Iber\u00e1, que aportaron tradici\u00f3n a la celebraci\u00f3n.<\/p>\n\n\n\n<p>Carlos Pellegrini, con 1.120 habitantes, es hoy un&nbsp;<strong>orgullo para el turismo nacional por su consolidaci\u00f3n como uno de los destinos de naturaleza m\u00e1s destacados del pa\u00eds<\/strong>. Con relaci\u00f3n al impacto de la distinci\u00f3n, la directora de Turismo local se\u00f1al\u00f3 que \u201c<em>durante el primer mes desde la entrega del reconocimiento de ONU Turismo, se recibieron 2.300 visitantes de los cuales, el 35% mencion\u00f3 haber elegido el destino por su reciente selecci\u00f3n internacional<\/em>\u201d. El dato confirma la relevancia directa del premio en la actividad tur\u00edstica local.<\/p>\n\n\n\n<p>Las celebraciones concluyeron en el polideportivo municipal con la actuaci\u00f3n de diversos grupos de&nbsp;<strong>chamam\u00e9<\/strong>, (tradicional m\u00fasica y danza del Litoral argentino que fue declarada&nbsp;<strong>Patrimonio Mundial<\/strong>&nbsp;por la&nbsp;<strong>UNESCO<\/strong>), poniendo el broche de oro a una jornada cargada de emoci\u00f3n, identidad y orgullo para toda la comunidad.<\/p><p><\/p>\n","protected":false},"excerpt":{"rendered":"<p>Reconocimiento de la ONU Turismo que la consagra como uno de los mejores pueblos tur\u00edsticos del mundo. La\u00a0Secretar\u00eda de Turismo y Ambiente de la Naci\u00f3n\u00a0particip\u00f3 de las actividades realizadas en\u00a0Colonia Carlos Pellegrini, emblema de la provincia de Corrientes, que celebr\u00f3 su 102\u00b0 aniversario con un festejo doble: la conmemoraci\u00f3n de su fundaci\u00f3n y la recepci\u00f3n [&hellip;]<\/p>\n","protected":false},"author":1,"featured_media":17834,"comment_status":"open","ping_status":"open","sticky":false,"template":"","format":"standard","meta":{"footnotes":""},"categories":[28],"tags":[],"class_list":["post-17831","post","type-post","status-publish","format-standard","has-post-thumbnail","hentry","category-portales-de-servicios-e-informacion"],"_links":{"self":[{"href":"https:\/\/argentinatermal.com.ar\/index.php?rest_route=\/wp\/v2\/posts\/17831","targetHints":{"allow":["GET"]}}],"collection":[{"href":"https:\/\/argentinatermal.com.ar\/index.php?rest_route=\/wp\/v2\/posts"}],"about":[{"href":"https:\/\/argentinatermal.com.ar\/index.php?rest_route=\/wp\/v2\/types\/post"}],"author":[{"embeddable":true,"href":"https:\/\/argentinatermal.com.ar\/index.php?rest_route=\/wp\/v2\/users\/1"}],"replies":[{"embeddable":true,"href":"https:\/\/argentinatermal.com.ar\/index.php?rest_route=%2Fwp%2Fv2%2Fcomments&post=17831"}],"version-history":[{"count":1,"href":"https:\/\/argentinatermal.com.ar\/index.php?rest_route=\/wp\/v2\/posts\/17831\/revisions"}],"predecessor-version":[{"id":17835,"href":"https:\/\/argentinatermal.com.ar\/index.php?rest_route=\/wp\/v2\/posts\/17831\/revisions\/17835"}],"wp:featuredmedia":[{"embeddable":true,"href":"https:\/\/argentinatermal.com.ar\/index.php?rest_route=\/wp\/v2\/media\/17834"}],"wp:attachment":[{"href":"https:\/\/argentinatermal.com.ar\/index.php?rest_route=%2Fwp%2Fv2%2Fmedia&parent=17831"}],"wp:term":[{"taxonomy":"category","embeddable":true,"href":"https:\/\/argentinatermal.com.ar\/index.php?rest_route=%2Fwp%2Fv2%2Fcategories&post=17831"},{"taxonomy":"post_tag","embeddable":true,"href":"https:\/\/argentinatermal.com.ar\/index.php?rest_route=%2Fwp%2Fv2%2Ftags&post=17831"}],"curies":[{"name":"wp","href":"https:\/\/api.w.org\/{rel}","templated":true}]}}