{"id":1812,"date":"2018-07-05T19:35:35","date_gmt":"2018-07-05T22:35:35","guid":{"rendered":"http:\/\/argentinatermal.com.ar\/?p=1812"},"modified":"2018-07-05T19:35:35","modified_gmt":"2018-07-05T22:35:35","slug":"el-presidente-de-nestle-asegura-que-el-agua-no-es-un-derecho-tiene-que-ser-privatizada","status":"publish","type":"post","link":"https:\/\/argentinatermal.com.ar\/?p=1812","title":{"rendered":"El presidente de Nestl\u00e9 asegura que el agua no es un derecho, tiene que ser privatizada"},"content":{"rendered":"<p><strong><em>Peter Brabeck-Letmathe, un empresario austr\u00edaco que desde 2005 se desempe\u00f1a como presidente del grupo Nestl\u00e9, cree que el suministro de agua debe privatizarse para que, como sociedad, tomemos conciencia de su importancia y terminemos con la subvaloraci\u00f3n que se produce hoy.<\/em><\/strong><\/p>\n<p><span style=\"font-size: 8pt\"><strong><em>Peter Brabeck-Letmathe, un empresario austr\u00edaco que desde 2005 se desempe\u00f1a como presidente del grupo Nestl\u00e9, cree que el suministro de agua debe privatizarse para que, como sociedad, tomemos conciencia de su importancia y terminemos con la subvaloraci\u00f3n que se produce hoy.<\/em><\/strong><\/span><\/p>\n<h2><strong>PERO BRABECK<\/strong><\/h2>\n<p>Ha enfrentado a estas y otras cr\u00edticas para enfatizar que el hecho de que muchas personas tienen la percepci\u00f3n de que el agua es gratuita significa que con demasiada frecuencia no le dan el valor que tiene y lo desperdician. Por lo tanto, argumentan que los gobiernos deben garantizar que cada persona tenga 5 litros de agua al d\u00eda para beber y otros 25 litros para la higiene personal, pero que el resto del consumo deber\u00eda manejarse de acuerdo con los criterios comerciales.<\/p>\n<p>A pesar del rechazo que sus postulados provocan, durante mucho tiempo han estado defendi\u00e9ndolos sin miramientos, con entrevistas como esta que aparece en el siguiente video en el que califica de extremistas a las ONG que sostienen que el agua debe ser un derecho fundamental.<\/p>\n<h2><strong>EN OPINI\u00d3N DE\u00a0BRABECK:<\/strong><\/h2>\n<p><a href=\"http:\/\/argentinatermal.com.ar\/wp-content\/uploads\/2018\/07\/El_presidente_de_Nestl\u00e9_cree_que_el_agua_no_es_un_derecho_que_ser_privatizada_..-1.png\"><img decoding=\"async\" class=\"alignnone size-medium wp-image-1813\" src=\"http:\/\/argentinatermal.com.ar\/wp-content\/uploads\/2018\/07\/El_presidente_de_Nestl\u00e9_cree_que_el_agua_no_es_un_derecho_que_ser_privatizada_..-1-300x151.png\" alt=\"\" width=\"300\" height=\"151\" srcset=\"https:\/\/argentinatermal.com.ar\/wp-content\/uploads\/2018\/07\/El_presidente_de_Nestl\u00e9_cree_que_el_agua_no_es_un_derecho_que_ser_privatizada_..-1-300x151.png 300w, https:\/\/argentinatermal.com.ar\/wp-content\/uploads\/2018\/07\/El_presidente_de_Nestl\u00e9_cree_que_el_agua_no_es_un_derecho_que_ser_privatizada_..-1.png 502w\" sizes=\"(max-width: 300px) 100vw, 300px\" \/><\/a><\/p>\n<p><em>El agua deber\u00eda tratarse como cualquier otro alimento bueno y tener un valor de mercado que ser\u00eda establecido por la ley de la oferta y la demanda (!!!). Solo de esta manera, dice, tomar\u00edamos medidas para limitar el consumo excesivo que ocurre en este momento. Toda un alma caritativa el se\u00f1or Peter Brabeck-Letmathe.<\/em><\/p>\n<p>El Sr. Brabeck preside el Grupo de Recursos H\u00eddricos 2030, una iniciativa conjunta entre empresas, organizaciones gubernamentales y la sociedad civil, cuyo objetivo fundamental es el de encontrar soluciones pr\u00e1cticas para hacer frente a la escasez de agua.<br \/>\nVia: abadiadigital.com<\/p>\n<p>&nbsp;<\/p>\n","protected":false},"excerpt":{"rendered":"<p>Peter Brabeck-Letmathe, un empresario austr\u00edaco que desde 2005 se desempe\u00f1a como presidente del grupo Nestl\u00e9, cree que el suministro de agua debe privatizarse para que, como sociedad, tomemos conciencia de su importancia y terminemos con la subvaloraci\u00f3n que se produce hoy. Peter Brabeck-Letmathe, un empresario austr\u00edaco que desde 2005 se desempe\u00f1a como presidente del grupo [&hellip;]<\/p>\n","protected":false},"author":1,"featured_media":1814,"comment_status":"open","ping_status":"open","sticky":false,"template":"","format":"standard","meta":{"footnotes":""},"categories":[27,30],"tags":[],"class_list":["post-1812","post","type-post","status-publish","format-standard","has-post-thumbnail","hentry","category-enlaces-y-revistas","category-temas-relacionados"],"_links":{"self":[{"href":"https:\/\/argentinatermal.com.ar\/index.php?rest_route=\/wp\/v2\/posts\/1812","targetHints":{"allow":["GET"]}}],"collection":[{"href":"https:\/\/argentinatermal.com.ar\/index.php?rest_route=\/wp\/v2\/posts"}],"about":[{"href":"https:\/\/argentinatermal.com.ar\/index.php?rest_route=\/wp\/v2\/types\/post"}],"author":[{"embeddable":true,"href":"https:\/\/argentinatermal.com.ar\/index.php?rest_route=\/wp\/v2\/users\/1"}],"replies":[{"embeddable":true,"href":"https:\/\/argentinatermal.com.ar\/index.php?rest_route=%2Fwp%2Fv2%2Fcomments&post=1812"}],"version-history":[{"count":1,"href":"https:\/\/argentinatermal.com.ar\/index.php?rest_route=\/wp\/v2\/posts\/1812\/revisions"}],"predecessor-version":[{"id":1815,"href":"https:\/\/argentinatermal.com.ar\/index.php?rest_route=\/wp\/v2\/posts\/1812\/revisions\/1815"}],"wp:featuredmedia":[{"embeddable":true,"href":"https:\/\/argentinatermal.com.ar\/index.php?rest_route=\/wp\/v2\/media\/1814"}],"wp:attachment":[{"href":"https:\/\/argentinatermal.com.ar\/index.php?rest_route=%2Fwp%2Fv2%2Fmedia&parent=1812"}],"wp:term":[{"taxonomy":"category","embeddable":true,"href":"https:\/\/argentinatermal.com.ar\/index.php?rest_route=%2Fwp%2Fv2%2Fcategories&post=1812"},{"taxonomy":"post_tag","embeddable":true,"href":"https:\/\/argentinatermal.com.ar\/index.php?rest_route=%2Fwp%2Fv2%2Ftags&post=1812"}],"curies":[{"name":"wp","href":"https:\/\/api.w.org\/{rel}","templated":true}]}}